{"id":29197,"date":"2020-06-24T00:44:00","date_gmt":"2020-06-24T00:44:00","guid":{"rendered":"https:\/\/jorgezanoni.com.br\/2019\/?p=29197"},"modified":"2020-06-24T00:44:00","modified_gmt":"2020-06-24T00:44:00","slug":"incendio-de-grandes-proporcoes-atinge-o-ceasa-de-bauru","status":"publish","type":"post","link":"https:\/\/jorgezanoni.com.br\/2019\/incendio-de-grandes-proporcoes-atinge-o-ceasa-de-bauru\/","title":{"rendered":"Inc\u00eandio de grandes propor\u00e7\u00f5es atinge o Ceasa de Bauru"},"content":{"rendered":"<h2 class=\"content-head__subtitle\" style=\"text-align: justify;\"><strong>Fogo atingiu um dos galp\u00f5es do entreposto e fuma\u00e7a negra p\u00f4de ser vista a quil\u00f4metros de dist\u00e2ncia. Corpo de Bombeiros controlaram as chamas por volta das 15h15 e n\u00e3o houve v\u00edtimas.<\/strong><\/h2>\n<div class=\"mc-column content-text active-extra-styles \" data-block-type=\"unstyled\" data-block-weight=\"46\" data-block-id=\"2\">\n<p class=\"content-text__container \" style=\"text-align: justify;\" data-track-category=\"Link no Texto\" data-track-links=\"\">Um inc\u00eandio de grandes propor\u00e7\u00f5es atingiu no in\u00edcio da tarde desta ter\u00e7a-feira (23) um dos galp\u00f5es do Ceasa de Bauru (SP), na regi\u00e3o do N\u00facleo Geisel, na zona leste da cidade. Segundo os bombeiros, n\u00e3o h\u00e1 v\u00edtimas. O fogo foi controlado por volta das 15h.<\/p>\n<\/div>\n<div class=\"wall protected-content\">\n<div class=\"mc-column content-text active-extra-styles \" data-block-type=\"unstyled\" data-block-weight=\"23\" data-block-id=\"3\">\n<p class=\"content-text__container \" style=\"text-align: justify;\" data-track-category=\"Link no Texto\" data-track-links=\"\">Durante o inc\u00eandio, uma densa fuma\u00e7a negra p\u00f4de ser vista a quil\u00f4metros de dist\u00e2ncia e foi registrada por moradores.<\/p>\n<p style=\"text-align: justify;\" data-track-category=\"Link no Texto\" data-track-links=\"\">De acordo com informa\u00e7\u00f5es iniciais do Corpo de Bombeiros, o inc\u00eandio come\u00e7ou por volta das 13h em uma c\u00e2mara fria do galp\u00e3o 3 do entreposto. Esse galp\u00e3o abriga 30 boxes onde eram comercializados v\u00e1rios tipos de frutas, verduras e legumes.<\/p>\n<div class=\"mc-column content-text active-extra-styles \" style=\"text-align: justify;\" data-block-type=\"unstyled\" data-block-weight=\"38\" data-block-id=\"7\">\n<p class=\"content-text__container \" data-track-category=\"Link no Texto\" data-track-links=\"\">V\u00e1rias unidades do Corpo de Bombeiros, com cerca de 30 homens, foram deslocadas para o entreposto de distribui\u00e7\u00e3o de hortifr\u00fatis, que fica bem pr\u00f3ximo de um grande supermercado que faz vendas no atacado e tamb\u00e9m do Hospital Estadual.<\/p>\n<\/div>\n<div class=\"row medium-uncollapsed content-media content-photo\" style=\"text-align: justify;\" data-block-type=\"backstage-photo\" data-block-id=\"8\">\n<div class=\"column medium-22 large-20 medium-centered content-media__container\">\n<figure><img decoding=\"async\" class=\"i-amphtml-fill-content i-amphtml-replaced-content\" src=\"https:\/\/s2.glbimg.com\/K_J56EQMpb42QNQ9z9HozmVC3Bg=\/0x0:2305x1300\/1008x0\/smart\/filters:strip_icc()\/i.s3.glbimg.com\/v1\/AUTH_59edd422c0c84a879bd37670ae4f538a\/internal_photos\/bs\/2020\/B\/I\/VbhGSNTSuLqZGOvIPvhA\/fogo-ceasa5.jpg\" srcset=\"\" alt=\"Inc\u00eandio atingiu um dos galp\u00f5es que abrigavam boxes de vendas de hortifr\u00fatis do Ceasa de Bauru; no alto, o Hospital Estadual \u2014 Foto: C\u00e9sar Culiche\/TV TEM\" \/><\/figure>\n<p class=\"content-media__description \">Inc\u00eandio atingiu um dos galp\u00f5es que abrigavam boxes de vendas de hortifr\u00fatis do Ceasa de Bauru; no alto, o Hospital Estadual \u2014 Foto: C\u00e9sar Culiche\/TV TEM<\/p>\n<\/div>\n<\/div>\n<div class=\"mc-column content-text active-extra-styles \" style=\"text-align: justify;\" data-block-type=\"unstyled\" data-block-weight=\"31\" data-block-id=\"9\">\n<p class=\"content-text__container \" data-track-category=\"Link no Texto\" data-track-links=\"\">Depois de cerca de duas horas de trabalho, os bombeiros informaram que o inc\u00eandio estava sob controle e as equipes come\u00e7aram a entrar no galp\u00e3o atingido para fazer o rescaldo.<\/p>\n<\/div>\n<div class=\"mc-column content-text active-extra-styles \" style=\"text-align: justify;\" data-block-type=\"unstyled\" data-block-weight=\"25\" data-block-id=\"10\">\n<p class=\"content-text__container \" data-track-category=\"Link no Texto\" data-track-links=\"\">A Pol\u00edcia Militar foi acionada para ajudar no isolamento da \u00e1rea, que recebeu uma grande quantidade de pessoas que tentavam acompanhar o trabalho dos bombeiros.<\/p>\n<\/div>\n<div class=\"row medium-uncollapsed content-media content-photo\" style=\"text-align: justify;\" data-block-type=\"backstage-photo\" data-block-id=\"11\">\n<div class=\"mc-column content-media__container\">\n<figure><img decoding=\"async\" class=\"i-amphtml-fill-content i-amphtml-replaced-content\" src=\"https:\/\/s2.glbimg.com\/pX-0ah2bcYPaAUA6dcsQ8kSHxyU=\/0x0:1100x1493\/984x0\/smart\/filters:strip_icc()\/i.s3.glbimg.com\/v1\/AUTH_59edd422c0c84a879bd37670ae4f538a\/internal_photos\/bs\/2020\/H\/V\/NUEAshSlGQ9rKxHa8xjA\/fogo-ceasa3.jpg\" sizes=\"(max-width: 1242px) 648px, 100vw\" srcset=\"https:\/\/s2.glbimg.com\/i32Td61aac81DiT1u7d0D8vlDj8=\/0x0:1100x1493\/1000x0\/smart\/filters:strip_icc()\/i.s3.glbimg.com\/v1\/AUTH_59edd422c0c84a879bd37670ae4f538a\/internal_photos\/bs\/2020\/H\/V\/NUEAshSlGQ9rKxHa8xjA\/fogo-ceasa3.jpg 1000w, https:\/\/s2.glbimg.com\/pX-0ah2bcYPaAUA6dcsQ8kSHxyU=\/0x0:1100x1493\/984x0\/smart\/filters:strip_icc()\/i.s3.glbimg.com\/v1\/AUTH_59edd422c0c84a879bd37670ae4f538a\/internal_photos\/bs\/2020\/H\/V\/NUEAshSlGQ9rKxHa8xjA\/fogo-ceasa3.jpg 984w, https:\/\/s2.glbimg.com\/6IAcXUoKUxXo9qrYZ7MH2K-8xyQ=\/0x0:1100x1493\/640x0\/smart\/filters:strip_icc()\/i.s3.glbimg.com\/v1\/AUTH_59edd422c0c84a879bd37670ae4f538a\/internal_photos\/bs\/2020\/H\/V\/NUEAshSlGQ9rKxHa8xjA\/fogo-ceasa3.jpg 640w, https:\/\/s2.glbimg.com\/x_PzE5AD_pXYepRHWQrNwa8y_58=\/0x0:1100x1493\/600x0\/smart\/filters:strip_icc()\/i.s3.glbimg.com\/v1\/AUTH_59edd422c0c84a879bd37670ae4f538a\/internal_photos\/bs\/2020\/H\/V\/NUEAshSlGQ9rKxHa8xjA\/fogo-ceasa3.jpg 600w\" alt=\"A densa fuma\u00e7a negra atraiu uma grande concentra\u00e7\u00e3o de pessoas para as imedia\u00e7\u00f5es do Ceasa, na zona leste e Bauru \u2014 Foto: Arquivo pessoal\" \/><\/figure>\n<p class=\"content-media__description \">A densa fuma\u00e7a negra atraiu uma grande concentra\u00e7\u00e3o de pessoas para as imedia\u00e7\u00f5es do Ceasa, na zona leste e Bauru \u2014 Foto: Arquivo pessoal<\/p>\n<\/div>\n<\/div>\n<div class=\"row medium-uncollapsed content-media content-photo\" style=\"text-align: justify;\" data-block-type=\"backstage-photo\" data-block-id=\"12\">\n<div class=\"column medium-22 large-20 medium-centered content-media__container\">\n<figure><img decoding=\"async\" class=\"i-amphtml-fill-content i-amphtml-replaced-content\" src=\"https:\/\/s2.glbimg.com\/O6f6BF0oR3N01t7iT3t-Aj8THP0=\/0x0:2513x1200\/1008x0\/smart\/filters:strip_icc()\/i.s3.glbimg.com\/v1\/AUTH_59edd422c0c84a879bd37670ae4f538a\/internal_photos\/bs\/2020\/V\/r\/XV6dmHTeKBIgS1L3SwYA\/fogo-ceasa2.jpg\" srcset=\"\" alt=\"A cobertura de a\u00e7o do galp\u00e3o atingido n\u00e3o suportou a temperatura e desmoronou \u2014 Foto: Fernando Savioli\/TV TEM\" \/><\/figure>\n<p class=\"content-media__description \">A cobertura de a\u00e7o do galp\u00e3o atingido n\u00e3o suportou a temperatura e desmoronou \u2014 Foto: Fernando Savioli\/TV TEM<\/p>\n<\/div>\n<\/div>\n<div class=\"row medium-uncollapsed content-media content-photo\" style=\"text-align: justify;\" data-block-type=\"backstage-photo\" data-block-id=\"14\">\n<div class=\"column medium-22 large-20 medium-centered content-media__container\">\n<figure><img decoding=\"async\" class=\"i-amphtml-fill-content i-amphtml-replaced-content\" src=\"https:\/\/s2.glbimg.com\/VemPZIlKVP0C9sDNO_3IQUCcry0=\/0x0:2808x1200\/1008x0\/smart\/filters:strip_icc()\/i.s3.glbimg.com\/v1\/AUTH_59edd422c0c84a879bd37670ae4f538a\/internal_photos\/bs\/2020\/b\/S\/fWl38XSjC5KBvjiFZrkw\/fogo-ceasa4x.jpg\" srcset=\"\" alt=\"Por volta das 15h30, os bombeiros iniciaram os trabalhos de rescaldo no galp\u00e3o que abriga 30 boxes que vendiam frutas, verduras e legumes  \u2014 Foto: Fernando Savioli\/TV TEM\" \/><\/figure>\n<p class=\"content-media__description \">Por volta das 15h30, os bombeiros iniciaram os trabalhos de rescaldo no galp\u00e3o que abriga 30 boxes que vendiam frutas, verduras e legumes \u2014 Foto: Fernando Savioli\/TV TEM<\/p>\n<\/div>\n<\/div>\n<div class=\"mc-column content-text active-extra-styles \" style=\"text-align: justify;\" data-block-type=\"unstyled\" data-block-weight=\"30\" data-block-id=\"15\">\n<p class=\"content-text__container \" data-track-category=\"Link no Texto\" data-track-links=\"\">Em nota, a companhia informa que &#8220;se solidariza com os comerciantes prejudicados, que est\u00e1 prestando toda a assist\u00eancia poss\u00edvel aos lojistas e autoridades locais e que felizmente, n\u00e3o houve v\u00edtimas&#8221;.<\/p>\n<\/div>\n<div class=\"mc-column content-text active-extra-styles \" data-block-type=\"unstyled\" data-block-weight=\"39\" data-block-id=\"16\">\n<p class=\"content-text__container \" style=\"text-align: justify;\" data-track-category=\"Link no Texto\" data-track-links=\"\">A nota diz ainda que a empresa ainda est\u00e1 levantando as poss\u00edveis causas do inc\u00eandio, e que espera pelo laudo oficial do Corpo de Bombeiros. Por isso, diz o texto, &#8220;n\u00e3o h\u00e1 como fazer estimativas de preju\u00edzos no momento&#8221;.<\/p>\n<p style=\"text-align: justify;\" data-track-category=\"Link no Texto\" data-track-links=\"\">Fonte: https:\/\/g1.globo.com\/sp\/bauru-marilia\/noticia\/2020\/06\/23\/incendio-de-grandes-proporcoes-atinge-o-ceasa-de-bauru-video.ghtml<\/p>\n<\/div>\n<\/div>\n<\/div>\n","protected":false},"excerpt":{"rendered":"<p>Fogo atingiu um dos galp\u00f5es do entreposto e fuma\u00e7a negra p\u00f4de ser vista a quil\u00f4metros de dist\u00e2ncia. Corpo de Bombeiros controlaram as chamas por volta das 15h15 e n\u00e3o houve v\u00edtimas. Um inc\u00eandio de grandes propor\u00e7\u00f5es atingiu no in\u00edcio da tarde desta ter\u00e7a-feira (23) um dos galp\u00f5es do Ceasa de Bauru (SP), na regi\u00e3o do [&hellip;]<\/p>\n","protected":false},"author":1,"featured_media":29198,"comment_status":"closed","ping_status":"open","sticky":false,"template":"","format":"standard","meta":{"footnotes":""},"categories":[110,2],"tags":[],"class_list":["post-29197","post","type-post","status-publish","format-standard","has-post-thumbnail","hentry","category-noticiasdestaque","category-policial"],"_links":{"self":[{"href":"https:\/\/jorgezanoni.com.br\/2019\/wp-json\/wp\/v2\/posts\/29197","targetHints":{"allow":["GET"]}}],"collection":[{"href":"https:\/\/jorgezanoni.com.br\/2019\/wp-json\/wp\/v2\/posts"}],"about":[{"href":"https:\/\/jorgezanoni.com.br\/2019\/wp-json\/wp\/v2\/types\/post"}],"author":[{"embeddable":true,"href":"https:\/\/jorgezanoni.com.br\/2019\/wp-json\/wp\/v2\/users\/1"}],"replies":[{"embeddable":true,"href":"https:\/\/jorgezanoni.com.br\/2019\/wp-json\/wp\/v2\/comments?post=29197"}],"version-history":[{"count":0,"href":"https:\/\/jorgezanoni.com.br\/2019\/wp-json\/wp\/v2\/posts\/29197\/revisions"}],"wp:featuredmedia":[{"embeddable":true,"href":"https:\/\/jorgezanoni.com.br\/2019\/wp-json\/wp\/v2\/media\/29198"}],"wp:attachment":[{"href":"https:\/\/jorgezanoni.com.br\/2019\/wp-json\/wp\/v2\/media?parent=29197"}],"wp:term":[{"taxonomy":"category","embeddable":true,"href":"https:\/\/jorgezanoni.com.br\/2019\/wp-json\/wp\/v2\/categories?post=29197"},{"taxonomy":"post_tag","embeddable":true,"href":"https:\/\/jorgezanoni.com.br\/2019\/wp-json\/wp\/v2\/tags?post=29197"}],"curies":[{"name":"wp","href":"https:\/\/api.w.org\/{rel}","templated":true}]}}