{"id":29194,"date":"2020-06-24T00:26:03","date_gmt":"2020-06-24T00:26:03","guid":{"rendered":"https:\/\/jorgezanoni.com.br\/2019\/?p=29194"},"modified":"2020-06-24T00:26:03","modified_gmt":"2020-06-24T00:26:03","slug":"recem-nascidas-gemeas-morrem-apos-serem-atacadas-por-cachorro-da-familia-no-sudoeste-da-bahia","status":"publish","type":"post","link":"https:\/\/jorgezanoni.com.br\/2019\/recem-nascidas-gemeas-morrem-apos-serem-atacadas-por-cachorro-da-familia-no-sudoeste-da-bahia\/","title":{"rendered":"Rec\u00e9m-nascidas g\u00eameas morrem ap\u00f3s serem atacadas por cachorro da fam\u00edlia no sudoeste da Bahia"},"content":{"rendered":"<h2 class=\"content-head__subtitle\" style=\"text-align: justify;\"><strong>Caso aconteceu na tarde desta ter\u00e7a-feira (23), na cidade de Pirip\u00e1.<\/strong><\/h2>\n<div class=\"mc-column content-text active-extra-styles \" data-block-type=\"unstyled\" data-block-weight=\"51\" data-block-id=\"2\">\n<p class=\"content-text__container \" style=\"text-align: justify;\" data-track-category=\"Link no Texto\" data-track-links=\"\">Duas irm\u00e3s g\u00eameas rec\u00e9m-nascidas morreram na tarde desta ter\u00e7a-feira (23), ap\u00f3s serem atacadas pelo cachorro da fam\u00edlia, na cidade de Pirip\u00e1, no sudoeste da Bahia. A m\u00e3e das v\u00edtimas teria chegado a ouvir o barulho, correu para socorrer as filhas e conseguiu retirar o cachorro, que n\u00e3o teve a ra\u00e7a informada.<\/p>\n<\/div>\n<div class=\"wall protected-content\">\n<div class=\"mc-column content-text active-extra-styles \" style=\"text-align: justify;\" data-block-type=\"unstyled\" data-block-weight=\"43\" data-block-id=\"3\">\n<p class=\"content-text__container \" data-track-category=\"Link no Texto\" data-track-links=\"\">Anne e Anal\u00fa, que tinham 26 dias de nascidas, chegaram a ser socorridas por uma amiga da fam\u00edlia que \u00e9 t\u00e9cnica de enfermagem e prestou os primeiros socorros. Em seguida, elas foram levadas para o Hospital Municipal Maria Pedreira Barbosa, em Pirip\u00e1.<\/p>\n<\/div>\n<div class=\"mc-column content-text active-extra-styles \" data-block-type=\"unstyled\" data-block-weight=\"51\" data-block-id=\"4\">\n<p class=\"content-text__container \" style=\"text-align: justify;\" data-track-category=\"Link no Texto\" data-track-links=\"\">Segundo o m\u00e9dico plantonista da unidade m\u00e9dica, uma das crian\u00e7as chegou sem vida no hospital e a outra em estado grave. De acordo com o profissional, que foi o respons\u00e1vel pelo pr\u00e9-natal das meninas, todos os procedimentos m\u00e9dicos poss\u00edveis no momento foram feitos, mas a outra crian\u00e7a tamb\u00e9m n\u00e3o resistiu.<\/p>\n<div class=\"mc-column content-text active-extra-styles \" style=\"text-align: justify;\" data-block-type=\"unstyled\" data-block-weight=\"43\" data-block-id=\"7\">\n<p class=\"content-text__container \" data-track-category=\"Link no Texto\" data-track-links=\"\">O m\u00e9dico ressaltou que a m\u00e3e das g\u00eameas sempre demonstrou cuidado com as filhas durante a gravidez e ap\u00f3s o nascimento das meninas. O enterro de Anne e Anal\u00fa aconteceu no final da tarde desta ter\u00e7a, no cemit\u00e9rio da Saudade Dois, em Pirip\u00e1.<\/p>\n<\/div>\n<div class=\"mc-column content-text active-extra-styles \" style=\"text-align: justify;\" data-block-type=\"unstyled\" data-block-weight=\"19\" data-block-id=\"8\">\n<p class=\"content-text__container \" data-track-category=\"Link no Texto\" data-track-links=\"\">Em nota divulgada nas redes sociais, a prefeitura de Pirip\u00e1 manifestou o mais profundo pesar pelo falecimento das beb\u00eas.<\/p>\n<\/div>\n<div class=\"mc-column content-text active-extra-styles\" style=\"text-align: justify;\" data-block-type=\"raw\" data-block-weight=\"48\" data-block-id=\"9\">\n<blockquote class=\"content-blockquote theme-border-color-primary-before\"><p>&#8220;Diante desta perda inestim\u00e1vel, expressamos condol\u00eancias e nos solidarizamos com os pais Elaine e R\u00e9gis, seus familiares e amigos, neste momento de profunda tristeza e dor. Que Deus conforte seus cora\u00e7\u00f5es e d\u00ea for\u00e7as para transformar toda dor desta perda irrepar\u00e1vel em f\u00e9 e esperan\u00e7a&#8221;, disse a prefeitura.<\/p><\/blockquote>\n<\/div>\n<div class=\"mc-column content-text active-extra-styles \" style=\"text-align: justify;\" data-block-type=\"unstyled\" data-block-weight=\"15\" data-block-id=\"10\">\n<p class=\"content-text__container \" data-track-category=\"Link no Texto\" data-track-links=\"\">Ao\u00a0<strong>G1<\/strong>, a delegacia da cidade informou que n\u00e3o vai abrir investiga\u00e7\u00e3o sobre o caso.<\/p>\n<\/div>\n<div class=\"mc-column content-text active-extra-styles \" style=\"text-align: justify;\" data-block-type=\"unstyled\" data-block-weight=\"8\" data-block-id=\"11\">\n<p class=\"content-text__container \" data-track-category=\"Link no Texto\" data-track-links=\"\"><em>Confira mais not\u00edcias do estado no\u00a0<\/em><a href=\"https:\/\/g1.globo.com\/ba\/bahia\/ultimas-noticias\/\"><strong><em>G1 Bahia<\/em><\/strong><\/a><em>.<\/em><\/p>\n<\/div>\n<div data-track-category=\"multicontent\" data-track-action=\"ultimo chunk conteudo\" data-track-noninteraction=\"false\" data-track-scroll=\"view\">\n<div class=\"row medium-uncollapsed content-media content-photo\" data-block-type=\"backstage-photo\" data-block-id=\"12\">\n<div class=\"mc-column content-media__container\">\n<figure style=\"text-align: justify;\"><img decoding=\"async\" class=\"i-amphtml-fill-content i-amphtml-replaced-content\" src=\"https:\/\/s2.glbimg.com\/Qh1u-Mag5nbvQuoNivl1iSvKduc=\/0x0:960x960\/984x0\/smart\/filters:strip_icc()\/i.s3.glbimg.com\/v1\/AUTH_59edd422c0c84a879bd37670ae4f538a\/internal_photos\/bs\/2020\/Q\/E\/PwGwRiTD2hKcRcZtTumg\/105478024-1800378900104498-8701652095634344335-o.jpg\" sizes=\"(max-width: 1242px) 648px, 100vw\" srcset=\"https:\/\/s2.glbimg.com\/mj3rI52gggGw42pOk-kTRSvmJhc=\/0x0:960x960\/1000x0\/smart\/filters:strip_icc()\/i.s3.glbimg.com\/v1\/AUTH_59edd422c0c84a879bd37670ae4f538a\/internal_photos\/bs\/2020\/Q\/E\/PwGwRiTD2hKcRcZtTumg\/105478024-1800378900104498-8701652095634344335-o.jpg 1000w, https:\/\/s2.glbimg.com\/Qh1u-Mag5nbvQuoNivl1iSvKduc=\/0x0:960x960\/984x0\/smart\/filters:strip_icc()\/i.s3.glbimg.com\/v1\/AUTH_59edd422c0c84a879bd37670ae4f538a\/internal_photos\/bs\/2020\/Q\/E\/PwGwRiTD2hKcRcZtTumg\/105478024-1800378900104498-8701652095634344335-o.jpg 984w, https:\/\/s2.glbimg.com\/y45Ssz31kiP__wEdWn2LclsFXYE=\/0x0:960x960\/640x0\/smart\/filters:strip_icc()\/i.s3.glbimg.com\/v1\/AUTH_59edd422c0c84a879bd37670ae4f538a\/internal_photos\/bs\/2020\/Q\/E\/PwGwRiTD2hKcRcZtTumg\/105478024-1800378900104498-8701652095634344335-o.jpg 640w, https:\/\/s2.glbimg.com\/d6Qt5jEteQEphBKnrG-2XPtutw4=\/0x0:960x960\/600x0\/smart\/filters:strip_icc()\/i.s3.glbimg.com\/v1\/AUTH_59edd422c0c84a879bd37670ae4f538a\/internal_photos\/bs\/2020\/Q\/E\/PwGwRiTD2hKcRcZtTumg\/105478024-1800378900104498-8701652095634344335-o.jpg 600w\" alt=\"Rec\u00e9m-nascidas g\u00eameas morrem ap\u00f3s serem atacadas por cachorro no sudoeste da Bahia \u2014 Foto: Divulga\u00e7\u00e3o\/Prefeitura de Pirip\u00e1\" \/><\/figure>\n<p class=\"content-media__description \" style=\"text-align: justify;\">Rec\u00e9m-nascidas g\u00eameas morrem ap\u00f3s serem atacadas por cachorro no sudoeste da Bahia \u2014 Foto: Divulga\u00e7\u00e3o\/Prefeitura de Pirip\u00e1<\/p>\n<p style=\"text-align: justify;\">Fonte: G1<\/p>\n<\/div>\n<\/div>\n<\/div>\n<\/div>\n<\/div>\n","protected":false},"excerpt":{"rendered":"<p>Caso aconteceu na tarde desta ter\u00e7a-feira (23), na cidade de Pirip\u00e1. Duas irm\u00e3s g\u00eameas rec\u00e9m-nascidas morreram na tarde desta ter\u00e7a-feira (23), ap\u00f3s serem atacadas pelo cachorro da fam\u00edlia, na cidade de Pirip\u00e1, no sudoeste da Bahia. A m\u00e3e das v\u00edtimas teria chegado a ouvir o barulho, correu para socorrer as filhas e conseguiu retirar o [&hellip;]<\/p>\n","protected":false},"author":1,"featured_media":29195,"comment_status":"closed","ping_status":"open","sticky":false,"template":"","format":"standard","meta":{"footnotes":""},"categories":[178,110],"tags":[],"class_list":["post-29194","post","type-post","status-publish","format-standard","has-post-thumbnail","hentry","category-notadefalecimento","category-noticiasdestaque"],"_links":{"self":[{"href":"https:\/\/jorgezanoni.com.br\/2019\/wp-json\/wp\/v2\/posts\/29194","targetHints":{"allow":["GET"]}}],"collection":[{"href":"https:\/\/jorgezanoni.com.br\/2019\/wp-json\/wp\/v2\/posts"}],"about":[{"href":"https:\/\/jorgezanoni.com.br\/2019\/wp-json\/wp\/v2\/types\/post"}],"author":[{"embeddable":true,"href":"https:\/\/jorgezanoni.com.br\/2019\/wp-json\/wp\/v2\/users\/1"}],"replies":[{"embeddable":true,"href":"https:\/\/jorgezanoni.com.br\/2019\/wp-json\/wp\/v2\/comments?post=29194"}],"version-history":[{"count":0,"href":"https:\/\/jorgezanoni.com.br\/2019\/wp-json\/wp\/v2\/posts\/29194\/revisions"}],"wp:featuredmedia":[{"embeddable":true,"href":"https:\/\/jorgezanoni.com.br\/2019\/wp-json\/wp\/v2\/media\/29195"}],"wp:attachment":[{"href":"https:\/\/jorgezanoni.com.br\/2019\/wp-json\/wp\/v2\/media?parent=29194"}],"wp:term":[{"taxonomy":"category","embeddable":true,"href":"https:\/\/jorgezanoni.com.br\/2019\/wp-json\/wp\/v2\/categories?post=29194"},{"taxonomy":"post_tag","embeddable":true,"href":"https:\/\/jorgezanoni.com.br\/2019\/wp-json\/wp\/v2\/tags?post=29194"}],"curies":[{"name":"wp","href":"https:\/\/api.w.org\/{rel}","templated":true}]}}