{"id":29191,"date":"2020-06-24T00:10:35","date_gmt":"2020-06-24T00:10:35","guid":{"rendered":"https:\/\/jorgezanoni.com.br\/2019\/?p=29191"},"modified":"2020-06-24T00:10:35","modified_gmt":"2020-06-24T00:10:35","slug":"nuvem-de-gafanhotos-chega-a-argentina-e-se-aproxima-do-brasil","status":"publish","type":"post","link":"https:\/\/jorgezanoni.com.br\/2019\/nuvem-de-gafanhotos-chega-a-argentina-e-se-aproxima-do-brasil\/","title":{"rendered":"Nuvem de gafanhotos chega \u00e0 Argentina e se aproxima do Brasil"},"content":{"rendered":"<h2 class=\"content-head__subtitle\" style=\"text-align: justify;\"><strong>Produtores e t\u00e9cnicos do governo monitoram a presen\u00e7a dos insetos, que, juntos, podem consumir em um dia a quantidade de pasto equivalente a 2 mil vacas ou 350 mil pessoas.<\/strong><\/h2>\n<div class=\"mc-column content-text active-extra-styles \" data-block-type=\"unstyled\" data-block-weight=\"53\" data-block-id=\"2\">\n<p class=\"content-text__container \" style=\"text-align: justify;\" data-track-category=\"Link no Texto\" data-track-links=\"\">Produtores rurais e funcion\u00e1rios do governo da\u00a0<a href=\"https:\/\/g1.globo.com\/tudo-sobre\/argentina\/\">Argentina<\/a>\u00a0est\u00e3o monitorando a entrada de uma nuvem de gafanhotos no pa\u00eds. Os insetos vieram do Paraguai e, por l\u00e1, destru\u00edram lavouras de milho (<em>veja mais abaixo<\/em>). Agora, a praga avan\u00e7a na parte do territ\u00f3rio argentino que faz fronteira com o Brasil e com o Uruguai.<\/p>\n<\/div>\n<div class=\"wall protected-content\">\n<div class=\"mc-column content-text active-extra-styles\" style=\"text-align: justify;\" data-block-type=\"raw\" data-block-weight=\"9\" data-block-id=\"3\">\n<ul class=\"content-unordered-list\">\n<li><a href=\"https:\/\/g1.globo.com\/natureza\/noticia\/2019\/08\/09\/como-o-aquecimento-global-vai-espalhar-uma-praga-biblica.ghtml\">Como o aquecimento global vai espalhar uma &#8216;praga b\u00edblica&#8217;<\/a><\/li>\n<\/ul>\n<\/div>\n<div class=\"mc-column content-text active-extra-styles \" style=\"text-align: justify;\" data-block-type=\"unstyled\" data-block-weight=\"26\" data-block-id=\"4\">\n<p class=\"content-text__container \" data-track-category=\"Link no Texto\" data-track-links=\"\">Segundo proje\u00e7\u00e3o do pa\u00eds vizinho, os insetos podem chegar ao oeste do Rio Grande do Sul e de Santa Catarina, oferecendo riscos \u00e0s lavouras desses estados.<\/p>\n<\/div>\n<div class=\"row medium-uncollapsed content-media content-photo\" style=\"text-align: justify;\" data-block-type=\"backstage-photo\" data-block-id=\"5\">\n<div class=\"mc-column content-media__container\">\n<figure><img decoding=\"async\" class=\"i-amphtml-fill-content i-amphtml-replaced-content\" src=\"https:\/\/s2.glbimg.com\/nKF6_sfbY8_7chl_AvQdSBLOUHI=\/0x0:869x606\/984x0\/smart\/filters:strip_icc()\/i.s3.glbimg.com\/v1\/AUTH_59edd422c0c84a879bd37670ae4f538a\/internal_photos\/bs\/2020\/y\/V\/dpbl0dTBAMfXGnaPAjOQ\/mapa.jpg\" sizes=\"(max-width: 1242px) 648px, 100vw\" srcset=\"https:\/\/s2.glbimg.com\/ggsTcB8_ip3E0kOjE0q62w_WrRU=\/0x0:869x606\/1000x0\/smart\/filters:strip_icc()\/i.s3.glbimg.com\/v1\/AUTH_59edd422c0c84a879bd37670ae4f538a\/internal_photos\/bs\/2020\/y\/V\/dpbl0dTBAMfXGnaPAjOQ\/mapa.jpg 1000w, https:\/\/s2.glbimg.com\/nKF6_sfbY8_7chl_AvQdSBLOUHI=\/0x0:869x606\/984x0\/smart\/filters:strip_icc()\/i.s3.glbimg.com\/v1\/AUTH_59edd422c0c84a879bd37670ae4f538a\/internal_photos\/bs\/2020\/y\/V\/dpbl0dTBAMfXGnaPAjOQ\/mapa.jpg 984w, https:\/\/s2.glbimg.com\/eyXjdKku4CsmCaurumnS83aBRaE=\/0x0:869x606\/640x0\/smart\/filters:strip_icc()\/i.s3.glbimg.com\/v1\/AUTH_59edd422c0c84a879bd37670ae4f538a\/internal_photos\/bs\/2020\/y\/V\/dpbl0dTBAMfXGnaPAjOQ\/mapa.jpg 640w, https:\/\/s2.glbimg.com\/CAeYh9dzpmMktnRAfdL0U6qCpLM=\/0x0:869x606\/600x0\/smart\/filters:strip_icc()\/i.s3.glbimg.com\/v1\/AUTH_59edd422c0c84a879bd37670ae4f538a\/internal_photos\/bs\/2020\/y\/V\/dpbl0dTBAMfXGnaPAjOQ\/mapa.jpg 600w\" alt=\"Monitoramento do governo argentino mostra que nuvem de gafanhotos se aproxima do Brasil \u2014 Foto: Reprodu\u00e7\u00e3o\/Senasa\" \/><\/figure>\n<p class=\"content-media__description \">Monitoramento do governo argentino mostra que nuvem de gafanhotos se aproxima do Brasil \u2014 Foto: Reprodu\u00e7\u00e3o\/Senasa<\/p>\n<\/div>\n<\/div>\n<div class=\"mc-column content-text active-extra-styles \" style=\"text-align: justify;\" data-block-type=\"unstyled\" data-block-weight=\"54\" data-block-id=\"6\">\n<p class=\"content-text__container \" data-track-category=\"Link no Texto\" data-track-links=\"\">O engenheiro agr\u00f4nomo da Emater de Uruguaiana (RS), Daniel da Costa Soares, disse ao\u00a0<strong>G1<\/strong>\u00a0que<a href=\"https:\/\/g1.globo.com\/rs\/rio-grande-do-sul\/noticia\/2020\/06\/23\/emater-orienta-produtores-da-fronteira-oeste-a-monitorar-chegada-de-nuvem-de-gafanhotos.ghtml\">\u00a0a situa\u00e7\u00e3o \u00e9 nova tanto para produtores quanto para profissionais da \u00e1rea<\/a>. &#8220;Ainda n\u00e3o temos muita certeza do que vai acontecer, se eles v\u00e3o entrar aqui ou n\u00e3o, mas j\u00e1 estamos conversando com produtores sobre o assunto&#8221;, diz.<\/p>\n<\/div>\n<div class=\"mc-column content-text active-extra-styles \" data-block-type=\"unstyled\" data-block-weight=\"14\" data-block-id=\"8\">\n<p class=\"content-text__container \" style=\"text-align: justify;\" data-track-category=\"Link no Texto\" data-track-links=\"\">A orienta\u00e7\u00e3o da Emater \u00e9 que os produtores fa\u00e7am o monitoramento constante das lavouras.<\/p>\n<div class=\"mc-column content-text active-extra-styles \" style=\"text-align: justify;\" data-block-type=\"unstyled\" data-block-weight=\"17\" data-block-id=\"10\">\n<p class=\"content-text__container \" data-track-category=\"Link no Texto\" data-track-links=\"\">De acordo com o governo argentino, a nuvem chegou ao pa\u00eds no fim da semana passada.<\/p>\n<\/div>\n<div class=\"mc-column content-text active-extra-styles \" data-block-type=\"unstyled\" data-block-weight=\"28\" data-block-id=\"11\">\n<p class=\"content-text__container \" style=\"text-align: justify;\" data-track-category=\"Link no Texto\" data-track-links=\"\">As principais regi\u00f5es atingidas na Argentina s\u00e3o as prov\u00edncias de Santa F\u00e9, Formosa e Chaco, onde existe produ\u00e7\u00e3o de cana-de-a\u00e7\u00facar e mandioca e a condi\u00e7\u00e3o clim\u00e1tica \u00e9 favor\u00e1vel.<\/p>\n<p style=\"text-align: justify;\" data-track-category=\"Link no Texto\" data-track-links=\"\">Fonte: https:\/\/g1.globo.com\/economia\/agronegocios\/noticia\/2020\/06\/23\/nuvem-de-gafanhotos-chega-a-argentina-e-se-aproxima-do-brasil.ghtml<\/p>\n<\/div>\n<p data-track-category=\"Link no Texto\" data-track-links=\"\">\n<\/div>\n<\/div>\n","protected":false},"excerpt":{"rendered":"<p>Produtores e t\u00e9cnicos do governo monitoram a presen\u00e7a dos insetos, que, juntos, podem consumir em um dia a quantidade de pasto equivalente a 2 mil vacas ou 350 mil pessoas. Produtores rurais e funcion\u00e1rios do governo da\u00a0Argentina\u00a0est\u00e3o monitorando a entrada de uma nuvem de gafanhotos no pa\u00eds. Os insetos vieram do Paraguai e, por l\u00e1, [&hellip;]<\/p>\n","protected":false},"author":1,"featured_media":29192,"comment_status":"closed","ping_status":"open","sticky":false,"template":"","format":"standard","meta":{"footnotes":""},"categories":[176,110],"tags":[],"class_list":["post-29191","post","type-post","status-publish","format-standard","has-post-thumbnail","hentry","category-meioambienteeagricultura","category-noticiasdestaque"],"_links":{"self":[{"href":"https:\/\/jorgezanoni.com.br\/2019\/wp-json\/wp\/v2\/posts\/29191","targetHints":{"allow":["GET"]}}],"collection":[{"href":"https:\/\/jorgezanoni.com.br\/2019\/wp-json\/wp\/v2\/posts"}],"about":[{"href":"https:\/\/jorgezanoni.com.br\/2019\/wp-json\/wp\/v2\/types\/post"}],"author":[{"embeddable":true,"href":"https:\/\/jorgezanoni.com.br\/2019\/wp-json\/wp\/v2\/users\/1"}],"replies":[{"embeddable":true,"href":"https:\/\/jorgezanoni.com.br\/2019\/wp-json\/wp\/v2\/comments?post=29191"}],"version-history":[{"count":0,"href":"https:\/\/jorgezanoni.com.br\/2019\/wp-json\/wp\/v2\/posts\/29191\/revisions"}],"wp:featuredmedia":[{"embeddable":true,"href":"https:\/\/jorgezanoni.com.br\/2019\/wp-json\/wp\/v2\/media\/29192"}],"wp:attachment":[{"href":"https:\/\/jorgezanoni.com.br\/2019\/wp-json\/wp\/v2\/media?parent=29191"}],"wp:term":[{"taxonomy":"category","embeddable":true,"href":"https:\/\/jorgezanoni.com.br\/2019\/wp-json\/wp\/v2\/categories?post=29191"},{"taxonomy":"post_tag","embeddable":true,"href":"https:\/\/jorgezanoni.com.br\/2019\/wp-json\/wp\/v2\/tags?post=29191"}],"curies":[{"name":"wp","href":"https:\/\/api.w.org\/{rel}","templated":true}]}}