{"id":29188,"date":"2020-06-23T23:50:06","date_gmt":"2020-06-23T23:50:06","guid":{"rendered":"https:\/\/jorgezanoni.com.br\/2019\/?p=29188"},"modified":"2020-06-23T23:50:06","modified_gmt":"2020-06-23T23:50:06","slug":"tremor-de-magnitude-74-atinge-o-mexico","status":"publish","type":"post","link":"https:\/\/jorgezanoni.com.br\/2019\/tremor-de-magnitude-74-atinge-o-mexico\/","title":{"rendered":"Tremor de magnitude 7,4 atinge o M\u00e9xico"},"content":{"rendered":"<h2 class=\"content-head__subtitle\" style=\"text-align: justify;\"><strong>Abalo foi sentido no centro da capital, a Cidade do M\u00e9xico, que est\u00e1 a centenas de quil\u00f4metros de dist\u00e2ncia do epicentro. Em Oaxaca, ao menos quatro mortos.<\/strong><\/h2>\n<div class=\"mc-column content-text active-extra-styles \" data-block-type=\"unstyled\" data-block-weight=\"48\" data-block-id=\"2\">\n<p class=\"content-text__container \" style=\"text-align: justify;\" data-track-category=\"Link no Texto\" data-track-links=\"\">Um forte terremoto de magnitude 7,4 atingiu a costa sul do\u00a0<a href=\"https:\/\/g1.globo.com\/tudo-sobre\/mexico\/\">M\u00e9xico<\/a>\u00a0nesta ter\u00e7a-feira (23), de acordo com o Servi\u00e7o Geol\u00f3gico dos Estados Unidos (USGS). O n\u00famero de mortos pelo terremoto que atingiu a regi\u00e3o sul de Oaxaca no M\u00e9xico aumentou para quatro, informou a defesa civil mexicana.<\/p>\n<\/div>\n<div class=\"wall protected-content\">\n<div class=\"mc-column content-text active-extra-styles\" style=\"text-align: justify;\" data-block-type=\"raw\" data-block-weight=\"9\" data-block-id=\"3\">\n<ul class=\"content-unordered-list\">\n<li><a href=\"https:\/\/g1.globo.com\/mundo\/noticia\/2020\/06\/23\/brasileiro-no-mexico-vivencia-terremoto-pela-segunda-vez-interminavel.ghtml\">Brasileiro no M\u00e9xico vivencia terremoto pela segunda vez: &#8216;Intermin\u00e1vel&#8217;<\/a><\/li>\n<\/ul>\n<\/div>\n<div class=\"mc-column content-text active-extra-styles \" style=\"text-align: justify;\" data-block-type=\"unstyled\" data-block-weight=\"46\" data-block-id=\"4\">\n<p class=\"content-text__container \" data-track-category=\"Link no Texto\" data-track-links=\"\">O abalo foi sentido no centro da capital, a Cidade do M\u00e9xico, que est\u00e1 a centenas de quil\u00f4metros de dist\u00e2ncia do epicentro. O tremor chegou a fazer soar os alertas de autoridades para a possibilidade de tsunami na costa do Pac\u00edfico, mas os alarmes foram retirados.<\/p>\n<\/div>\n<div class=\"row medium-uncollapsed content-media content-photo\" data-block-type=\"backstage-photo\" data-block-id=\"5\">\n<div class=\"mc-column content-media__container\">\n<figure style=\"text-align: justify;\"><img decoding=\"async\" class=\"i-amphtml-fill-content i-amphtml-replaced-content\" src=\"https:\/\/s2.glbimg.com\/CQ3gpiu2e7uWimfafl8wXDntVDk=\/0x0:1140x942\/984x0\/smart\/filters:strip_icc()\/i.s3.glbimg.com\/v1\/AUTH_59edd422c0c84a879bd37670ae4f538a\/internal_photos\/bs\/2020\/w\/r\/n2eMJITTAAnVt07U6zzw\/yog3y-div-style-box-sizing-border-box-font-family-quot-segoe-ui-quot-system-ui-quot-apple-color-emoji-quot-quot-segoe-ui-emoji-quot-sans-serif-font-size-14px-font-weight-400-letter-spacing-normal-tremor-atinge-o-m-xico-div-.png\" sizes=\"(max-width: 1242px) 648px, 100vw\" srcset=\"https:\/\/s2.glbimg.com\/PSw20J6gmk1xHEqI2WD4Cnuf8g4=\/0x0:1140x942\/1000x0\/smart\/filters:strip_icc()\/i.s3.glbimg.com\/v1\/AUTH_59edd422c0c84a879bd37670ae4f538a\/internal_photos\/bs\/2020\/w\/r\/n2eMJITTAAnVt07U6zzw\/yog3y-div-style-box-sizing-border-box-font-family-quot-segoe-ui-quot-system-ui-quot-apple-color-emoji-quot-quot-segoe-ui-emoji-quot-sans-serif-font-size-14px-font-weight-400-letter-spacing-normal-tremor-atinge-o-m-xico-div-.png 1000w, https:\/\/s2.glbimg.com\/CQ3gpiu2e7uWimfafl8wXDntVDk=\/0x0:1140x942\/984x0\/smart\/filters:strip_icc()\/i.s3.glbimg.com\/v1\/AUTH_59edd422c0c84a879bd37670ae4f538a\/internal_photos\/bs\/2020\/w\/r\/n2eMJITTAAnVt07U6zzw\/yog3y-div-style-box-sizing-border-box-font-family-quot-segoe-ui-quot-system-ui-quot-apple-color-emoji-quot-quot-segoe-ui-emoji-quot-sans-serif-font-size-14px-font-weight-400-letter-spacing-normal-tremor-atinge-o-m-xico-div-.png 984w, https:\/\/s2.glbimg.com\/WLshUd4bzspbKOlOSvRXB3n6dwo=\/0x0:1140x942\/640x0\/smart\/filters:strip_icc()\/i.s3.glbimg.com\/v1\/AUTH_59edd422c0c84a879bd37670ae4f538a\/internal_photos\/bs\/2020\/w\/r\/n2eMJITTAAnVt07U6zzw\/yog3y-div-style-box-sizing-border-box-font-family-quot-segoe-ui-quot-system-ui-quot-apple-color-emoji-quot-quot-segoe-ui-emoji-quot-sans-serif-font-size-14px-font-weight-400-letter-spacing-normal-tremor-atinge-o-m-xico-div-.png 640w, https:\/\/s2.glbimg.com\/BXl32A7VUrrdimenG2mgEcZn1y8=\/0x0:1140x942\/600x0\/smart\/filters:strip_icc()\/i.s3.glbimg.com\/v1\/AUTH_59edd422c0c84a879bd37670ae4f538a\/internal_photos\/bs\/2020\/w\/r\/n2eMJITTAAnVt07U6zzw\/yog3y-div-style-box-sizing-border-box-font-family-quot-segoe-ui-quot-system-ui-quot-apple-color-emoji-quot-quot-segoe-ui-emoji-quot-sans-serif-font-size-14px-font-weight-400-letter-spacing-normal-tremor-atinge-o-m-xico-div-.png 600w\" alt=\"Tremor atinge o M\u00e9xico em 23 de junho \u2014 Foto: G1\" \/><\/figure>\n<p class=\"content-media__description \" style=\"text-align: justify;\">Tremor atinge o M\u00e9xico em 23 de junho \u2014 Foto: G1<\/p>\n<p style=\"text-align: justify;\">O governador de Oaxaca, Alejandro Murat, havia confirmado mais cedo a primeira morte no estado que abriga o epicentro do terremoto. Sism\u00f3logos apontam que o centro do tremor est\u00e1 a 26,3 km de profundidade e a 12 km da cidade de Santa Mar\u00eda Zapotitl\u00e1n.<\/p>\n<div class=\"mc-column content-text active-extra-styles \" style=\"text-align: justify;\" data-block-type=\"unstyled\" data-block-weight=\"36\" data-block-id=\"9\">\n<p class=\"content-text__container \" data-track-category=\"Link no Texto\" data-track-links=\"\">Inicialmente, o USGS tinha informado uma magnitude de 7,7 que foi revisada. Ainda assim, tremores deste tipo provocam estragos e, segundo o Servi\u00e7o Geol\u00f3gico dos EUA, a proximidade deste tremor com a superf\u00edcie amplifica seus efeitos.<\/p>\n<\/div>\n<div class=\"mc-column content-text active-extra-styles \" style=\"text-align: justify;\" data-block-type=\"unstyled\" data-block-weight=\"43\" data-block-id=\"10\">\n<p class=\"content-text__container \" data-track-category=\"Link no Texto\" data-track-links=\"\">Centenas de pessoas que estavam em pr\u00e9dios e casas correram para as ruas na Cidade do M\u00e9xico. Alberto Ibanez, um fot\u00f3grafo em Oaxaca, disse \u00e0 Reuters que o terremoto deixou uma rachadura em seu apartamento e derrubou livros e vasos de sua casa.<\/p>\n<\/div>\n<div class=\"row medium-uncollapsed content-media content-photo\" style=\"text-align: justify;\" data-block-type=\"backstage-photo\" data-block-id=\"11\">\n<div class=\"column medium-22 large-20 medium-centered content-media__container\">\n<figure><img decoding=\"async\" class=\"i-amphtml-fill-content i-amphtml-replaced-content\" src=\"https:\/\/s2.glbimg.com\/aNwAi-qVh0Hz0xYGjpk00k-puY8=\/0x0:4032x2925\/1008x0\/smart\/filters:strip_icc()\/i.s3.glbimg.com\/v1\/AUTH_59edd422c0c84a879bd37670ae4f538a\/internal_photos\/bs\/2020\/M\/U\/HhIAhhToax1ihVMWP4oA\/terremoto-mexico.jpg\" srcset=\"\" alt=\"Moradores da Cidade do M\u00e9xico saem \u00e0s ruas ap\u00f3s forte terremoto \u2014 Foto: Tomas Bravo\/Reuters\" \/><\/figure>\n<p class=\"content-media__description \">Moradores da Cidade do M\u00e9xico saem \u00e0s ruas ap\u00f3s forte terremoto \u2014 Foto: Tomas Bravo\/Reuters<\/p>\n<\/div>\n<\/div>\n<div class=\"row medium-uncollapsed content-media content-photo\" style=\"text-align: justify;\" data-block-type=\"backstage-photo\" data-block-id=\"13\">\n<div class=\"column medium-22 large-20 medium-centered content-media__container\">\n<figure><img decoding=\"async\" class=\"i-amphtml-fill-content i-amphtml-replaced-content\" src=\"https:\/\/s2.glbimg.com\/P3Z9ssKCp4rhqbJikDDcNTYEq4Q=\/0x0:5472x3648\/1008x0\/smart\/filters:strip_icc()\/i.s3.glbimg.com\/v1\/AUTH_59edd422c0c84a879bd37670ae4f538a\/internal_photos\/bs\/2020\/1\/P\/QJbXHeRGe7TTxVLMzb2w\/2020-06-23t173733z-317475224-rc25fh9c5dgc-rtrmadp-3-mexico-quake.jpg\" srcset=\"\" alt=\"M\u00e9dicos e pacientes precisam sair de hospital por causa de terremoto no M\u00e9xico, em 23 de junho de 2020 \u2014 Foto: Carlos Jasso\/Reuters\" \/><\/figure>\n<p class=\"content-media__description \">M\u00e9dicos e pacientes precisam sair de hospital por causa de terremoto no M\u00e9xico, em 23 de junho de 2020 \u2014 Foto: Carlos Jasso\/Reuters<\/p>\n<\/div>\n<\/div>\n<div class=\"mc-column content-text active-extra-styles\" style=\"text-align: justify;\" data-block-type=\"raw\" data-block-weight=\"3\" data-block-id=\"14\">\n<div class=\"content-intertitle\">\n<h2>Alerta de tsunami<\/h2>\n<\/div>\n<\/div>\n<div class=\"mc-column content-text active-extra-styles \" style=\"text-align: justify;\" data-block-type=\"unstyled\" data-block-weight=\"35\" data-block-id=\"15\">\n<p class=\"content-text__container \" data-track-category=\"Link no Texto\" data-track-links=\"\">As autoridades americanas emitiram um alerta de tsunami para as costas do sul do M\u00e9xico, Guatemala, El Salvador e Honduras, ap\u00f3s um forte terremoto em territ\u00f3rio mexicano, mas depois disse que o perigo havia passado.<\/p>\n<\/div>\n<div class=\"mc-column content-text active-extra-styles \" style=\"text-align: justify;\" data-block-type=\"unstyled\" data-block-weight=\"29\" data-block-id=\"16\">\n<p class=\"content-text__container \" data-track-category=\"Link no Texto\" data-track-links=\"\">Este alerta emitido pelo Centro de Alerta de Tsunami do Pac\u00edfico cobria um raio de 1 mil km ao redor do epicentro do terremoto, no estado mexicano de Oaxaca.<\/p>\n<\/div>\n<div class=\"mc-column content-text active-extra-styles \" data-block-type=\"unstyled\" data-block-weight=\"41\" data-block-id=\"17\">\n<p class=\"content-text__container \" style=\"text-align: justify;\" data-track-category=\"Link no Texto\" data-track-links=\"\">A empresa SkyAlert, que tem rede pr\u00f3pria de sensores, afirmou mais cedo sobre a possibilidade de tsunami, e recomendou que as pessoas n\u00e3o ficassem pr\u00f3ximas \u00e0 costa nas regi\u00f5es de Oaxaca \u2013 onde h\u00e1 praias frequentadas por turistas \u2013 e Chiapas.<\/p>\n<p data-track-category=\"Link no Texto\" data-track-links=\"\">Fonte: https:\/\/g1.globo.com\/mundo\/noticia\/2020\/06\/23\/tremor-atinge-o-mexico.ghtml<\/p>\n<\/div>\n<\/div>\n<\/div>\n<\/div>\n","protected":false},"excerpt":{"rendered":"<p>Abalo foi sentido no centro da capital, a Cidade do M\u00e9xico, que est\u00e1 a centenas de quil\u00f4metros de dist\u00e2ncia do epicentro. Em Oaxaca, ao menos quatro mortos. Um forte terremoto de magnitude 7,4 atingiu a costa sul do\u00a0M\u00e9xico\u00a0nesta ter\u00e7a-feira (23), de acordo com o Servi\u00e7o Geol\u00f3gico dos Estados Unidos (USGS). O n\u00famero de mortos pelo [&hellip;]<\/p>\n","protected":false},"author":1,"featured_media":29189,"comment_status":"closed","ping_status":"open","sticky":false,"template":"","format":"standard","meta":{"footnotes":""},"categories":[114,110],"tags":[],"class_list":["post-29188","post","type-post","status-publish","format-standard","has-post-thumbnail","hentry","category-geralecomercio","category-noticiasdestaque"],"_links":{"self":[{"href":"https:\/\/jorgezanoni.com.br\/2019\/wp-json\/wp\/v2\/posts\/29188","targetHints":{"allow":["GET"]}}],"collection":[{"href":"https:\/\/jorgezanoni.com.br\/2019\/wp-json\/wp\/v2\/posts"}],"about":[{"href":"https:\/\/jorgezanoni.com.br\/2019\/wp-json\/wp\/v2\/types\/post"}],"author":[{"embeddable":true,"href":"https:\/\/jorgezanoni.com.br\/2019\/wp-json\/wp\/v2\/users\/1"}],"replies":[{"embeddable":true,"href":"https:\/\/jorgezanoni.com.br\/2019\/wp-json\/wp\/v2\/comments?post=29188"}],"version-history":[{"count":0,"href":"https:\/\/jorgezanoni.com.br\/2019\/wp-json\/wp\/v2\/posts\/29188\/revisions"}],"wp:featuredmedia":[{"embeddable":true,"href":"https:\/\/jorgezanoni.com.br\/2019\/wp-json\/wp\/v2\/media\/29189"}],"wp:attachment":[{"href":"https:\/\/jorgezanoni.com.br\/2019\/wp-json\/wp\/v2\/media?parent=29188"}],"wp:term":[{"taxonomy":"category","embeddable":true,"href":"https:\/\/jorgezanoni.com.br\/2019\/wp-json\/wp\/v2\/categories?post=29188"},{"taxonomy":"post_tag","embeddable":true,"href":"https:\/\/jorgezanoni.com.br\/2019\/wp-json\/wp\/v2\/tags?post=29188"}],"curies":[{"name":"wp","href":"https:\/\/api.w.org\/{rel}","templated":true}]}}