{"id":29185,"date":"2020-06-23T23:36:36","date_gmt":"2020-06-23T23:36:36","guid":{"rendered":"https:\/\/jorgezanoni.com.br\/2019\/?p=29185"},"modified":"2020-06-23T23:36:36","modified_gmt":"2020-06-23T23:36:36","slug":"brasil-tem-1-364-mortes-por-coronavirus-em-24-horas-revela-consorcio-de-veiculos-de-imprensa-sao-52-771-no-total","status":"publish","type":"post","link":"https:\/\/jorgezanoni.com.br\/2019\/brasil-tem-1-364-mortes-por-coronavirus-em-24-horas-revela-consorcio-de-veiculos-de-imprensa-sao-52-771-no-total\/","title":{"rendered":"Brasil tem 1.364 mortes por coronav\u00edrus em 24 horas, revela cons\u00f3rcio de ve\u00edculos de imprensa; s\u00e3o 52.771 no total"},"content":{"rendered":"<h2 class=\"content-head__subtitle\" style=\"text-align: justify;\"><strong>\u00c9 o 2\u00ba maior registro em 24 horas desde o in\u00edcio da pandemia. No dia 4 de junho, houve 1.470, segundo dados das secretarias totalizados pelo G1 naquele dia. Levantamento mostra que Brasil tem mais que o dobro de mortes de \u00cdndia, China, Paquist\u00e3o e Indon\u00e9sia juntos \u2013 quatro pa\u00edses mais populosos.<\/strong><\/h2>\n<div class=\"mc-column content-text active-extra-styles active-capital-letter\" data-block-type=\"unstyled\" data-block-weight=\"49\" data-block-id=\"1\">\n<p class=\"content-text__container theme-color-primary-first-letter\" style=\"text-align: justify;\" data-track-category=\"Link no Texto\" data-track-links=\"\">O Brasil teve 1.364 novas mortes registradas em raz\u00e3o do\u00a0<a href=\"https:\/\/g1.globo.com\/bemestar\/coronavirus\/\">novo coronav\u00edrus<\/a>\u00a0em 24 horas, mostra levantamento feito pelo\u00a0<a href=\"https:\/\/g1.globo.com\/politica\/noticia\/2020\/06\/08\/veiculos-de-comunicacao-formam-parceria-para-dar-transparencia-a-dados-de-covid-19.ghtml\">cons\u00f3rcio de ve\u00edculos de imprensa<\/a>\u00a0junto \u00e0s secretarias estaduais de Sa\u00fade. Com isso, s\u00e3o 52.771 \u00f3bitos pela Covid-19 at\u00e9 esta ter\u00e7a-feira (23) no pa\u00eds.\u00a0<strong>Veja os dados, consolidados \u00e0s 20h:<\/strong><\/p>\n<\/div>\n<div class=\"wall protected-content\">\n<div class=\"mc-column content-text active-extra-styles\" style=\"text-align: justify;\" data-block-type=\"raw\" data-block-weight=\"31\" data-block-id=\"2\">\n<ul class=\"content-unordered-list\">\n<li><strong>52.771 mortes<\/strong>; eram 51.407 at\u00e9 as 20h de segunda (22), uma diferen\u00e7a de\u00a0<strong>1.364 \u00f3bitos<\/strong><\/li>\n<li><strong>1.151.479 casos<\/strong>\u00a0confirmados; eram 1.111.348 at\u00e9 a noite de segunda, ou seja, houve\u00a0<strong>40.131 novos casos<\/strong><\/li>\n<\/ul>\n<\/div>\n<div class=\"mc-column content-text active-extra-styles \" style=\"text-align: justify;\" data-block-type=\"unstyled\" data-block-weight=\"34\" data-block-id=\"3\">\n<p class=\"content-text__container \" data-track-category=\"Link no Texto\" data-track-links=\"\">Esse \u00e9 o 2\u00ba maior registro de mortes divulgadas pelas secretarias estaduais de Sa\u00fade em 24 horas desde o in\u00edcio da pandemia. O recorde anterior foi de 1.470 mortes no dia 4 de junho.<\/p>\n<\/div>\n<div class=\"mc-column content-text active-extra-styles \" style=\"text-align: justify;\" data-block-type=\"unstyled\" data-block-weight=\"13\" data-block-id=\"4\">\n<p class=\"content-text__container \" data-track-category=\"Link no Texto\" data-track-links=\"\">S\u00e3o Paulo tamb\u00e9m teve mais uma vez o recorde di\u00e1rio de mortes (434).<\/p>\n<\/div>\n<div class=\"mc-column content-text active-extra-styles \" style=\"text-align: justify;\" data-block-type=\"unstyled\" data-block-weight=\"74\" data-block-id=\"5\">\n<p class=\"content-text__container \" data-track-category=\"Link no Texto\" data-track-links=\"\">Desde o dia 8 de junho, o\u00a0<strong>G1<\/strong>\u00a0faz parte de um cons\u00f3rcio de ve\u00edculos de imprensa que soma os registros de casos e mortes divulgados pelas secretarias estaduais da Sa\u00fade. O balan\u00e7o di\u00e1rio do cons\u00f3rcio leva em conta os dados divulgados entre as 20h de um dia e de outro. Antes do cons\u00f3rcio, o\u00a0<strong>G1<\/strong>\u00a0tamb\u00e9m contabilizava os dados divulgados pelas secretarias estaduais, com balan\u00e7o fechado da 0h \u00e0s 23h59 de cada dia.<\/p>\n<\/div>\n<div class=\"mc-column content-text active-extra-styles \" data-block-type=\"unstyled\" data-block-weight=\"43\" data-block-id=\"6\">\n<p class=\"content-text__container \" style=\"text-align: justify;\" data-track-category=\"Link no Texto\" data-track-links=\"\">O Brasil j\u00e1 tem mais que o dobro de mortes de \u00cdndia, China, Paquist\u00e3o e Indon\u00e9sia juntos \u2013 quatro pa\u00edses mais populosos \u2013, de acordo com dados compilados pela Universidade Johns Hopkins. O pa\u00eds s\u00f3 fica atr\u00e1s dos EUA em n\u00famero de v\u00edtimas.<\/p>\n<p style=\"text-align: justify;\" data-track-category=\"Link no Texto\" data-track-links=\"\">Fonte: https:\/\/g1.globo.com\/<\/p>\n<\/div>\n<\/div>\n","protected":false},"excerpt":{"rendered":"<p>\u00c9 o 2\u00ba maior registro em 24 horas desde o in\u00edcio da pandemia. No dia 4 de junho, houve 1.470, segundo dados das secretarias totalizados pelo G1 naquele dia. Levantamento mostra que Brasil tem mais que o dobro de mortes de \u00cdndia, China, Paquist\u00e3o e Indon\u00e9sia juntos \u2013 quatro pa\u00edses mais populosos. O Brasil teve [&hellip;]<\/p>\n","protected":false},"author":1,"featured_media":29186,"comment_status":"closed","ping_status":"open","sticky":false,"template":"","format":"standard","meta":{"footnotes":""},"categories":[110,122],"tags":[],"class_list":["post-29185","post","type-post","status-publish","format-standard","has-post-thumbnail","hentry","category-noticiasdestaque","category-saudeeducacaoeconcurso"],"_links":{"self":[{"href":"https:\/\/jorgezanoni.com.br\/2019\/wp-json\/wp\/v2\/posts\/29185","targetHints":{"allow":["GET"]}}],"collection":[{"href":"https:\/\/jorgezanoni.com.br\/2019\/wp-json\/wp\/v2\/posts"}],"about":[{"href":"https:\/\/jorgezanoni.com.br\/2019\/wp-json\/wp\/v2\/types\/post"}],"author":[{"embeddable":true,"href":"https:\/\/jorgezanoni.com.br\/2019\/wp-json\/wp\/v2\/users\/1"}],"replies":[{"embeddable":true,"href":"https:\/\/jorgezanoni.com.br\/2019\/wp-json\/wp\/v2\/comments?post=29185"}],"version-history":[{"count":0,"href":"https:\/\/jorgezanoni.com.br\/2019\/wp-json\/wp\/v2\/posts\/29185\/revisions"}],"wp:featuredmedia":[{"embeddable":true,"href":"https:\/\/jorgezanoni.com.br\/2019\/wp-json\/wp\/v2\/media\/29186"}],"wp:attachment":[{"href":"https:\/\/jorgezanoni.com.br\/2019\/wp-json\/wp\/v2\/media?parent=29185"}],"wp:term":[{"taxonomy":"category","embeddable":true,"href":"https:\/\/jorgezanoni.com.br\/2019\/wp-json\/wp\/v2\/categories?post=29185"},{"taxonomy":"post_tag","embeddable":true,"href":"https:\/\/jorgezanoni.com.br\/2019\/wp-json\/wp\/v2\/tags?post=29185"}],"curies":[{"name":"wp","href":"https:\/\/api.w.org\/{rel}","templated":true}]}}