{"id":29179,"date":"2020-06-23T23:13:05","date_gmt":"2020-06-23T23:13:05","guid":{"rendered":"https:\/\/jorgezanoni.com.br\/2019\/?p=29179"},"modified":"2020-06-23T23:13:05","modified_gmt":"2020-06-23T23:13:05","slug":"camara-aprova-texto-base-de-projeto-que-altera-codigo-de-transito-saiba-ponto-a-ponto","status":"publish","type":"post","link":"https:\/\/jorgezanoni.com.br\/2019\/camara-aprova-texto-base-de-projeto-que-altera-codigo-de-transito-saiba-ponto-a-ponto\/","title":{"rendered":"C\u00e2mara aprova texto-base de projeto que altera C\u00f3digo de Tr\u00e2nsito; saiba ponto a ponto"},"content":{"rendered":"<h2 class=\"content-head__subtitle\" style=\"text-align: justify;\"><strong>Entre as mudan\u00e7as, est\u00e3o aumento do n\u00famero de pontos da CNH para alguns motoristas, assim como a prorroga\u00e7\u00e3o da validade.<\/strong><\/h2>\n<div class=\"mc-column content-text active-extra-styles \" style=\"text-align: justify;\" data-block-type=\"unstyled\" data-block-weight=\"22\" data-block-id=\"2\">\n<p class=\"content-text__container \" data-track-category=\"Link no Texto\" data-track-links=\"\">A\u00a0<a href=\"https:\/\/g1.globo.com\/tudo-sobre\/camara-dos-deputados\/\">C\u00e2mara dos Deputados<\/a>\u00a0aprovou nesta ter\u00e7a-feira (23) o texto-base do projeto do governo que\u00a0<a href=\"https:\/\/g1.globo.com\/politica\/noticia\/2020\/06\/23\/codigo-de-transito-camara-preve-votar-projeto-nesta-terca-feira-oposicao-promete-obstruir.ghtml\">muda trechos do C\u00f3digo de Tr\u00e2nsito Brasileiro<\/a>.<\/p>\n<\/div>\n<div class=\"wall protected-content\">\n<div class=\"mc-column content-text active-extra-styles \" style=\"text-align: justify;\" data-block-type=\"unstyled\" data-block-weight=\"39\" data-block-id=\"3\">\n<p class=\"content-text__container \" data-track-category=\"Link no Texto\" data-track-links=\"\">Para concluir a vota\u00e7\u00e3o, os parlamentares ainda precisam analisar os destaques, isto \u00e9, sugest\u00f5es de altera\u00e7\u00e3o do texto. Esta etapa n\u00e3o havia sido finalizada at\u00e9 a \u00faltima atualiza\u00e7\u00e3o desta reportagem. Em seguida, o projeto seguir\u00e1 para o\u00a0<a href=\"https:\/\/g1.globo.com\/tudo-sobre\/senado-federal\/\">Senado<\/a>.<\/p>\n<\/div>\n<div class=\"mc-column content-text active-extra-styles \" style=\"text-align: justify;\" data-block-type=\"unstyled\" data-block-weight=\"7\" data-block-id=\"4\">\n<p class=\"content-text__container \" data-track-category=\"Link no Texto\" data-track-links=\"\">Entre as mudan\u00e7as aprovadas pelos deputados, est\u00e3o:<\/p>\n<\/div>\n<div class=\"mc-column content-text active-extra-styles\" style=\"text-align: justify;\" data-block-type=\"raw\" data-block-weight=\"24\" data-block-id=\"5\">\n<ul class=\"content-unordered-list\">\n<li>aumento do n\u00famero de pontos para suspens\u00e3o, em raz\u00e3o de multas, da Carteira Nacional de Habilita\u00e7\u00e3o (CNH);<\/li>\n<li>prorroga\u00e7\u00e3o do prazo da validade desse documento.<\/li>\n<\/ul>\n<\/div>\n<div class=\"mc-column content-text active-extra-styles \" style=\"text-align: justify;\" data-block-type=\"unstyled\" data-block-weight=\"31\" data-block-id=\"6\">\n<p class=\"content-text__container \" data-track-category=\"Link no Texto\" data-track-links=\"\">Pontos da\u00a0<a href=\"https:\/\/g1.globo.com\/politica\/noticia\/2019\/06\/04\/bolsonaro-chega-a-camara-para-entregar-projeto-que-muda-regras-da-cnh.ghtml\">proposta original enviada pelo governo<\/a>, como a retirada da multa para quem transportar crian\u00e7a sem a cadeirinha, ficaram de fora do relat\u00f3rio apresentado pelo deputado Juscelino Filho (DEM-MA).<\/p>\n<\/div>\n<div class=\"mc-column content-text active-extra-styles \" style=\"text-align: justify;\" data-block-type=\"unstyled\" data-block-weight=\"31\" data-block-id=\"7\">\n<p class=\"content-text__container \" data-track-category=\"Link no Texto\" data-track-links=\"\">Considerado um assunto priorit\u00e1rio pelo Pal\u00e1cio do Planalto, o projeto foi apresentado em junho do ano passado pelo presidente\u00a0<a href=\"https:\/\/g1.globo.com\/politica\/politico\/jair-bolsonaro\/\">Jair Bolsonaro<\/a>, que\u00a0<a href=\"https:\/\/g1.globo.com\/politica\/noticia\/2019\/06\/04\/bolsonaro-chega-a-camara-para-entregar-projeto-que-muda-regras-da-cnh.ghtml\">foi pessoalmente \u00e0 C\u00e2mara fazer a entrega do texto<\/a>.<\/p>\n<\/div>\n<div class=\"mc-column content-text active-extra-styles \" style=\"text-align: justify;\" data-block-type=\"unstyled\" data-block-weight=\"24\" data-block-id=\"8\">\n<p class=\"content-text__container \" data-track-category=\"Link no Texto\" data-track-links=\"\">No m\u00eas passado, Bolsonaro, em reuni\u00e3o com o presidente da C\u00e2mara, Rodrigo Maia (DEM-RJ), chegou a fazer um apelo para o projeto ser votado.<\/p>\n<\/div>\n<div class=\"mc-column content-text active-extra-styles \" data-block-type=\"unstyled\" data-block-weight=\"36\" data-block-id=\"9\">\n<p class=\"content-text__container \" style=\"text-align: justify;\" data-track-category=\"Link no Texto\" data-track-links=\"\">Partidos de oposi\u00e7\u00e3o tentaram obstruir o texto, atrasando a vota\u00e7\u00e3o, por serem contr\u00e1rios ao conte\u00fado do projeto e, tamb\u00e9m, por defenderem que a C\u00e2mara deve dar prioridade a pautas relacionadas \u00e0 pandemia do novo coronav\u00edrus.<\/p>\n<div class=\"mc-column content-text active-extra-styles\" style=\"text-align: justify;\" data-block-type=\"raw\" data-block-weight=\"3\" data-block-id=\"12\">\n<div class=\"content-intertitle\">\n<h2>Ponto a ponto<\/h2>\n<\/div>\n<\/div>\n<div class=\"mc-column content-text active-extra-styles \" style=\"text-align: justify;\" data-block-type=\"unstyled\" data-block-weight=\"9\" data-block-id=\"13\">\n<p class=\"content-text__container \" data-track-category=\"Link no Texto\" data-track-links=\"\">Saiba ponto a ponto o que diz o projeto:<\/p>\n<\/div>\n<div class=\"mc-column content-text active-extra-styles \" style=\"text-align: justify;\" data-block-type=\"unstyled\" data-block-weight=\"3\" data-block-id=\"14\">\n<p class=\"content-text__container \" data-track-category=\"Link no Texto\" data-track-links=\"\"><strong>Validade da CNH<\/strong><\/p>\n<\/div>\n<div class=\"mc-column content-text active-extra-styles \" style=\"text-align: justify;\" data-block-type=\"unstyled\" data-block-weight=\"28\" data-block-id=\"15\">\n<p class=\"content-text__container \" data-track-category=\"Link no Texto\" data-track-links=\"\">O projeto amplia o prazo para a renova\u00e7\u00e3o dos exames de aptid\u00e3o f\u00edsica e mental para a renova\u00e7\u00e3o da CNH, de acordo com as seguintes situa\u00e7\u00f5es:<\/p>\n<\/div>\n<div class=\"mc-column content-text active-extra-styles\" style=\"text-align: justify;\" data-block-type=\"raw\" data-block-weight=\"27\" data-block-id=\"16\">\n<ul class=\"content-unordered-list\">\n<li><strong>10 anos<\/strong>\u00a0para condutores com\u00a0<strong>menos de 50 anos<\/strong>;<\/li>\n<li><strong>5 anos<\/strong>\u00a0para condutores\u00a0<strong>entre 50 e 70 anos<\/strong>;<\/li>\n<li><strong>3 anos<\/strong>\u00a0para condutores com\u00a0<strong>mais de 70 anos<\/strong>.<\/li>\n<\/ul>\n<\/div>\n<div class=\"mc-column content-text active-extra-styles \" style=\"text-align: justify;\" data-block-type=\"unstyled\" data-block-weight=\"24\" data-block-id=\"17\">\n<p class=\"content-text__container \" data-track-category=\"Link no Texto\" data-track-links=\"\">Para os motoristas com menos de 50 anos que exercem atividade remunerada em ve\u00edculo, a periodicidade de renova\u00e7\u00e3o ser\u00e1 menor, de cinco anos.<\/p>\n<\/div>\n<div class=\"mc-column content-text active-extra-styles \" style=\"text-align: justify;\" data-block-type=\"unstyled\" data-block-weight=\"38\" data-block-id=\"18\">\n<p class=\"content-text__container \" data-track-category=\"Link no Texto\" data-track-links=\"\">O texto prev\u00ea, ainda, que em caso de ind\u00edcios de defici\u00eancia f\u00edsica ou mental ou de progressividade de doen\u00e7a que diminua a capacidade de condu\u00e7\u00e3o, o perito examinador pode diminuir os prazos para a renova\u00e7\u00e3o da carteira.<\/p>\n<\/div>\n<div class=\"mc-column content-text active-extra-styles \" style=\"text-align: justify;\" data-block-type=\"unstyled\" data-block-weight=\"30\" data-block-id=\"19\">\n<p class=\"content-text__container \" data-track-category=\"Link no Texto\" data-track-links=\"\">Atualmente, o C\u00f3digo de Tr\u00e2nsito prev\u00ea a renova\u00e7\u00e3o a cada cinco anos para a maioria dos motoristas e a cada tr\u00eas anos para condutores com mais de 65 anos.<\/p>\n<\/div>\n<div class=\"mc-column content-text active-extra-styles \" style=\"text-align: justify;\" data-block-type=\"unstyled\" data-block-weight=\"27\" data-block-id=\"20\">\n<p class=\"content-text__container \" data-track-category=\"Link no Texto\" data-track-links=\"\">J\u00e1 o texto enviado pelo governo previa a renova\u00e7\u00e3o dos exames a cada 10 anos e, para pessoas acima de 65 anos, a cada cinco anos.<\/p>\n<\/div>\n<div class=\"mc-column content-text active-extra-styles \" style=\"text-align: justify;\" data-block-type=\"unstyled\" data-block-weight=\"3\" data-block-id=\"21\">\n<p class=\"content-text__container \" data-track-category=\"Link no Texto\" data-track-links=\"\"><strong>Exame de aptid\u00e3o<\/strong><\/p>\n<\/div>\n<div class=\"mc-column content-text active-extra-styles \" style=\"text-align: justify;\" data-block-type=\"unstyled\" data-block-weight=\"53\" data-block-id=\"22\">\n<p class=\"content-text__container \" data-track-category=\"Link no Texto\" data-track-links=\"\">O texto determina, ainda, que os exames de aptid\u00e3o f\u00edsica e mental sejam realizados por m\u00e9dicos e psic\u00f3logos peritos examinadores, com a titula\u00e7\u00e3o de especialista em medicina do tr\u00e1fego ou em psicologia de tr\u00e2nsito, respectivamente. A legisla\u00e7\u00e3o atual n\u00e3o deixa expl\u00edcita essa exig\u00eancia, e os requisitos constam apenas em resolu\u00e7\u00f5es do Contran.<\/p>\n<\/div>\n<div class=\"content-ads content-ads--reveal\" style=\"text-align: justify;\" data-block-type=\"ads\" data-block-id=\"23\">\n<div id=\"banner_materia__304648dd-59d2-4c1f-8c45-a7fbf734ebc0\" class=\"tag-manager-publicidade-container mc-has-reveal mc-has-ad-lazyload tag-manager-publicidade-banner_materia__304648dd-59d2-4c1f-8c45-a7fbf734ebc0 tag-manager-publicidade-container--carregado tag-manager-publicidade-container--visivel\" data-id=\"banner_materia__304648dd-59d2-4c1f-8c45-a7fbf734ebc0\" data-google-query-id=\"CLerxuyFmeoCFRPAhgod5pgIFw\" data-cid=\"138296393630\" data-lid=\"5237556924\">\n<div id=\"google_ads_iframe_\/95377733\/tvg_G1\/Politica_3__container__\">Pela proposta, os exames devem ser avaliados &#8220;objetivamente&#8221; pelos examinados, o que subsidiar\u00e1 a fiscaliza\u00e7\u00e3o sobre o profissional credenciado feita pelos \u00f3rg\u00e3os de tr\u00e2nsito em colabora\u00e7\u00e3o com os conselhos profissionais.<\/div>\n<\/div>\n<\/div>\n<div class=\"mc-column content-text active-extra-styles \" style=\"text-align: justify;\" data-block-type=\"unstyled\" data-block-weight=\"3\" data-block-id=\"25\">\n<p class=\"content-text__container \" data-track-category=\"Link no Texto\" data-track-links=\"\"><strong>Pontua\u00e7\u00e3o da CNH<\/strong><\/p>\n<\/div>\n<div class=\"mc-column content-text active-extra-styles \" style=\"text-align: justify;\" data-block-type=\"unstyled\" data-block-weight=\"21\" data-block-id=\"26\">\n<p class=\"content-text__container \" data-track-category=\"Link no Texto\" data-track-links=\"\">O projeto tamb\u00e9m prev\u00ea limites diferentes de pontua\u00e7\u00e3o na carteira de motorista, antes da suspens\u00e3o, no prazo de 12 meses:<\/p>\n<\/div>\n<div class=\"mc-column content-text active-extra-styles\" style=\"text-align: justify;\" data-block-type=\"raw\" data-block-weight=\"26\" data-block-id=\"27\">\n<ul class=\"content-unordered-list\">\n<li><strong>40 pontos<\/strong>\u00a0para quem n\u00e3o tiver infra\u00e7\u00e3o grav\u00edssima;<\/li>\n<li><strong>30 pontos<\/strong>\u00a0para quem possuir uma grav\u00edssima;<\/li>\n<li><strong>20 pontos<\/strong>\u00a0para quem tiver duas ou mais infra\u00e7\u00f5es do tipo.<\/li>\n<\/ul>\n<\/div>\n<div class=\"mc-column content-text active-extra-styles \" style=\"text-align: justify;\" data-block-type=\"unstyled\" data-block-weight=\"41\" data-block-id=\"28\">\n<p class=\"content-text__container \" data-track-category=\"Link no Texto\" data-track-links=\"\">Os motoristas profissionais ter\u00e3o 40 pontos de teto, independentemente das infra\u00e7\u00f5es cometidas. Esses condutores podem participar de curso preventivo de reciclagem quando atingirem 30 pontos. A legisla\u00e7\u00e3o atual prev\u00ea a suspens\u00e3o da carteira sempre que o infrator atingir 20 pontos.<\/p>\n<\/div>\n<div class=\"mc-column content-text active-extra-styles \" style=\"text-align: justify;\" data-block-type=\"unstyled\" data-block-weight=\"25\" data-block-id=\"29\">\n<p class=\"content-text__container \" data-track-category=\"Link no Texto\" data-track-links=\"\">O projeto original do governo previa uma amplia\u00e7\u00e3o geral, de 40 pontos para todos os motoristas, independentemente da vincula\u00e7\u00e3o por infra\u00e7\u00e3o criada pelo relator.<\/p>\n<\/div>\n<div class=\"mc-column content-text active-extra-styles \" style=\"text-align: justify;\" data-block-type=\"unstyled\" data-block-weight=\"2\" data-block-id=\"30\">\n<p class=\"content-text__container \" data-track-category=\"Link no Texto\" data-track-links=\"\"><strong>Avalia\u00e7\u00e3o psicol\u00f3gica<\/strong><\/p>\n<\/div>\n<div class=\"mc-column content-text active-extra-styles \" style=\"text-align: justify;\" data-block-type=\"unstyled\" data-block-weight=\"12\" data-block-id=\"31\">\n<p class=\"content-text__container \" data-track-category=\"Link no Texto\" data-track-links=\"\">O relator incluiu, tamb\u00e9m, a exig\u00eancia de avalia\u00e7\u00e3o psicol\u00f3gica quando o condutor:<\/p>\n<\/div>\n<div class=\"mc-column content-text active-extra-styles\" data-block-type=\"raw\" data-block-weight=\"31\" data-block-id=\"32\">\n<ul class=\"content-unordered-list\" style=\"text-align: justify;\">\n<li>se envolver em acidente grave para o qual tenha contribu\u00eddo;<\/li>\n<li>ser condenado judicialmente por delito de tr\u00e2nsito;<\/li>\n<li>estiver colocando em risco a seguran\u00e7a do tr\u00e2nsito, por decis\u00e3o da autoridade de tr\u00e2nsito.<\/li>\n<\/ul>\n<div class=\"mc-column content-text active-extra-styles\" style=\"text-align: justify;\" data-block-type=\"raw\" data-block-weight=\"1\" data-block-id=\"34\">\n<div class=\"content-intertitle\">\n<h2>Cadeirinha<\/h2>\n<\/div>\n<\/div>\n<div class=\"mc-column content-text active-extra-styles \" style=\"text-align: justify;\" data-block-type=\"unstyled\" data-block-weight=\"39\" data-block-id=\"35\">\n<p class=\"content-text__container \" data-track-category=\"Link no Texto\" data-track-links=\"\">O projeto aprovado determina tamb\u00e9m a obrigatoriedade do uso da cadeirinha para crian\u00e7as de\u00a0<strong>at\u00e9 10 anos<\/strong> que ainda n\u00e3o atingiram 1,45 m de altura. Pelo texto, o descumprimento desta regra ocasionar\u00e1 uma multa correspondente a uma infra\u00e7\u00e3o grav\u00edssima.<\/p>\n<\/div>\n<div class=\"mc-column content-text active-extra-styles \" style=\"text-align: justify;\" data-block-type=\"unstyled\" data-block-weight=\"41\" data-block-id=\"37\">\n<p class=\"content-text__container \" data-track-category=\"Link no Texto\" data-track-links=\"\">A proposta original do governo previa que a puni\u00e7\u00e3o para o descumprimento fosse apenas uma advert\u00eancia por escrito, sem a multa. Pela proposta do Executivo, endurecida pelo relator, a cadeirinha seria necess\u00e1ria para crian\u00e7as de at\u00e9 7 anos e meio.<\/p>\n<\/div>\n<div class=\"mc-column content-text active-extra-styles\" style=\"text-align: justify;\" data-block-type=\"raw\" data-block-weight=\"2\" data-block-id=\"38\">\n<div class=\"content-intertitle\">\n<h2>Exames toxicol\u00f3gicos<\/h2>\n<\/div>\n<\/div>\n<div class=\"mc-column content-text active-extra-styles \" style=\"text-align: justify;\" data-block-type=\"unstyled\" data-block-weight=\"25\" data-block-id=\"39\">\n<p class=\"content-text__container \" data-track-category=\"Link no Texto\" data-track-links=\"\">Sobre a renova\u00e7\u00e3o da carteira de habilita\u00e7\u00e3o, o texto tamb\u00e9m mant\u00e9m a obrigatoriedade de exames toxicol\u00f3gicos para motoristas das categorias C, D e E.<\/p>\n<\/div>\n<div class=\"mc-column content-text active-extra-styles \" style=\"text-align: justify;\" data-block-type=\"unstyled\" data-block-weight=\"25\" data-block-id=\"40\">\n<p class=\"content-text__container \" data-track-category=\"Link no Texto\" data-track-links=\"\">O fim da obrigatoriedade do exame era um dos pontos pol\u00eamicos do texto e foi alvo de cr\u00edticas de parlamentares e entidades ligadas ao setor.<\/p>\n<\/div>\n<div class=\"mc-column content-text active-extra-styles \" style=\"text-align: justify;\" data-block-type=\"unstyled\" data-block-weight=\"45\" data-block-id=\"41\">\n<p class=\"content-text__container \" data-track-category=\"Link no Texto\" data-track-links=\"\">Segundo a proposta, quem tem idade inferior a 70 anos tamb\u00e9m ter\u00e1 que se submeter ao exame a cada dois anos e meio, independentemente da validade da CNH. Objetivo \u00e9 impedir que eventual mudan\u00e7a do prazo da carteira implique em altera\u00e7\u00e3o na periodicidade do exame.<\/p>\n<\/div>\n<div class=\"mc-column content-text active-extra-styles\" style=\"text-align: justify;\" data-block-type=\"raw\" data-block-weight=\"1\" data-block-id=\"42\">\n<div class=\"content-intertitle\">\n<h2><strong>Motos<\/strong><\/h2>\n<\/div>\n<\/div>\n<div class=\"mc-column content-text active-extra-styles \" style=\"text-align: justify;\" data-block-type=\"unstyled\" data-block-weight=\"20\" data-block-id=\"43\">\n<p class=\"content-text__container \" data-track-category=\"Link no Texto\" data-track-links=\"\">O projeto estabelece regras para a circula\u00e7\u00e3o de motocicletas, motonetas e ciclomotores quando o tr\u00e2nsito estiver parado ou lento.<\/p>\n<\/div>\n<div class=\"mc-column content-text active-extra-styles \" style=\"text-align: justify;\" data-block-type=\"unstyled\" data-block-weight=\"20\" data-block-id=\"44\">\n<p class=\"content-text__container \" data-track-category=\"Link no Texto\" data-track-links=\"\">Pelo texto, os motociclistas devem transitar com velocidade compat\u00edvel com a seguran\u00e7a dos pedestres e demais ve\u00edculos nessas situa\u00e7\u00f5es.<\/p>\n<\/div>\n<div class=\"mc-column content-text active-extra-styles \" style=\"text-align: justify;\" data-block-type=\"unstyled\" data-block-weight=\"46\" data-block-id=\"45\">\n<p class=\"content-text__container \" data-track-category=\"Link no Texto\" data-track-links=\"\">A proposta cria ainda uma \u201c\u00e1rea de espera\u201d para motociclistas junto aos sem\u00e1foro. O projeto diz que haver\u00e1 uma \u00e1rea delimitada por duas linhas de reten\u00e7\u00e3o, destinada exclusivamente \u00e0 espera destes ve\u00edculos pr\u00f3ximos aos sem\u00e1foros, imediatamente \u00e0 frente da linha de reten\u00e7\u00e3o dos demais ve\u00edculos.<\/p>\n<\/div>\n<div class=\"mc-column content-text active-extra-styles\" style=\"text-align: justify;\" data-block-type=\"raw\" data-block-weight=\"1\" data-block-id=\"46\">\n<div class=\"content-intertitle\">\n<h2><strong>Recall<\/strong><\/h2>\n<\/div>\n<\/div>\n<div class=\"mc-column content-text active-extra-styles \" style=\"text-align: justify;\" data-block-type=\"unstyled\" data-block-weight=\"34\" data-block-id=\"47\">\n<p class=\"content-text__container \" data-track-category=\"Link no Texto\" data-track-links=\"\">O projeto torna o recall das concession\u00e1rias &#8211; convoca\u00e7\u00e3o de propriet\u00e1rios para reparar defeitos constatados nos ve\u00edculos &#8211; uma condi\u00e7\u00e3o para o licenciamento anual do ve\u00edculo a partir do segundo ano ap\u00f3s o chamamento.<\/p>\n<\/div>\n<div class=\"mc-column content-text active-extra-styles \" style=\"text-align: justify;\" data-block-type=\"unstyled\" data-block-weight=\"24\" data-block-id=\"48\">\n<p class=\"content-text__container \" data-track-category=\"Link no Texto\" data-track-links=\"\">Segundo o relator, s\u00e3o frequentes os casos de descumprimento do procedimento, colocando em risco a seguran\u00e7a dos condutores desses ve\u00edculos e de outras pessoas.<\/p>\n<\/div>\n<div class=\"mc-column content-text active-extra-styles\" style=\"text-align: justify;\" data-block-type=\"raw\" data-block-weight=\"2\" data-block-id=\"49\">\n<div class=\"content-intertitle\">\n<h2><strong>Cadastro positivo<\/strong><\/h2>\n<\/div>\n<\/div>\n<div class=\"mc-column content-text active-extra-styles \" style=\"text-align: justify;\" data-block-type=\"unstyled\" data-block-weight=\"30\" data-block-id=\"50\">\n<p class=\"content-text__container \" data-track-category=\"Link no Texto\" data-track-links=\"\">A proposta cria o Registro Nacional Positivo de Condutores (RNPC), em que ser\u00e3o cadastrados os condutores que n\u00e3o tenham cometido infra\u00e7\u00e3o de tr\u00e2nsito sujeita a pontua\u00e7\u00e3o nos \u00faltimos 12 meses.<\/p>\n<\/div>\n<div class=\"mc-column content-text active-extra-styles \" style=\"text-align: justify;\" data-block-type=\"unstyled\" data-block-weight=\"17\" data-block-id=\"52\">\n<p class=\"content-text__container \" data-track-category=\"Link no Texto\" data-track-links=\"\">O cadastro positivo vai possibilitar que estados e munic\u00edpios concedam benef\u00edcios fiscais e tarif\u00e1rios aos condutores cadastrados.<\/p>\n<\/div>\n<div class=\"mc-column content-text active-extra-styles \" style=\"text-align: justify;\" data-block-type=\"unstyled\" data-block-weight=\"45\" data-block-id=\"53\">\n<p class=\"content-text__container \" data-track-category=\"Link no Texto\" data-track-links=\"\">Inicialmente, o relat\u00f3rio previa que, na Semana Nacional de Tr\u00e2nsito, comemorada em setembro, haveria um sorteio no valor de 1% do montante arrecadado com as multas para premiar os motoristas do cadastro. Contudo, Juscelino Filho retirou essa parte ao acolher uma emenda de plen\u00e1rio.<\/p>\n<\/div>\n<div class=\"mc-column content-text active-extra-styles\" style=\"text-align: justify;\" data-block-type=\"raw\" data-block-weight=\"3\" data-block-id=\"54\">\n<div class=\"content-intertitle\">\n<h2><strong>Escolinhas de tr\u00e2nsito<\/strong><\/h2>\n<\/div>\n<\/div>\n<div class=\"mc-column content-text active-extra-styles \" style=\"text-align: justify;\" data-block-type=\"unstyled\" data-block-weight=\"25\" data-block-id=\"55\">\n<p class=\"content-text__container \" data-track-category=\"Link no Texto\" data-track-links=\"\">O projeto prev\u00ea a cria\u00e7\u00e3o de escolinhas de tr\u00e2nsito para crian\u00e7as e adolescentes com aulas te\u00f3ricas e pr\u00e1ticas sobre legisla\u00e7\u00e3o, sinaliza\u00e7\u00e3o e comportamento no tr\u00e2nsito.<\/p>\n<\/div>\n<div class=\"mc-column content-text active-extra-styles\" style=\"text-align: justify;\" data-block-type=\"raw\" data-block-weight=\"2\" data-block-id=\"56\">\n<div class=\"content-intertitle\">\n<h2>Consulta p\u00fablica<\/h2>\n<\/div>\n<\/div>\n<div class=\"mc-column content-text active-extra-styles \" style=\"text-align: justify;\" data-block-type=\"unstyled\" data-block-weight=\"30\" data-block-id=\"57\">\n<p class=\"content-text__container \" data-track-category=\"Link no Texto\" data-track-links=\"\">As propostas de normas regulamentares a serem editadas pelo Contran dever\u00e3o sejam submetidas a consulta p\u00fablica antes da entrada em vigor. Objetivo \u00e9 dar mais transpar\u00eancia \u00e0s decis\u00f5es do conselho.<\/p>\n<\/div>\n<div class=\"mc-column content-text active-extra-styles\" style=\"text-align: justify;\" data-block-type=\"raw\" data-block-weight=\"2\" data-block-id=\"58\">\n<div class=\"content-intertitle\">\n<h2>Multas administrativas<\/h2>\n<\/div>\n<\/div>\n<div class=\"mc-column content-text active-extra-styles \" style=\"text-align: justify;\" data-block-type=\"unstyled\" data-block-weight=\"22\" data-block-id=\"59\">\n<p class=\"content-text__container \" data-track-category=\"Link no Texto\" data-track-links=\"\">O parecer prop\u00f5e a isen\u00e7\u00e3o de pontos na carteira de motorista em algumas situa\u00e7\u00f5es de infra\u00e7\u00f5es de natureza administrativa, por exemplo:<\/p>\n<\/div>\n<div class=\"mc-column content-text active-extra-styles\" style=\"text-align: justify;\" data-block-type=\"raw\" data-block-weight=\"44\" data-block-id=\"60\">\n<ul class=\"content-unordered-list\">\n<li>Conduzir ve\u00edculo com a cor ou caracter\u00edstica alterada;<\/li>\n<li>Conduzir ve\u00edculo sem os documentos de porte obrigat\u00f3rio;<\/li>\n<li>Portar no ve\u00edculo placas em desacordo com as especifica\u00e7\u00f5es e modelos estabelecidos pelo Contran;<\/li>\n<li>Deixar de atualizar o cadastro de registro do ve\u00edculo ou de habilita\u00e7\u00e3o do condutor.<\/li>\n<\/ul>\n<\/div>\n<div class=\"mc-column content-text active-extra-styles \" style=\"text-align: justify;\" data-block-type=\"unstyled\" data-block-weight=\"9\" data-block-id=\"61\">\n<p class=\"content-text__container \" data-track-category=\"Link no Texto\" data-track-links=\"\">As multas para essas situa\u00e7\u00f5es, contudo, est\u00e3o mantidas.<\/p>\n<\/div>\n<div class=\"mc-column content-text active-extra-styles\" style=\"text-align: justify;\" data-block-type=\"raw\" data-block-weight=\"2\" data-block-id=\"62\">\n<div class=\"content-intertitle\">\n<h2>Outros pontos<\/h2>\n<\/div>\n<\/div>\n<div class=\"mc-column content-text active-extra-styles \" style=\"text-align: justify;\" data-block-type=\"unstyled\" data-block-weight=\"3\" data-block-id=\"63\">\n<p class=\"content-text__container \" data-track-category=\"Link no Texto\" data-track-links=\"\">Saiba outros pontos:<\/p>\n<\/div>\n<div class=\"mc-column content-text active-extra-styles\" data-block-type=\"raw\" data-block-weight=\"240\" data-block-id=\"64\">\n<ul class=\"content-unordered-list\" style=\"text-align: justify;\">\n<li><strong>Reprova\u00e7\u00e3o de exame:\u00a0<\/strong>o projeto revoga dispositivo do C\u00f3digo de Tr\u00e2nsito que determinava que o exame escrito sobre legisla\u00e7\u00e3o de tr\u00e2nsito ou de dire\u00e7\u00e3o veicular s\u00f3 poderia ser refeito 15 dias depois da divulga\u00e7\u00e3o do resultado, em caso de reprova\u00e7\u00e3o;<\/li>\n<li><strong>Far\u00f3is:\u00a0<\/strong>o texto determina a obrigatoriedade de manter os far\u00f3is acesos durante o dia, em t\u00faneis e sob chuva, neblina ou cerra\u00e7\u00e3o, e \u00e0 noite. A proposta, contudo, flexibiliza a obrigatoriedade dos far\u00f3is nas rodovias, previstas atualmente em lei &#8211; pela proposta, a obrigatoriedade \u00e9 apenas para ve\u00edculos que n\u00e3o tenham luzes de rodagem diurna em rodovias de pista simples;<\/li>\n<li><strong>Capacete sem viseira:\u00a0<\/strong>a proposta altera trecho do C\u00f3digo de Tr\u00e2nsito que trata da obrigatoriedade do uso do capacete, retirando a men\u00e7\u00e3o sobre a viseira &#8211; o que, atualmente, \u00e9 considerado infra\u00e7\u00e3o grav\u00edssima. O n\u00e3o uso viseira no capacete ou do \u00f3culos de prote\u00e7\u00e3o ganhou um artigo separado na lei, tornando-se infra\u00e7\u00e3o m\u00e9dia;<\/li>\n<li><strong>Aulas \u00e0 noite:<\/strong>\u00a0o projeto tamb\u00e9m retira a obrigatoriedade de que parte das aulas de dire\u00e7\u00e3o sejam feitas \u00e0 noite;<\/li>\n<li><strong>Policiais legislativos:\u00a0<\/strong>o texto prev\u00ea que os policiais legislativos da C\u00e2mara dos Deputados e do Senado, mediante conv\u00eanio com o \u00f3rg\u00e3o ou entidade de tr\u00e2nsito local, poder\u00e3o autuar os motoristas em caso de infra\u00e7\u00e3o cometida nas adjac\u00eancias do Congresso Nacional quando estiverem comprometendo os servi\u00e7os ou colocando em risco a seguran\u00e7a das pessoas ou o patrim\u00f4nio do Legislativo. Os autos de infra\u00e7\u00e3o ser\u00e3o encaminhadas ao \u00f3rg\u00e3o competente.<\/li>\n<\/ul>\n<p style=\"text-align: justify;\">Fonte: G1<\/p>\n<\/div>\n<\/div>\n<\/div>\n<\/div>\n","protected":false},"excerpt":{"rendered":"<p>Entre as mudan\u00e7as, est\u00e3o aumento do n\u00famero de pontos da CNH para alguns motoristas, assim como a prorroga\u00e7\u00e3o da validade. A\u00a0C\u00e2mara dos Deputados\u00a0aprovou nesta ter\u00e7a-feira (23) o texto-base do projeto do governo que\u00a0muda trechos do C\u00f3digo de Tr\u00e2nsito Brasileiro. Para concluir a vota\u00e7\u00e3o, os parlamentares ainda precisam analisar os destaques, isto \u00e9, sugest\u00f5es de altera\u00e7\u00e3o [&hellip;]<\/p>\n","protected":false},"author":1,"featured_media":29180,"comment_status":"closed","ping_status":"open","sticky":false,"template":"","format":"standard","meta":{"footnotes":""},"categories":[180,110],"tags":[],"class_list":["post-29179","post","type-post","status-publish","format-standard","has-post-thumbnail","hentry","category-estradastransitoveiculos","category-noticiasdestaque"],"_links":{"self":[{"href":"https:\/\/jorgezanoni.com.br\/2019\/wp-json\/wp\/v2\/posts\/29179","targetHints":{"allow":["GET"]}}],"collection":[{"href":"https:\/\/jorgezanoni.com.br\/2019\/wp-json\/wp\/v2\/posts"}],"about":[{"href":"https:\/\/jorgezanoni.com.br\/2019\/wp-json\/wp\/v2\/types\/post"}],"author":[{"embeddable":true,"href":"https:\/\/jorgezanoni.com.br\/2019\/wp-json\/wp\/v2\/users\/1"}],"replies":[{"embeddable":true,"href":"https:\/\/jorgezanoni.com.br\/2019\/wp-json\/wp\/v2\/comments?post=29179"}],"version-history":[{"count":0,"href":"https:\/\/jorgezanoni.com.br\/2019\/wp-json\/wp\/v2\/posts\/29179\/revisions"}],"wp:featuredmedia":[{"embeddable":true,"href":"https:\/\/jorgezanoni.com.br\/2019\/wp-json\/wp\/v2\/media\/29180"}],"wp:attachment":[{"href":"https:\/\/jorgezanoni.com.br\/2019\/wp-json\/wp\/v2\/media?parent=29179"}],"wp:term":[{"taxonomy":"category","embeddable":true,"href":"https:\/\/jorgezanoni.com.br\/2019\/wp-json\/wp\/v2\/categories?post=29179"},{"taxonomy":"post_tag","embeddable":true,"href":"https:\/\/jorgezanoni.com.br\/2019\/wp-json\/wp\/v2\/tags?post=29179"}],"curies":[{"name":"wp","href":"https:\/\/api.w.org\/{rel}","templated":true}]}}