{"id":29136,"date":"2020-06-23T01:45:50","date_gmt":"2020-06-23T01:45:50","guid":{"rendered":"https:\/\/jorgezanoni.com.br\/2019\/?p=29136"},"modified":"2020-06-23T01:45:50","modified_gmt":"2020-06-23T01:45:50","slug":"unifadra-convida-para-live-da-inclusao","status":"publish","type":"post","link":"https:\/\/jorgezanoni.com.br\/2019\/unifadra-convida-para-live-da-inclusao\/","title":{"rendered":"Unifadra convida para Live da Inclus\u00e3o"},"content":{"rendered":"<p dir=\"ltr\" style=\"text-align: justify;\">Unifadra convida para Live da Inclus\u00e3o<br \/>\nO evento Semana da Inclus\u00e3o da Pessoa com Defici\u00eancia, realizado anualmente, neste ano ser\u00e1 on-line, transmitido ao vivo.<\/p>\n<p dir=\"ltr\" style=\"text-align: justify;\">Em virtude do isolamento social por conta da pandemia, a V Semana da Inclus\u00e3o da Pessoa com Defici\u00eancia ser\u00e1 realizada on-line, ao vivo. O evento, organizado anualmente pelos alunos do curso de Psicologia da Faculdade Unifadra\/Fundec de Dracena, ser\u00e1 realizado no dia 23 de junho, \u00e0s 19h, no canal do Youtube da Fundec (Fundec Dracena).<br \/>\nO evento faz parte da disciplina Psicologia e Necessidades Especiais, ministrada pela Profa. La\u00edzi da Silva Santos. &#8220;O evento foi criado em 2016 para aproximar a comunidade acad\u00eamica das causas inclusivas e, anualmente, o 9\u00ba termo de Psicologia se empenha no desenvolvimento desse projeto. Este ano infelizmente n\u00e3o conseguimos realizar de forma presencial, mas os estudantes t\u00eam se empenhado para entregar um trabalho de qualidade pelas plataformas digitais&#8221;.<\/p>\n<p dir=\"ltr\" style=\"text-align: justify;\">Os convidados discutir\u00e3o diversos assuntos que envolvem a inclus\u00e3o de pessoas com diferentes tipos de defici\u00eancia na sociedade, acessibilidade, entre outros.<br \/>\nO convidado Diego Camilo Oliveira \u00e9 idealizador do canal &#8220;Defici\u00eancia tamb\u00e9m vence&#8221;, que promove v\u00eddeos de motiva\u00e7\u00e3o para as pessoas com defici\u00eancia, fundamentados na hist\u00f3ria de Diego.<\/p>\n<p dir=\"ltr\" style=\"text-align: justify;\">A personal trainer e profissional da Educa\u00e7\u00e3o F\u00edsica Priscila Andrade vai relatar sua experi\u00eancia no mercado de trabalho.<\/p>\n<p dir=\"ltr\" style=\"text-align: justify;\">O psic\u00f3logo e especialista em Terapia Cognitivo-comportamental Amauri Silva Costa trabalha com transtornos e defici\u00eancias e contribuir\u00e1 com a discuss\u00e3o, falando sobre a atua\u00e7\u00e3o do psic\u00f3logo e as pr\u00e1ticas inclusivas. Amauri \u00e9 formado em Psicologia pela Unifadra.<\/p>\n<p dir=\"ltr\" style=\"text-align: justify;\">A coordenadora do curso de Psicologia da Unifadra Profa. Ma. Andr\u00e9a Frizo Barbosa destacou que &#8220;o curso de Psicologia da Unifadra tem um grande orgulho de levar para as m\u00eddias sociais esses conhecimentos e reflex\u00f5es. Acreditamos na import\u00e2ncia dessas discuss\u00f5es para a mobiliza\u00e7\u00e3o da comunidade para as necessidades da pessoa com defici\u00eancia. Sabemos que ainda temos muitos obst\u00e1culos a serem vencidos, mas s\u00e3o momentos como esse que viveremos amanh\u00e3 que favorecem o movimento e as transforma\u00e7\u00f5es necess\u00e1rias para a constru\u00e7\u00e3o de uma sociedade mais inclusiva&#8221;.<br \/>\nA Unifadra convida todos para assistir \u00e0 Live da Inclus\u00e3o, que ser\u00e1 transmitida no link do Youtube: <a href=\"https:\/\/www.youtube.com\/watch?v=17ShCd-Fvqs\" target=\"_blank\" rel=\"noopener noreferrer\">https:\/\/www.youtube.com\/watch?v=17ShCd-Fvqs<\/a><span id=\"gmail-docs-internal-guid-8f6af022-7fff-218e-468d-cb4c88508334\"><\/span><\/p>\n<div class=\"gmail_signature\" dir=\"ltr\">\n<div dir=\"ltr\" style=\"text-align: justify;\">Carolina Colnago<br \/>\nAssistente de Comunica\u00e7\u00e3o<br \/>\nFunda\u00e7\u00e3o Dracenense de Educa\u00e7\u00e3o e Cultura<\/div>\n<\/div>\n","protected":false},"excerpt":{"rendered":"<p>Unifadra convida para Live da Inclus\u00e3o O evento Semana da Inclus\u00e3o da Pessoa com Defici\u00eancia, realizado anualmente, neste ano ser\u00e1 on-line, transmitido ao vivo. Em virtude do isolamento social por conta da pandemia, a V Semana da Inclus\u00e3o da Pessoa com Defici\u00eancia ser\u00e1 realizada on-line, ao vivo. O evento, organizado anualmente pelos alunos do curso [&hellip;]<\/p>\n","protected":false},"author":1,"featured_media":29137,"comment_status":"closed","ping_status":"open","sticky":false,"template":"","format":"standard","meta":{"footnotes":""},"categories":[122],"tags":[],"class_list":["post-29136","post","type-post","status-publish","format-standard","has-post-thumbnail","hentry","category-saudeeducacaoeconcurso"],"_links":{"self":[{"href":"https:\/\/jorgezanoni.com.br\/2019\/wp-json\/wp\/v2\/posts\/29136","targetHints":{"allow":["GET"]}}],"collection":[{"href":"https:\/\/jorgezanoni.com.br\/2019\/wp-json\/wp\/v2\/posts"}],"about":[{"href":"https:\/\/jorgezanoni.com.br\/2019\/wp-json\/wp\/v2\/types\/post"}],"author":[{"embeddable":true,"href":"https:\/\/jorgezanoni.com.br\/2019\/wp-json\/wp\/v2\/users\/1"}],"replies":[{"embeddable":true,"href":"https:\/\/jorgezanoni.com.br\/2019\/wp-json\/wp\/v2\/comments?post=29136"}],"version-history":[{"count":0,"href":"https:\/\/jorgezanoni.com.br\/2019\/wp-json\/wp\/v2\/posts\/29136\/revisions"}],"wp:featuredmedia":[{"embeddable":true,"href":"https:\/\/jorgezanoni.com.br\/2019\/wp-json\/wp\/v2\/media\/29137"}],"wp:attachment":[{"href":"https:\/\/jorgezanoni.com.br\/2019\/wp-json\/wp\/v2\/media?parent=29136"}],"wp:term":[{"taxonomy":"category","embeddable":true,"href":"https:\/\/jorgezanoni.com.br\/2019\/wp-json\/wp\/v2\/categories?post=29136"},{"taxonomy":"post_tag","embeddable":true,"href":"https:\/\/jorgezanoni.com.br\/2019\/wp-json\/wp\/v2\/tags?post=29136"}],"curies":[{"name":"wp","href":"https:\/\/api.w.org\/{rel}","templated":true}]}}