{"id":29132,"date":"2020-06-23T00:20:26","date_gmt":"2020-06-23T00:20:26","guid":{"rendered":"https:\/\/jorgezanoni.com.br\/2019\/?p=29132"},"modified":"2020-06-23T00:21:11","modified_gmt":"2020-06-23T00:21:11","slug":"colisao-entre-onibus-de-trabalhadores-rurais-e-caminhao-deixa-feridos-no-interior-de-sp","status":"publish","type":"post","link":"https:\/\/jorgezanoni.com.br\/2019\/colisao-entre-onibus-de-trabalhadores-rurais-e-caminhao-deixa-feridos-no-interior-de-sp\/","title":{"rendered":"Colis\u00e3o entre \u00f4nibus de trabalhadores rurais e caminh\u00e3o deixa feridos no interior de SP"},"content":{"rendered":"<h2 class=\"content-head__subtitle\" style=\"text-align: justify;\"><strong>Acidente foi no km 248 da Rodovia Leonor Mendes de Barros (SP-333), entre Cafel\u00e2ndia e Ponga\u00ed. Dez pessoas foram socorridas com ferimentos.<\/strong><\/h2>\n<div class=\"mc-column content-text active-extra-styles \" data-block-type=\"unstyled\" data-block-weight=\"29\" data-block-id=\"2\">\n<p class=\"content-text__container \" style=\"text-align: justify;\" data-track-category=\"Link no Texto\" data-track-links=\"\">Um \u00f4nibus com trabalhadores rurais bateu na traseira de um caminh\u00e3o na manh\u00e3 desta segunda-feira (22) na Rodovia Leonor Mendes de Barros (SP-333), entre Cafel\u00e2ndia e Ponga\u00ed (SP).<\/p>\n<\/div>\n<div class=\"wall protected-content\">\n<div class=\"mc-column content-text active-extra-styles \" style=\"text-align: justify;\" data-block-type=\"unstyled\" data-block-weight=\"38\" data-block-id=\"3\">\n<p class=\"content-text__container \" data-track-category=\"Link no Texto\" data-track-links=\"\">De acordo com informa\u00e7\u00f5es da Pol\u00edcia Rodovi\u00e1ria de Lins, o acidente aconteceu no km 249+ 500 metros, em Cafel\u00e2ndia. Dez pessoas foram socorridas com ferimentos, de acordo com os dois hospitais para onde os feridos foram levados.<\/p>\n<\/div>\n<div class=\"mc-column content-text active-extra-styles \" data-block-type=\"unstyled\" data-block-weight=\"29\" data-block-id=\"4\">\n<p class=\"content-text__container \" style=\"text-align: justify;\" data-track-category=\"Link no Texto\" data-track-links=\"\">Duas delas, o motorista e uma passageira que estava no banco da frente, ficaram presas \u00e0s ferragens e tiveram ferimentos considerados mais graves. Outras oito tiveram ferimentos leves.<\/p>\n<p style=\"text-align: justify;\" data-track-category=\"Link no Texto\" data-track-links=\"\">Todas as v\u00edtimas foram levadas pelas equipes da concession\u00e1ria e ambul\u00e2ncias municipais para Santa Casa de Cafel\u00e2ndia.<\/p>\n<div class=\"mc-column content-text active-extra-styles \" style=\"text-align: justify;\" data-block-type=\"unstyled\" data-block-weight=\"28\" data-block-id=\"8\">\n<p class=\"content-text__container \" data-track-category=\"Link no Texto\" data-track-links=\"\">Das oito pessoas com ferimentos leves, cinco receberam alta ainda na parte da manh\u00e3 e tr\u00eas permaneceram em observa\u00e7\u00e3o. No fim da tarde, estas tr\u00eas tamb\u00e9m receberam alta.<\/p>\n<\/div>\n<div class=\"row medium-uncollapsed content-media content-photo\" style=\"text-align: justify;\" data-block-type=\"backstage-photo\" data-block-id=\"9\">\n<div class=\"mc-column content-media__container\">\n<figure><img decoding=\"async\" class=\"i-amphtml-fill-content i-amphtml-replaced-content\" src=\"https:\/\/s2.glbimg.com\/Q4A7zOGTD-KReS_j6MG2AA_Hl08=\/0x0:1280x960\/984x0\/smart\/filters:strip_icc()\/i.s3.glbimg.com\/v1\/AUTH_59edd422c0c84a879bd37670ae4f538a\/internal_photos\/bs\/2020\/P\/Q\/RT1lHRQTSceizlmhGEOQ\/whatsapp-image-2020-06-22-at-10.56.45.jpeg\" sizes=\"(max-width: 1242px) 648px, 100vw\" srcset=\"https:\/\/s2.glbimg.com\/eOaLQ-T5FSxZ8mWkgQ5YlsVE7Ec=\/0x0:1280x960\/1000x0\/smart\/filters:strip_icc()\/i.s3.glbimg.com\/v1\/AUTH_59edd422c0c84a879bd37670ae4f538a\/internal_photos\/bs\/2020\/P\/Q\/RT1lHRQTSceizlmhGEOQ\/whatsapp-image-2020-06-22-at-10.56.45.jpeg 1000w, https:\/\/s2.glbimg.com\/Q4A7zOGTD-KReS_j6MG2AA_Hl08=\/0x0:1280x960\/984x0\/smart\/filters:strip_icc()\/i.s3.glbimg.com\/v1\/AUTH_59edd422c0c84a879bd37670ae4f538a\/internal_photos\/bs\/2020\/P\/Q\/RT1lHRQTSceizlmhGEOQ\/whatsapp-image-2020-06-22-at-10.56.45.jpeg 984w, https:\/\/s2.glbimg.com\/pPvWsrp7_8g8k-zREx1Zt0e2trw=\/0x0:1280x960\/640x0\/smart\/filters:strip_icc()\/i.s3.glbimg.com\/v1\/AUTH_59edd422c0c84a879bd37670ae4f538a\/internal_photos\/bs\/2020\/P\/Q\/RT1lHRQTSceizlmhGEOQ\/whatsapp-image-2020-06-22-at-10.56.45.jpeg 640w, https:\/\/s2.glbimg.com\/i9DOX3crKpseUarha11ngo8Dy_I=\/0x0:1280x960\/600x0\/smart\/filters:strip_icc()\/i.s3.glbimg.com\/v1\/AUTH_59edd422c0c84a879bd37670ae4f538a\/internal_photos\/bs\/2020\/P\/Q\/RT1lHRQTSceizlmhGEOQ\/whatsapp-image-2020-06-22-at-10.56.45.jpeg 600w\" alt=\"Colis\u00e3o foi no km 248 entre Cafel\u00e2ndia e Ponga\u00ed na Rodovia Leonor Mendes de Barros \u2014 Foto: Vanessa Aguiar\/TV TEM\" \/><\/figure>\n<p class=\"content-media__description \">Colis\u00e3o foi no km 248 entre Cafel\u00e2ndia e Ponga\u00ed na Rodovia Leonor Mendes de Barros \u2014 Foto: Vanessa Aguiar\/TV TEM<\/p>\n<\/div>\n<\/div>\n<div class=\"mc-column content-text active-extra-styles \" style=\"text-align: justify;\" data-block-type=\"unstyled\" data-block-weight=\"30\" data-block-id=\"10\">\n<p class=\"content-text__container \" data-track-category=\"Link no Texto\" data-track-links=\"\">As duas v\u00edtimas mais graves foram transferidas para a Santa Casa de Lins. No fim da tarde, uma delas recebeu alta e outra passou por uma cirurgia e continua internada.<\/p>\n<\/div>\n<div class=\"mc-column content-text active-extra-styles \" style=\"text-align: justify;\" data-block-type=\"unstyled\" data-block-weight=\"20\" data-block-id=\"11\">\n<p class=\"content-text__container \" data-track-category=\"Link no Texto\" data-track-links=\"\">Havia 40 pessoas no \u00f4nibus, os outros 30 trabalhadores n\u00e3o ficaram feridos. O motorista do caminh\u00e3o tamb\u00e9m n\u00e3o se feriu.<\/p>\n<\/div>\n<div class=\"mc-column content-text active-extra-styles \" data-block-type=\"unstyled\" data-block-weight=\"37\" data-block-id=\"12\">\n<p class=\"content-text__container \" style=\"text-align: justify;\" data-track-category=\"Link no Texto\" data-track-links=\"\">O fluxo na rodovia funcionou em sistema Pare e Siga durante o atendimento das v\u00edtimas, mas j\u00e1 foi liberado. Uma das faixas permaneceu interditada para o trabalho da per\u00edcia, mas o trecho tamb\u00e9m j\u00e1 foi liberado.<\/p>\n<p style=\"text-align: justify;\" data-track-category=\"Link no Texto\" data-track-links=\"\">Fonte: G1<\/p>\n<\/div>\n<\/div>\n<\/div>\n","protected":false},"excerpt":{"rendered":"<p>Acidente foi no km 248 da Rodovia Leonor Mendes de Barros (SP-333), entre Cafel\u00e2ndia e Ponga\u00ed. Dez pessoas foram socorridas com ferimentos. Um \u00f4nibus com trabalhadores rurais bateu na traseira de um caminh\u00e3o na manh\u00e3 desta segunda-feira (22) na Rodovia Leonor Mendes de Barros (SP-333), entre Cafel\u00e2ndia e Ponga\u00ed (SP). De acordo com informa\u00e7\u00f5es da [&hellip;]<\/p>\n","protected":false},"author":1,"featured_media":29134,"comment_status":"closed","ping_status":"open","sticky":false,"template":"","format":"standard","meta":{"footnotes":""},"categories":[170,110],"tags":[],"class_list":["post-29132","post","type-post","status-publish","format-standard","has-post-thumbnail","hentry","category-acidentes","category-noticiasdestaque"],"_links":{"self":[{"href":"https:\/\/jorgezanoni.com.br\/2019\/wp-json\/wp\/v2\/posts\/29132","targetHints":{"allow":["GET"]}}],"collection":[{"href":"https:\/\/jorgezanoni.com.br\/2019\/wp-json\/wp\/v2\/posts"}],"about":[{"href":"https:\/\/jorgezanoni.com.br\/2019\/wp-json\/wp\/v2\/types\/post"}],"author":[{"embeddable":true,"href":"https:\/\/jorgezanoni.com.br\/2019\/wp-json\/wp\/v2\/users\/1"}],"replies":[{"embeddable":true,"href":"https:\/\/jorgezanoni.com.br\/2019\/wp-json\/wp\/v2\/comments?post=29132"}],"version-history":[{"count":0,"href":"https:\/\/jorgezanoni.com.br\/2019\/wp-json\/wp\/v2\/posts\/29132\/revisions"}],"wp:featuredmedia":[{"embeddable":true,"href":"https:\/\/jorgezanoni.com.br\/2019\/wp-json\/wp\/v2\/media\/29134"}],"wp:attachment":[{"href":"https:\/\/jorgezanoni.com.br\/2019\/wp-json\/wp\/v2\/media?parent=29132"}],"wp:term":[{"taxonomy":"category","embeddable":true,"href":"https:\/\/jorgezanoni.com.br\/2019\/wp-json\/wp\/v2\/categories?post=29132"},{"taxonomy":"post_tag","embeddable":true,"href":"https:\/\/jorgezanoni.com.br\/2019\/wp-json\/wp\/v2\/tags?post=29132"}],"curies":[{"name":"wp","href":"https:\/\/api.w.org\/{rel}","templated":true}]}}