{"id":29126,"date":"2020-06-22T23:42:47","date_gmt":"2020-06-22T23:42:47","guid":{"rendered":"https:\/\/jorgezanoni.com.br\/2019\/?p=29126"},"modified":"2020-06-22T23:42:47","modified_gmt":"2020-06-22T23:42:47","slug":"santa-casa-de-rio-preto-suspende-cirurgias-eletivas-por-falta-de-medicamentos","status":"publish","type":"post","link":"https:\/\/jorgezanoni.com.br\/2019\/santa-casa-de-rio-preto-suspende-cirurgias-eletivas-por-falta-de-medicamentos\/","title":{"rendered":"Santa Casa de Rio Preto suspende cirurgias eletivas por falta de medicamentos"},"content":{"rendered":"<h2 class=\"content-head__subtitle\" style=\"text-align: justify;\"><strong>Estoques est\u00e3o no limite por causa do aumento da demanda durante a pandemia de Covid-19. Informa\u00e7\u00e3o foi divulgada nesta segunda-feira (22) pelo provedor da unidade.<\/strong><\/h2>\n<div class=\"mc-column content-text active-extra-styles \" data-block-type=\"unstyled\" data-block-weight=\"22\" data-block-id=\"2\">\n<p class=\"content-text__container \" style=\"text-align: justify;\" data-track-category=\"Link no Texto\" data-track-links=\"\">A Santa Casa de S\u00e3o Jos\u00e9 do Rio Preto (SP) suspendeu a partir desta segunda-feira (22) a realiza\u00e7\u00e3o de cirurgias eletivas.<\/p>\n<\/div>\n<div class=\"wall protected-content\">\n<div class=\"mc-column content-text active-extra-styles \" style=\"text-align: justify;\" data-block-type=\"unstyled\" data-block-weight=\"21\" data-block-id=\"3\">\n<p class=\"content-text__container \" data-track-category=\"Link no Texto\" data-track-links=\"\">Segundo o provedor do hospital, Nadim Cury, a medida foi necess\u00e1ria porque h\u00e1 falta de medica\u00e7\u00f5es utilizadas para entubar pacientes.<\/p>\n<\/div>\n<div class=\"mc-column content-text active-extra-styles \" style=\"text-align: justify;\" data-block-type=\"unstyled\" data-block-weight=\"27\" data-block-id=\"4\">\n<p class=\"content-text__container \" data-track-category=\"Link no Texto\" data-track-links=\"\">\u201cNosso estoque est\u00e1 bem baixo. Estamos preocupados com os pacientes que precisam usar as medica\u00e7\u00f5es para Covid, Unidade de Terapia Intensiva (UTI) e anestesia\u201d, afirma Nadim.<\/p>\n<\/div>\n<div class=\"mc-column content-text active-extra-styles \" style=\"text-align: justify;\" data-block-type=\"unstyled\" data-block-weight=\"28\" data-block-id=\"5\">\n<p class=\"content-text__container \" data-track-category=\"Link no Texto\" data-track-links=\"\">Segundo boletim divulgado nesta segunda pela Santa Casa, 34 pacientes diagnosticados com o novo coronav\u00edrus est\u00e3o internados no hospital, sendo 17 em enfermaria e 17 em UTI.<\/p>\n<\/div>\n<div class=\"mc-column content-text active-extra-styles \" style=\"text-align: justify;\" data-block-type=\"unstyled\" data-block-weight=\"27\" data-block-id=\"6\">\n<p class=\"content-text__container \" data-track-category=\"Link no Texto\" data-track-links=\"\">Al\u00e9m disso, 37 pessoas com S\u00edndrome Respirat\u00f3ria Aguda Grave (SRAG) tamb\u00e9m est\u00e3o internadas na Santa Casa. Deste total, 31 est\u00e3o em enfermaria e seis em UTI.<\/p>\n<\/div>\n<div class=\"mc-column content-text active-extra-styles \" data-block-type=\"unstyled\" data-block-weight=\"47\" data-block-id=\"7\">\n<p class=\"content-text__container \" style=\"text-align: justify;\" data-track-category=\"Link no Texto\" data-track-links=\"\">\u201cVamos deixar o nosso estoque, que est\u00e1 pequeno e d\u00e1 para mais ou menos 15 dias, s\u00f3 para pacientes de urg\u00eancia, emerg\u00eancia e Covid. Est\u00e1 faltando medica\u00e7\u00e3o, porque h\u00e1 um alto consumo. A demanda triplicou, quadruplicou, e os laborat\u00f3rios n\u00e3o est\u00e3o dando conta\u201d, diz o provedor.<\/p>\n<p style=\"text-align: justify;\" data-track-category=\"Link no Texto\" data-track-links=\"\">Fonte: G1<\/p>\n<\/div>\n<\/div>\n","protected":false},"excerpt":{"rendered":"<p>Estoques est\u00e3o no limite por causa do aumento da demanda durante a pandemia de Covid-19. Informa\u00e7\u00e3o foi divulgada nesta segunda-feira (22) pelo provedor da unidade. A Santa Casa de S\u00e3o Jos\u00e9 do Rio Preto (SP) suspendeu a partir desta segunda-feira (22) a realiza\u00e7\u00e3o de cirurgias eletivas. Segundo o provedor do hospital, Nadim Cury, a medida [&hellip;]<\/p>\n","protected":false},"author":1,"featured_media":29127,"comment_status":"closed","ping_status":"open","sticky":false,"template":"","format":"standard","meta":{"footnotes":""},"categories":[110,122],"tags":[],"class_list":["post-29126","post","type-post","status-publish","format-standard","has-post-thumbnail","hentry","category-noticiasdestaque","category-saudeeducacaoeconcurso"],"_links":{"self":[{"href":"https:\/\/jorgezanoni.com.br\/2019\/wp-json\/wp\/v2\/posts\/29126","targetHints":{"allow":["GET"]}}],"collection":[{"href":"https:\/\/jorgezanoni.com.br\/2019\/wp-json\/wp\/v2\/posts"}],"about":[{"href":"https:\/\/jorgezanoni.com.br\/2019\/wp-json\/wp\/v2\/types\/post"}],"author":[{"embeddable":true,"href":"https:\/\/jorgezanoni.com.br\/2019\/wp-json\/wp\/v2\/users\/1"}],"replies":[{"embeddable":true,"href":"https:\/\/jorgezanoni.com.br\/2019\/wp-json\/wp\/v2\/comments?post=29126"}],"version-history":[{"count":0,"href":"https:\/\/jorgezanoni.com.br\/2019\/wp-json\/wp\/v2\/posts\/29126\/revisions"}],"wp:featuredmedia":[{"embeddable":true,"href":"https:\/\/jorgezanoni.com.br\/2019\/wp-json\/wp\/v2\/media\/29127"}],"wp:attachment":[{"href":"https:\/\/jorgezanoni.com.br\/2019\/wp-json\/wp\/v2\/media?parent=29126"}],"wp:term":[{"taxonomy":"category","embeddable":true,"href":"https:\/\/jorgezanoni.com.br\/2019\/wp-json\/wp\/v2\/categories?post=29126"},{"taxonomy":"post_tag","embeddable":true,"href":"https:\/\/jorgezanoni.com.br\/2019\/wp-json\/wp\/v2\/tags?post=29126"}],"curies":[{"name":"wp","href":"https:\/\/api.w.org\/{rel}","templated":true}]}}