{"id":29118,"date":"2020-06-22T20:28:39","date_gmt":"2020-06-22T20:28:39","guid":{"rendered":"https:\/\/jorgezanoni.com.br\/2019\/?p=29118"},"modified":"2020-06-22T20:28:39","modified_gmt":"2020-06-22T20:28:39","slug":"ameacado-de-extincao-lobo-guara-e-resgatado-com-fraturas-expostas-nas-patas-apos-sofrer-atropelamento-na-rodovia-raposo-tavares","status":"publish","type":"post","link":"https:\/\/jorgezanoni.com.br\/2019\/ameacado-de-extincao-lobo-guara-e-resgatado-com-fraturas-expostas-nas-patas-apos-sofrer-atropelamento-na-rodovia-raposo-tavares\/","title":{"rendered":"Amea\u00e7ado de extin\u00e7\u00e3o, lobo-guar\u00e1 \u00e9 resgatado com fraturas expostas nas patas ap\u00f3s sofrer atropelamento na Rodovia Raposo Tavares"},"content":{"rendered":"<h2 class=\"content-head__subtitle\" style=\"text-align: justify;\"><strong>Macho de cerca de um ano de idade foi encontrado em Presidente Epit\u00e1cio e encaminhado para tratamento no Centro de Triagem de Animais Silvestres (Cetas), em Presidente Prudente.<\/strong><\/h2>\n<div class=\"mc-column content-text active-extra-styles \" data-block-type=\"unstyled\" data-block-weight=\"55\" data-block-id=\"2\">\n<p class=\"content-text__container \" style=\"text-align: justify;\" data-track-category=\"Link no Texto\" data-track-links=\"\">Um lobo-guar\u00e1 foi resgatado depois de ser atropelado na Rodovia Raposo Tavares (SP-270), em\u00a0<a href=\"https:\/\/g1.globo.com\/sp\/presidente-prudente-regiao\/cidade\/presidente-epitacio\/\">Presidente Epit\u00e1cio (SP)<\/a>. O animal, de uma esp\u00e9cie amea\u00e7ada de extin\u00e7\u00e3o, foi encontrado nesta segunda-feira (22) e a Pol\u00edcia Ambiental foi acionada para fazer a transfer\u00eancia do macho para o\u00a0<a href=\"https:\/\/g1.globo.com\/sp\/presidente-prudente-regiao\/noticia\/2020\/06\/03\/quarentena-suspende-vistorias-estaduais-e-atrasa-funcionamento-do-centro-de-triagem-de-animais-silvestres-em-presidente-prudente.ghtml\">Centro de Triagem de Animais Silvestres (Cetas)<\/a>, em\u00a0<a href=\"https:\/\/g1.globo.com\/sp\/presidente-prudente-regiao\/cidade\/presidente-prudente\/\">Presidente Prudente (SP)<\/a>.<\/p>\n<\/div>\n<div class=\"wall protected-content\">\n<div class=\"mc-column content-text active-extra-styles \" style=\"text-align: justify;\" data-block-type=\"unstyled\" data-block-weight=\"55\" data-block-id=\"3\">\n<p class=\"content-text__container \" data-track-category=\"Link no Texto\" data-track-links=\"\">De acordo com a pol\u00edcia, o lobo-guar\u00e1 foi resgatado pela Concession\u00e1ria Auto Raposo Tavares (Cart), que administra a rodovia. O Cetas fica no Parque Ecol\u00f3gico da Cidade da Crian\u00e7a e a m\u00e9dica veterin\u00e1ria do local, \u00c9rica Pellosi, informou que o macho de cerca de um ano de idade estava com duas fraturas expostas nas patas.<\/p>\n<\/div>\n<div class=\"mc-column content-text active-extra-styles \" data-block-type=\"unstyled\" data-block-weight=\"19\" data-block-id=\"4\">\n<p class=\"content-text__container \" style=\"text-align: justify;\" data-track-category=\"Link no Texto\" data-track-links=\"\">&#8220;O animal passar\u00e1 por tratamento e, quando estiver apto, ser\u00e1 reintroduzido em seu\u00a0<em>habitat\u00a0<\/em>natural&#8221;, informou a Pol\u00edcia Ambiental.<\/p>\n<div class=\"mc-column content-text active-extra-styles\" style=\"text-align: justify;\" data-block-type=\"raw\" data-block-weight=\"2\" data-block-id=\"7\">\n<div class=\"content-intertitle\">\n<h2>O animal<\/h2>\n<\/div>\n<\/div>\n<div class=\"mc-column content-text active-extra-styles \" style=\"text-align: justify;\" data-block-type=\"unstyled\" data-block-weight=\"67\" data-block-id=\"8\">\n<p class=\"content-text__container \" data-track-category=\"Link no Texto\" data-track-links=\"\">O\u00a0<a href=\"http:\/\/g1.globo.com\/sp\/campinas-regiao\/terra-da-gente\/fauna\/noticia\/2015\/01\/lobo-guara.html\">lobo-guar\u00e1<\/a>\u00a0tem o nome cient\u00edfico de\u00a0<em>Chrysocyon brachyurus<\/em>\u00a0e \u00e9 uma esp\u00e9cie da fam\u00edlia\u00a0<em>Canidae<\/em>. O animal \u00e9 o maior can\u00eddeo da Am\u00e9rica do Sul. Um adulto chega a medir 1,30 metro de corpo, al\u00e9m de 40 cent\u00edmetros de cauda, podendo atingir um metro de altura e mais de 20 quilos. \u00c9 da fam\u00edlia dos can\u00eddeos e pertence a um g\u00eanero composto por uma \u00fanica esp\u00e9cie.<\/p>\n<\/div>\n<div class=\"mc-column content-text active-extra-styles \" style=\"text-align: justify;\" data-block-type=\"unstyled\" data-block-weight=\"63\" data-block-id=\"9\">\n<p class=\"content-text__container \" data-track-category=\"Link no Texto\" data-track-links=\"\">Apesar do porte e da apar\u00eancia, \u00e9 um animal inofensivo ao homem, de comportamento d\u00f3cil, e raramente h\u00e1 briga entre eles. Ele vive em campos abertos, no caso do Brasil no Cerrado, nos Campos Sulinos, na Caatinga e na borda do Pantanal. Tamb\u00e9m pode ser encontrado na Argentina, no Paraguai, na Bol\u00edvia e numa pequena parte dos territ\u00f3rios do Uruguai e do Peru.<\/p>\n<\/div>\n<div class=\"mc-column content-text active-extra-styles \" style=\"text-align: justify;\" data-block-type=\"unstyled\" data-block-weight=\"6\" data-block-id=\"10\">\n<p class=\"content-text__container \" data-track-category=\"Link no Texto\" data-track-links=\"\">O lobo-guar\u00e1 est\u00e1 amea\u00e7ado de extin\u00e7\u00e3o.<\/p>\n<\/div>\n<div class=\"row medium-uncollapsed content-media content-photo\" style=\"text-align: justify;\" data-block-type=\"backstage-photo\" data-block-id=\"11\">\n<div class=\"mc-column content-media__container\">\n<figure><img decoding=\"async\" class=\"i-amphtml-fill-content i-amphtml-replaced-content\" src=\"https:\/\/s2.glbimg.com\/YhX5aALrGKYJ3HIUEUuoDbk70hY=\/0x0:1280x960\/984x0\/smart\/filters:strip_icc()\/i.s3.glbimg.com\/v1\/AUTH_59edd422c0c84a879bd37670ae4f538a\/internal_photos\/bs\/2020\/x\/T\/Y9u9EdSsmNagGd39uJgw\/2.jpeg\" sizes=\"(max-width: 1242px) 648px, 100vw\" srcset=\"https:\/\/s2.glbimg.com\/ZruT2WidaU27TeIDjI_cV8eC5XI=\/0x0:1280x960\/1000x0\/smart\/filters:strip_icc()\/i.s3.glbimg.com\/v1\/AUTH_59edd422c0c84a879bd37670ae4f538a\/internal_photos\/bs\/2020\/x\/T\/Y9u9EdSsmNagGd39uJgw\/2.jpeg 1000w, https:\/\/s2.glbimg.com\/YhX5aALrGKYJ3HIUEUuoDbk70hY=\/0x0:1280x960\/984x0\/smart\/filters:strip_icc()\/i.s3.glbimg.com\/v1\/AUTH_59edd422c0c84a879bd37670ae4f538a\/internal_photos\/bs\/2020\/x\/T\/Y9u9EdSsmNagGd39uJgw\/2.jpeg 984w, https:\/\/s2.glbimg.com\/cA5EZYON6zXtX97KwaXje__6bnY=\/0x0:1280x960\/640x0\/smart\/filters:strip_icc()\/i.s3.glbimg.com\/v1\/AUTH_59edd422c0c84a879bd37670ae4f538a\/internal_photos\/bs\/2020\/x\/T\/Y9u9EdSsmNagGd39uJgw\/2.jpeg 640w, https:\/\/s2.glbimg.com\/3B0cJ6DQxUk330EwWpfxHauV8FQ=\/0x0:1280x960\/600x0\/smart\/filters:strip_icc()\/i.s3.glbimg.com\/v1\/AUTH_59edd422c0c84a879bd37670ae4f538a\/internal_photos\/bs\/2020\/x\/T\/Y9u9EdSsmNagGd39uJgw\/2.jpeg 600w\" alt=\"Animal foi encaminhado para tratamento no Centro de Triagem de Animais Silvestres (Cetas) \u2014 Foto: Pol\u00edcia Ambiental\" \/><\/figure>\n<p class=\"content-media__description \">Animal foi encaminhado para tratamento no Centro de Triagem de Animais Silvestres (Cetas) \u2014 Foto: Pol\u00edcia Ambiental<\/p>\n<\/div>\n<\/div>\n<div class=\"row medium-uncollapsed content-media content-photo\" style=\"text-align: justify;\" data-block-type=\"backstage-photo\" data-block-id=\"12\">\n<div class=\"mc-column content-media__container\">\n<figure><img decoding=\"async\" class=\"i-amphtml-fill-content i-amphtml-replaced-content\" src=\"https:\/\/s2.glbimg.com\/byD1vO19zFC419d2U47N5CKFUoc=\/0x0:1280x720\/984x0\/smart\/filters:strip_icc()\/i.s3.glbimg.com\/v1\/AUTH_59edd422c0c84a879bd37670ae4f538a\/internal_photos\/bs\/2020\/K\/C\/XJvAOjRfWKsdio0IIlSw\/4.jpeg\" sizes=\"(max-width: 1242px) 648px, 100vw\" srcset=\"https:\/\/s2.glbimg.com\/3Q5fb3MhcGdr_C26_39_EHhg5bE=\/0x0:1280x720\/1000x0\/smart\/filters:strip_icc()\/i.s3.glbimg.com\/v1\/AUTH_59edd422c0c84a879bd37670ae4f538a\/internal_photos\/bs\/2020\/K\/C\/XJvAOjRfWKsdio0IIlSw\/4.jpeg 1000w, https:\/\/s2.glbimg.com\/byD1vO19zFC419d2U47N5CKFUoc=\/0x0:1280x720\/984x0\/smart\/filters:strip_icc()\/i.s3.glbimg.com\/v1\/AUTH_59edd422c0c84a879bd37670ae4f538a\/internal_photos\/bs\/2020\/K\/C\/XJvAOjRfWKsdio0IIlSw\/4.jpeg 984w, https:\/\/s2.glbimg.com\/tJYRNYSr7J-SCAlcIx2hH5aThV8=\/0x0:1280x720\/640x0\/smart\/filters:strip_icc()\/i.s3.glbimg.com\/v1\/AUTH_59edd422c0c84a879bd37670ae4f538a\/internal_photos\/bs\/2020\/K\/C\/XJvAOjRfWKsdio0IIlSw\/4.jpeg 640w, https:\/\/s2.glbimg.com\/wFZCH6AOJ_XaQsG2ncNc1ra6UvE=\/0x0:1280x720\/600x0\/smart\/filters:strip_icc()\/i.s3.glbimg.com\/v1\/AUTH_59edd422c0c84a879bd37670ae4f538a\/internal_photos\/bs\/2020\/K\/C\/XJvAOjRfWKsdio0IIlSw\/4.jpeg 600w\" alt=\"Pol\u00edcia Ambiental foi acionada para fazer a transfer\u00eancia do animal para Presidente Prudente \u2014 Foto: Pol\u00edcia Ambiental\" \/><\/figure>\n<p class=\"content-media__description \">Pol\u00edcia Ambiental foi acionada para fazer a transfer\u00eancia do animal para Presidente Prudente \u2014 Foto: Pol\u00edcia Ambiental<\/p>\n<\/div>\n<\/div>\n<div class=\"row medium-uncollapsed content-media content-photo\" data-block-type=\"backstage-photo\" data-block-id=\"14\">\n<div class=\"mc-column content-media__container\">\n<figure style=\"text-align: justify;\"><img decoding=\"async\" class=\"i-amphtml-fill-content i-amphtml-replaced-content\" src=\"https:\/\/s2.glbimg.com\/R3ANyyMYEufB-5h2ir-X1oND5os=\/0x0:1280x720\/984x0\/smart\/filters:strip_icc()\/i.s3.glbimg.com\/v1\/AUTH_59edd422c0c84a879bd37670ae4f538a\/internal_photos\/bs\/2020\/G\/6\/XPePFEQZOEALrBBN1ALw\/5.jpeg\" sizes=\"(max-width: 1242px) 648px, 100vw\" srcset=\"https:\/\/s2.glbimg.com\/EksauSD77tLPfA62774LyFUJa0I=\/0x0:1280x720\/1000x0\/smart\/filters:strip_icc()\/i.s3.glbimg.com\/v1\/AUTH_59edd422c0c84a879bd37670ae4f538a\/internal_photos\/bs\/2020\/G\/6\/XPePFEQZOEALrBBN1ALw\/5.jpeg 1000w, https:\/\/s2.glbimg.com\/R3ANyyMYEufB-5h2ir-X1oND5os=\/0x0:1280x720\/984x0\/smart\/filters:strip_icc()\/i.s3.glbimg.com\/v1\/AUTH_59edd422c0c84a879bd37670ae4f538a\/internal_photos\/bs\/2020\/G\/6\/XPePFEQZOEALrBBN1ALw\/5.jpeg 984w, https:\/\/s2.glbimg.com\/vyE-0rR3nGadDVxHJee1MVn0g5A=\/0x0:1280x720\/640x0\/smart\/filters:strip_icc()\/i.s3.glbimg.com\/v1\/AUTH_59edd422c0c84a879bd37670ae4f538a\/internal_photos\/bs\/2020\/G\/6\/XPePFEQZOEALrBBN1ALw\/5.jpeg 640w, https:\/\/s2.glbimg.com\/-2FgIzq6u9JkDIcZZ8ChshcEBZ8=\/0x0:1280x720\/600x0\/smart\/filters:strip_icc()\/i.s3.glbimg.com\/v1\/AUTH_59edd422c0c84a879bd37670ae4f538a\/internal_photos\/bs\/2020\/G\/6\/XPePFEQZOEALrBBN1ALw\/5.jpeg 600w\" alt=\"Pol\u00edcia Ambiental foi acionada para fazer a transfer\u00eancia do animal para Presidente Prudente \u2014 Foto: Pol\u00edcia Ambiental\" \/><\/figure>\n<p class=\"content-media__description \" style=\"text-align: justify;\">Pol\u00edcia Ambiental foi acionada para fazer a transfer\u00eancia do animal para Presidente Prudente \u2014 Foto: Pol\u00edcia Ambiental<\/p>\n<p style=\"text-align: justify;\">Fonte: G1<\/p>\n<\/div>\n<\/div>\n<\/div>\n<div class=\"mc-column content-media content-video\" data-block-type=\"backstage-video\" data-block-id=\"5\">\n<div class=\"content-media__container\">\n<div class=\"content-video__bigger-player-description-fixer\">\n<article class=\"content-video\">\n<section class=\"content-video__video-container\">\n<div class=\"content-video__video\">\n<div class=\"content-video__placeholder\" data-video-id=\"8643574\"><\/div>\n<\/div>\n<\/section>\n<\/article>\n<\/div>\n<\/div>\n<\/div>\n<\/div>\n","protected":false},"excerpt":{"rendered":"<p>Macho de cerca de um ano de idade foi encontrado em Presidente Epit\u00e1cio e encaminhado para tratamento no Centro de Triagem de Animais Silvestres (Cetas), em Presidente Prudente. Um lobo-guar\u00e1 foi resgatado depois de ser atropelado na Rodovia Raposo Tavares (SP-270), em\u00a0Presidente Epit\u00e1cio (SP). O animal, de uma esp\u00e9cie amea\u00e7ada de extin\u00e7\u00e3o, foi encontrado nesta [&hellip;]<\/p>\n","protected":false},"author":1,"featured_media":29119,"comment_status":"closed","ping_status":"open","sticky":false,"template":"","format":"standard","meta":{"footnotes":""},"categories":[176,110],"tags":[],"class_list":["post-29118","post","type-post","status-publish","format-standard","has-post-thumbnail","hentry","category-meioambienteeagricultura","category-noticiasdestaque"],"_links":{"self":[{"href":"https:\/\/jorgezanoni.com.br\/2019\/wp-json\/wp\/v2\/posts\/29118","targetHints":{"allow":["GET"]}}],"collection":[{"href":"https:\/\/jorgezanoni.com.br\/2019\/wp-json\/wp\/v2\/posts"}],"about":[{"href":"https:\/\/jorgezanoni.com.br\/2019\/wp-json\/wp\/v2\/types\/post"}],"author":[{"embeddable":true,"href":"https:\/\/jorgezanoni.com.br\/2019\/wp-json\/wp\/v2\/users\/1"}],"replies":[{"embeddable":true,"href":"https:\/\/jorgezanoni.com.br\/2019\/wp-json\/wp\/v2\/comments?post=29118"}],"version-history":[{"count":0,"href":"https:\/\/jorgezanoni.com.br\/2019\/wp-json\/wp\/v2\/posts\/29118\/revisions"}],"wp:featuredmedia":[{"embeddable":true,"href":"https:\/\/jorgezanoni.com.br\/2019\/wp-json\/wp\/v2\/media\/29119"}],"wp:attachment":[{"href":"https:\/\/jorgezanoni.com.br\/2019\/wp-json\/wp\/v2\/media?parent=29118"}],"wp:term":[{"taxonomy":"category","embeddable":true,"href":"https:\/\/jorgezanoni.com.br\/2019\/wp-json\/wp\/v2\/categories?post=29118"},{"taxonomy":"post_tag","embeddable":true,"href":"https:\/\/jorgezanoni.com.br\/2019\/wp-json\/wp\/v2\/tags?post=29118"}],"curies":[{"name":"wp","href":"https:\/\/api.w.org\/{rel}","templated":true}]}}