{"id":29110,"date":"2020-06-22T19:58:55","date_gmt":"2020-06-22T19:58:55","guid":{"rendered":"https:\/\/jorgezanoni.com.br\/2019\/?p=29110"},"modified":"2020-06-22T20:14:48","modified_gmt":"2020-06-22T20:14:48","slug":"santa-casa-de-dracena-enfrenta-dificuldades-para-realizar-dirurgias-por-falta-de-medicamentos","status":"publish","type":"post","link":"https:\/\/jorgezanoni.com.br\/2019\/santa-casa-de-dracena-enfrenta-dificuldades-para-realizar-dirurgias-por-falta-de-medicamentos\/","title":{"rendered":"Santa Casa de Dracena enfrenta dificuldades para realizar Cirurgias por falta de Medicamentos"},"content":{"rendered":"<p style=\"text-align: justify;\">A Santa Casa de Dracena, entidade filantr\u00f3pica, prestadora de servi\u00e7os ao SUS (Gest\u00e3o Plena Munic\u00edpio de Dracena), vem alertando desde a semana passada sobre a falta de medicamentos &#8211; especificamente ANEST\u00c9SICOS de uso hospitalar para realiza\u00e7\u00e3o de cirurgias de grande porte e em tempo de pandemia, nos procedimentos de entuba\u00e7\u00e3o de pacientes que necessitam de ventila\u00e7\u00e3o mec\u00e2nica pulmonar.<\/p>\n<p style=\"text-align: justify;\">O alerta foi direcionado ao gestor p\u00fablico, nas pessoas do Prefeito Municipal e Secret\u00e1ria Municipal de Sa\u00fade, ao Diretor da DRS XI-P. Prudente, ao Minist\u00e9rio P\u00fablico e ao Pres. do Legislativo local e outras autoridades.<\/p>\n<p style=\"text-align: justify;\">Neste domingo (dia 21) o estoque estrat\u00e9gico \u00e0 disposi\u00e7\u00e3o do Centro Cir\u00fargico encontra-se em estado cr\u00edtico, sem disponibilidade para realiza\u00e7\u00e3o de cirurgias de grande porte ou um n\u00famero elevado de procedimentos simultaneamente. Ressaltando, por\u00e9m, que os procedimentos cir\u00fargicos que n\u00e3o demandam anest\u00e9sicos espec\u00edficos ou s\u00e3o realizados por outros meios sedativos, fluem normalmente.<\/p>\n<p style=\"text-align: justify;\">N\u00e3o se podendo radicalizar que o Centro Cir\u00fargico se encontra &#8220;fechado&#8221;. Outrossim, considerando a manuten\u00e7\u00e3o de estoque estrat\u00e9gico para 15 dias, retroagindo a 30 dias antes da quinzena estrat\u00e9gica, a Santa Casa realizou o pedido dos medicamentos aos fornecedores costumeiros e, no in\u00edcio da semana anterior a esta, vieram as comunica\u00e7\u00f5es que os medicamentos n\u00e3o seriam entregues nos prazos estabelecidos no pedido sob o argumento de escassez de mat\u00e9ria prima, aliado \u00e0 disponibiliza\u00e7\u00e3o preferencial de grande remessa ao Setor P\u00fablico.<\/p>\n<p style=\"text-align: justify;\">Mat\u00e9ria do JN (Globo) do dia 20 de junho de 2020 no endere\u00e7o: https:\/\/globoplay.globo.com\/v\/8641300 retrata a realidade. A ANVISA j\u00e1 se pronunciou com a edi\u00e7\u00e3o de normativa. O Presidente da FEHOSP &#8211; Federa\u00e7\u00e3o das Santas Casas e Hospitais Beneficentes do Estado de S\u00e3o Paulo foi enf\u00e1tico que se n\u00e3o houver disponibiliza\u00e7\u00e3o dos medicamentos anest\u00e9sicos, as cirurgias ser\u00e3o canceladas.<\/p>\n<p style=\"text-align: justify;\">Quais os medicamentos em falta?<br \/>\nCIS-CISATRACURIO 2MG\/ML-5ML AMPOLA<br \/>\nCIS-CISATRACURIO 2MG\/ML-10ML AMPOLA<br \/>\nTRACUR 25MG\/2,5ML AMPOLA-ATRACURIO<br \/>\nTRACUR 50MG\/5 ML<br \/>\nKETAMIN 50MG\/ML FRS 10ML<br \/>\nCETAMINA 500MG|10ML<br \/>\nPANCURON 2MG\/ML-2ML AMP-PANCURONIO<br \/>\nPROPOVAN 10MG\/ML INJ FR 20ML<br \/>\nBROMETO DE ROCURONIO 10MG|ML AMP 05ML<br \/>\nSUXAMETONIO 500mg<br \/>\nSUXAMETONIO 100mg<br \/>\nSUCCITRAT 100MG 5ML FR-A<br \/>\nETOMIDATO 2MG\/ML INJ 25AMP X 10ML<br \/>\nFENTANEST 0,05MG\/ML 10ML FR-A<br \/>\nREMIFAS 2MG FR-AMP(REMIFENTANILA)<br \/>\nCLORIDRATO DE DEXMEDETOMIDINA 100MCG|ML<br \/>\nEXTODIN 100MCG\/ML AMP 02ML<br \/>\nDORMIRE 50MG\/10ML AMP-MIDAZOLAM<br \/>\nFASTFEN 50 MCG\/ML AMP 01 ML<\/p>\n<p style=\"text-align: justify;\">Fonte: Assessoria Santa Casa de Dracena<\/p>\n<p>Dr. Adolfo Manzano Garcia, diretor cl\u00ednico, tamb\u00e9m se manifesta.<\/p>\n<p><img loading=\"lazy\" decoding=\"async\" class=\"alignnone size-full wp-image-29111\" src=\"https:\/\/jorgezanoni.com.br\/2019\/wp-content\/uploads\/2020\/06\/Irmandade..jpg\" alt=\"\" width=\"720\" height=\"1280\" srcset=\"https:\/\/jorgezanoni.com.br\/2019\/wp-content\/uploads\/2020\/06\/Irmandade..jpg 720w, https:\/\/jorgezanoni.com.br\/2019\/wp-content\/uploads\/2020\/06\/Irmandade.-169x300.jpg 169w, https:\/\/jorgezanoni.com.br\/2019\/wp-content\/uploads\/2020\/06\/Irmandade.-576x1024.jpg 576w, https:\/\/jorgezanoni.com.br\/2019\/wp-content\/uploads\/2020\/06\/Irmandade.-696x1237.jpg 696w, https:\/\/jorgezanoni.com.br\/2019\/wp-content\/uploads\/2020\/06\/Irmandade.-236x420.jpg 236w\" sizes=\"auto, (max-width: 720px) 100vw, 720px\" \/><\/p>\n<figure id=\"attachment_29115\" aria-describedby=\"caption-attachment-29115\" style=\"width: 800px\" class=\"wp-caption alignnone\"><img loading=\"lazy\" decoding=\"async\" class=\"size-full wp-image-29115\" src=\"https:\/\/jorgezanoni.com.br\/2019\/wp-content\/uploads\/2020\/06\/retifica\u00e7\u00e3o-1.jpg\" alt=\"\" width=\"800\" height=\"1193\" srcset=\"https:\/\/jorgezanoni.com.br\/2019\/wp-content\/uploads\/2020\/06\/retifica\u00e7\u00e3o-1.jpg 800w, https:\/\/jorgezanoni.com.br\/2019\/wp-content\/uploads\/2020\/06\/retifica\u00e7\u00e3o-1-201x300.jpg 201w, https:\/\/jorgezanoni.com.br\/2019\/wp-content\/uploads\/2020\/06\/retifica\u00e7\u00e3o-1-687x1024.jpg 687w, https:\/\/jorgezanoni.com.br\/2019\/wp-content\/uploads\/2020\/06\/retifica\u00e7\u00e3o-1-768x1145.jpg 768w, https:\/\/jorgezanoni.com.br\/2019\/wp-content\/uploads\/2020\/06\/retifica\u00e7\u00e3o-1-696x1038.jpg 696w, https:\/\/jorgezanoni.com.br\/2019\/wp-content\/uploads\/2020\/06\/retifica\u00e7\u00e3o-1-282x420.jpg 282w\" sizes=\"auto, (max-width: 800px) 100vw, 800px\" \/><figcaption id=\"caption-attachment-29115\" class=\"wp-caption-text\">CamScanner 06-21-2020 11.40.33<\/figcaption><\/figure>\n","protected":false},"excerpt":{"rendered":"<p>A Santa Casa de Dracena, entidade filantr\u00f3pica, prestadora de servi\u00e7os ao SUS (Gest\u00e3o Plena Munic\u00edpio de Dracena), vem alertando desde a semana passada sobre a falta de medicamentos &#8211; especificamente ANEST\u00c9SICOS de uso hospitalar para realiza\u00e7\u00e3o de cirurgias de grande porte e em tempo de pandemia, nos procedimentos de entuba\u00e7\u00e3o de pacientes que necessitam de [&hellip;]<\/p>\n","protected":false},"author":1,"featured_media":29112,"comment_status":"closed","ping_status":"open","sticky":false,"template":"","format":"standard","meta":{"footnotes":""},"categories":[179,184,110,122],"tags":[],"class_list":["post-29110","post","type-post","status-publish","format-standard","has-post-thumbnail","hentry","category-cidadeseregiao","category-dracena","category-noticiasdestaque","category-saudeeducacaoeconcurso"],"_links":{"self":[{"href":"https:\/\/jorgezanoni.com.br\/2019\/wp-json\/wp\/v2\/posts\/29110","targetHints":{"allow":["GET"]}}],"collection":[{"href":"https:\/\/jorgezanoni.com.br\/2019\/wp-json\/wp\/v2\/posts"}],"about":[{"href":"https:\/\/jorgezanoni.com.br\/2019\/wp-json\/wp\/v2\/types\/post"}],"author":[{"embeddable":true,"href":"https:\/\/jorgezanoni.com.br\/2019\/wp-json\/wp\/v2\/users\/1"}],"replies":[{"embeddable":true,"href":"https:\/\/jorgezanoni.com.br\/2019\/wp-json\/wp\/v2\/comments?post=29110"}],"version-history":[{"count":0,"href":"https:\/\/jorgezanoni.com.br\/2019\/wp-json\/wp\/v2\/posts\/29110\/revisions"}],"wp:featuredmedia":[{"embeddable":true,"href":"https:\/\/jorgezanoni.com.br\/2019\/wp-json\/wp\/v2\/media\/29112"}],"wp:attachment":[{"href":"https:\/\/jorgezanoni.com.br\/2019\/wp-json\/wp\/v2\/media?parent=29110"}],"wp:term":[{"taxonomy":"category","embeddable":true,"href":"https:\/\/jorgezanoni.com.br\/2019\/wp-json\/wp\/v2\/categories?post=29110"},{"taxonomy":"post_tag","embeddable":true,"href":"https:\/\/jorgezanoni.com.br\/2019\/wp-json\/wp\/v2\/tags?post=29110"}],"curies":[{"name":"wp","href":"https:\/\/api.w.org\/{rel}","templated":true}]}}