{"id":29038,"date":"2020-06-21T17:28:55","date_gmt":"2020-06-21T17:28:55","guid":{"rendered":"https:\/\/jorgezanoni.com.br\/2019\/?p=29038"},"modified":"2020-06-21T17:28:55","modified_gmt":"2020-06-21T17:28:55","slug":"reitoria-da-unesp-propoe-fusao-entre-os-campi-de-rosana-e-pp","status":"publish","type":"post","link":"https:\/\/jorgezanoni.com.br\/2019\/reitoria-da-unesp-propoe-fusao-entre-os-campi-de-rosana-e-pp\/","title":{"rendered":"Reitoria da Unesp prop\u00f5e fus\u00e3o entre os campi de Rosana e PP"},"content":{"rendered":"<h2 style=\"text-align: justify;\"><strong>Coordenador executivo do Campus Experimental d\u00e1 indica\u00e7\u00f5es de que a ideia \u00e9 transferir o curso de Turismo para a capital do oeste paulista.<\/strong><\/h2>\n<p class=\"CxSpFirst\" style=\"text-align: justify;\">Chegou via e-mail, aos servidores do Campus Experimental da Unesp (Universidade Estadual Paulista) J\u00falio de Mesquita Filho, de\u00a0<a href=\"http:\/\/www.imparcial.com.br\/guia\/assunto\/rosana\" data-gid=\"1309\">Rosana<\/a>, no dia 12 deste m\u00eas, uma mensagem que surpreendeu muitos: a proposta enviada pela reitoria que prop\u00f5e discuss\u00e3o acerca da poss\u00edvel fus\u00e3o dos campi de Rosana e de\u00a0<a href=\"http:\/\/www.imparcial.com.br\/guia\/assunto\/presidente-prudente\" data-gid=\"1297\">Presidente Prudente<\/a>, a\u00a0<a href=\"http:\/\/www.imparcial.com.br\/guia\/assunto\/fct\" data-gid=\"1894\">FCT<\/a>\u00a0(Faculdade de Ci\u00eancias e Tecnologia). Rapidamente, o assunto ganhou \u00e0 boca do povo rosanense e das institui\u00e7\u00f5es que representam a sociedade civil, todas contr\u00e1rias \u00e0 fus\u00e3o, que em suas vis\u00f5es, poderia causar impactos negativos nos \u00e2mbitos sociais e econ\u00f4micos do munic\u00edpio.<\/p>\n<p class=\"CxSpMiddle\" style=\"text-align: justify;\">Algumas informa\u00e7\u00f5es indicavam que a decis\u00e3o sobre a fus\u00e3o, ou n\u00e3o, deveria ser tomada at\u00e9 dia 18, data que \u00e9 negada pela assessoria de imprensa da universidade, que reitera que tal discuss\u00e3o com a sociedade leva tempo, \u201cn\u00e3o ser\u00e1 de um dia para o outro\u201d.<\/p>\n<p class=\"CxSpMiddle\" style=\"text-align: justify;\">Segundo o coordenador executivo do Campus Experimental de Rosana, Guilherme Henrique Barros de Souza, em carta aberta \u00e0 popula\u00e7\u00e3o, a proposta da reitoria \u00e9 de um estudo e n\u00e3o imposi\u00e7\u00e3o, e garante: \u201cA Unesp n\u00e3o sai de Rosana e nem os cursos de gradua\u00e7\u00e3o ser\u00e3o fechados\u201d. Pelo que se nota na declara\u00e7\u00e3o, a possibilidade mais clara \u00e9 que o curso de Turismo seja transferido para Prudente e o campus de Rosana siga com o curso de Engenharia de Energia (o campus possui apenas os dois cursos de gradua\u00e7\u00e3o citados). Ele promete, ainda, manuten\u00e7\u00e3o de empregos e afins (veja box).<\/p>\n<p class=\"CxSpMiddle\" style=\"text-align: justify;\">\u201cA crise econ\u00f4mica e a crise acad\u00eamica que atingem a universidade \u00e9 s\u00e9ria e n\u00e3o pode ser negligenciada. A sustentabilidade de todos n\u00f3s enquanto Unesp, n\u00e3o somente o campus de Rosana, precisa ser discutida de modo s\u00e9rio e sem paix\u00f5es\u201d, afirma, ao comentar a baixa de alunos que o curso de Turismo vem enfrentando.<\/p>\n<h2 class=\"CxSpMiddle\" style=\"text-align: justify;\">Mobiliza\u00e7\u00e3o da sociedade<\/h2>\n<p class=\"CxSpMiddle\" style=\"text-align: justify;\">A t\u00e9cnica administrativa da \u00e1rea acad\u00eamica da Unesp de Rosana, Alexandra Ramalho, 40 anos, afirma que foi, realmente, uma surpresa. \u201cVemos que nossa regi\u00e3o \u00e9 muito mitigada por estarmos longe dos centros [Rosana est\u00e1 a cerca de 800 quil\u00f4metros de S\u00e3o Paulo e 200 km de Prudente]. H\u00e1 muito tempo os campi experimentais j\u00e1 sofrem, s\u00e3o perseguidos. N\u00e3o devem nos aniquilar com ado\u00e7\u00f5es de medidas desesperadas\u201d, enfatiza.<\/p>\n<p class=\"CxSpMiddle\" style=\"text-align: justify;\">Segundo ela, in\u00fameros \u00f3rg\u00e3os est\u00e3o se mobilizando contra a proposta, enviando peti\u00e7\u00f5es \u00e0 reitoria da universidade, entre as quais, a pr\u00f3pria Prefeitura de Rosana, OAB (Ordem dos Advogados do Brasil), entidades, vereadores e deputados, como o deputado estadual\u00a0<a href=\"http:\/\/www.imparcial.com.br\/guia\/pessoa\/ed-thomas\" data-gid=\"1839\">Ed Thomas<\/a>\u00a0(PSB). Ed enviou of\u00edcio ao governador Jo\u00e3o D\u00f3ria (PSDB), no qual afirma: \u201cessa fus\u00e3o \u00e9 invi\u00e1vel, pois Rosana n\u00e3o fica menos de 200 km de qualquer outro campus da Unesp\u201d.<\/p>\n<p class=\"CxSpMiddle\" style=\"text-align: justify;\">A Prefeitura tamb\u00e9m se manifestou contrariamente \u00e0 fus\u00e3o. Em of\u00edcio assinado pelo prefeito Silvio Gabriel (PSD), o Executivo aponta a import\u00e2ncia da universidade para a cidade e regi\u00e3o do Pontal do Paranapanema.<\/p>\n<p class=\"CxSpMiddle\" style=\"text-align: justify;\">\u201cOs cursos de Turismo e Engenharia de Energia se enquadram perfeitamente ao perfil do munic\u00edpio, agregando valores imensur\u00e1veis ao munic\u00edpio, que tem se destacado por seu potencial tur\u00edstico e dispondo de duas usinas hidrel\u00e9tricas disponibilizando meios de aperfei\u00e7oamento profissional nos cursos vinculados ao campus local. Al\u00e9m disso, a universidade fomenta a economia local com a vinda de seus estudantes para residir na cidade, movimentando o com\u00e9rcio imobili\u00e1rio, varejista, de g\u00eaneros aliment\u00edcios, dentre outros, sendo que, eventual fus\u00e3o e redu\u00e7\u00e3o e\/ou extin\u00e7\u00e3o de cursos, implicaria em severos preju\u00edzos\u201d, diz.<\/p>\n<p class=\"CxSpMiddle\" style=\"text-align: justify;\"><strong>O coordenador executivo aponta oito diretrizes a seguir sobre qualquer proposta a ser constru\u00edda:<\/strong><\/p>\n<p class=\"CxSpMiddle\" style=\"text-align: justify;\">1. Que todos os envolvidos no processo tenham seus empregos garantidos pela administra\u00e7\u00e3o central, bem como as adequa\u00e7\u00f5es necess\u00e1rias se for o caso;<\/p>\n<p class=\"CxSpMiddle\" style=\"text-align: justify;\">2. Que a comunidade mun\u00edcipe continue com acesso ao ensino superior p\u00fablico, gratuito de qualidade;<\/p>\n<p class=\"CxSpMiddle\" style=\"text-align: justify;\">3. Que seja garantida uma estrutura m\u00ednima organizacional em Rosana, aut\u00f4noma, para que as estruturas e condi\u00e7\u00f5es de trabalho n\u00e3o sejam sucateadas. A estrutura vigente j\u00e1 \u00e9 m\u00ednima e tranquilamente poderia continuar existindo dentro da estrutura organizacional da FCT em Prudente ou em uma outra configura\u00e7\u00e3o;<\/p>\n<p class=\"CxSpMiddle\" style=\"text-align: justify;\">4. Que sejam garantidas as condi\u00e7\u00f5es de perman\u00eancia estudantil dos estudantes de Turismo em Prudente e em Rosana durante o per\u00edodo de transi\u00e7\u00e3o e que n\u00e3o haja preju\u00edzo aos estudantes de Engenharia de Energia que continuar\u00e3o no campus de Rosana;<\/p>\n<p class=\"CxSpMiddle\" style=\"text-align: justify;\">5. Que a unidade de Rosana tenha garantias de or\u00e7amento para que as condi\u00e7\u00f5es e estruturas continuem a ser cuidadas com m\u00e1ximo de zelo poss\u00edvel;<\/p>\n<p class=\"CxSpMiddle\" style=\"text-align: justify;\">6. Que o curso de Turismo na FCT tenha condi\u00e7\u00f5es garantidas pela administra\u00e7\u00e3o central para se fortalecer e crescer, sem preju\u00edzo aos demais cursos j\u00e1 existentes no campus de Prudente;<\/p>\n<p class=\"CxSpMiddle\" style=\"text-align: justify;\">7. Que quando as c\u00e2maras centrais da universidade forem discutir o refinamento das estruturas acad\u00eamicas e administrativas as comunidades dos dois campi sejam ouvidas;<\/p>\n<p class=\"CxSpMiddle\" style=\"text-align: justify;\">8. Que todas as decis\u00f5es tomadas diante de uma nova estrutura a ser vigente na universidade considerem a valoriza\u00e7\u00e3o das pessoas, a quest\u00e3o acad\u00eamica e a import\u00e2ncia da Unesp para a sociedade, particularmente para o munic\u00edpio de Rosana.<\/p>\n<p style=\"text-align: justify;\">Fonte: imparcial.com.br<\/p>\n","protected":false},"excerpt":{"rendered":"<p>Coordenador executivo do Campus Experimental d\u00e1 indica\u00e7\u00f5es de que a ideia \u00e9 transferir o curso de Turismo para a capital do oeste paulista. Chegou via e-mail, aos servidores do Campus Experimental da Unesp (Universidade Estadual Paulista) J\u00falio de Mesquita Filho, de\u00a0Rosana, no dia 12 deste m\u00eas, uma mensagem que surpreendeu muitos: a proposta enviada pela [&hellip;]<\/p>\n","protected":false},"author":1,"featured_media":29039,"comment_status":"closed","ping_status":"open","sticky":false,"template":"","format":"standard","meta":{"footnotes":""},"categories":[110,122],"tags":[],"class_list":["post-29038","post","type-post","status-publish","format-standard","has-post-thumbnail","hentry","category-noticiasdestaque","category-saudeeducacaoeconcurso"],"_links":{"self":[{"href":"https:\/\/jorgezanoni.com.br\/2019\/wp-json\/wp\/v2\/posts\/29038","targetHints":{"allow":["GET"]}}],"collection":[{"href":"https:\/\/jorgezanoni.com.br\/2019\/wp-json\/wp\/v2\/posts"}],"about":[{"href":"https:\/\/jorgezanoni.com.br\/2019\/wp-json\/wp\/v2\/types\/post"}],"author":[{"embeddable":true,"href":"https:\/\/jorgezanoni.com.br\/2019\/wp-json\/wp\/v2\/users\/1"}],"replies":[{"embeddable":true,"href":"https:\/\/jorgezanoni.com.br\/2019\/wp-json\/wp\/v2\/comments?post=29038"}],"version-history":[{"count":0,"href":"https:\/\/jorgezanoni.com.br\/2019\/wp-json\/wp\/v2\/posts\/29038\/revisions"}],"wp:featuredmedia":[{"embeddable":true,"href":"https:\/\/jorgezanoni.com.br\/2019\/wp-json\/wp\/v2\/media\/29039"}],"wp:attachment":[{"href":"https:\/\/jorgezanoni.com.br\/2019\/wp-json\/wp\/v2\/media?parent=29038"}],"wp:term":[{"taxonomy":"category","embeddable":true,"href":"https:\/\/jorgezanoni.com.br\/2019\/wp-json\/wp\/v2\/categories?post=29038"},{"taxonomy":"post_tag","embeddable":true,"href":"https:\/\/jorgezanoni.com.br\/2019\/wp-json\/wp\/v2\/tags?post=29038"}],"curies":[{"name":"wp","href":"https:\/\/api.w.org\/{rel}","templated":true}]}}