{"id":29035,"date":"2020-06-21T17:03:27","date_gmt":"2020-06-21T17:03:27","guid":{"rendered":"https:\/\/jorgezanoni.com.br\/2019\/?p=29035"},"modified":"2020-06-21T17:03:27","modified_gmt":"2020-06-21T17:03:27","slug":"reuniao-vamos-evitar-mas-nossa-uniao-deve-contagiar","status":"publish","type":"post","link":"https:\/\/jorgezanoni.com.br\/2019\/reuniao-vamos-evitar-mas-nossa-uniao-deve-contagiar\/","title":{"rendered":"Reuni\u00e3o vamos evitar, mas nossa uni\u00e3o deve contagiar"},"content":{"rendered":"<p style=\"text-align: justify;\">REUNI\u00c3O VAMOS EVITAR, MAS NOSSA UNI\u00c3O DEVE CONTAGIAR<\/p>\n<p style=\"text-align: justify;\">O inverno come\u00e7a oficialmente hoje (20), \u00e0s 18h44, e convocamos voc\u00eas para participarem da Campanha Inverno Solid\u00e1rio. A Campanha \u00e9 uma iniciativa do Fundo Social de S\u00e3o Paulo e conta com parceiros dos diversos segmentos da sociedade, entre eles a Pol\u00edcia Militar. A campanha ir\u00e1 at\u00e9 22SET20 e tem como objetivo a arrecada\u00e7\u00e3o de cobertores novos para ajudar pessoas em situa\u00e7\u00e3o de vulnerabilidade a enfrentar os per\u00edodos de frio. Nossa institui\u00e7\u00e3o tem grande envolvimento na Campanha e em todos os anos \u00e9 uma das entidades que mais arrecada donativos.<\/p>\n<p style=\"text-align: justify;\">#POLICIAMILITARSP<br \/>\n#AFOR\u00c7AP\u00daBLICADES\u00c3OPAULO<br \/>\nCOMUNICA\u00c7\u00c3O SOCIAL PMESP<\/p>\n","protected":false},"excerpt":{"rendered":"<p>REUNI\u00c3O VAMOS EVITAR, MAS NOSSA UNI\u00c3O DEVE CONTAGIAR O inverno come\u00e7a oficialmente hoje (20), \u00e0s 18h44, e convocamos voc\u00eas para participarem da Campanha Inverno Solid\u00e1rio. A Campanha \u00e9 uma iniciativa do Fundo Social de S\u00e3o Paulo e conta com parceiros dos diversos segmentos da sociedade, entre eles a Pol\u00edcia Militar. A campanha ir\u00e1 at\u00e9 22SET20 [&hellip;]<\/p>\n","protected":false},"author":1,"featured_media":29036,"comment_status":"closed","ping_status":"open","sticky":false,"template":"","format":"standard","meta":{"footnotes":""},"categories":[2,118],"tags":[],"class_list":["post-29035","post","type-post","status-publish","format-standard","has-post-thumbnail","hentry","category-policial","category-religiaoesolidariedade"],"_links":{"self":[{"href":"https:\/\/jorgezanoni.com.br\/2019\/wp-json\/wp\/v2\/posts\/29035","targetHints":{"allow":["GET"]}}],"collection":[{"href":"https:\/\/jorgezanoni.com.br\/2019\/wp-json\/wp\/v2\/posts"}],"about":[{"href":"https:\/\/jorgezanoni.com.br\/2019\/wp-json\/wp\/v2\/types\/post"}],"author":[{"embeddable":true,"href":"https:\/\/jorgezanoni.com.br\/2019\/wp-json\/wp\/v2\/users\/1"}],"replies":[{"embeddable":true,"href":"https:\/\/jorgezanoni.com.br\/2019\/wp-json\/wp\/v2\/comments?post=29035"}],"version-history":[{"count":0,"href":"https:\/\/jorgezanoni.com.br\/2019\/wp-json\/wp\/v2\/posts\/29035\/revisions"}],"wp:featuredmedia":[{"embeddable":true,"href":"https:\/\/jorgezanoni.com.br\/2019\/wp-json\/wp\/v2\/media\/29036"}],"wp:attachment":[{"href":"https:\/\/jorgezanoni.com.br\/2019\/wp-json\/wp\/v2\/media?parent=29035"}],"wp:term":[{"taxonomy":"category","embeddable":true,"href":"https:\/\/jorgezanoni.com.br\/2019\/wp-json\/wp\/v2\/categories?post=29035"},{"taxonomy":"post_tag","embeddable":true,"href":"https:\/\/jorgezanoni.com.br\/2019\/wp-json\/wp\/v2\/tags?post=29035"}],"curies":[{"name":"wp","href":"https:\/\/api.w.org\/{rel}","templated":true}]}}