{"id":29028,"date":"2020-06-21T16:27:26","date_gmt":"2020-06-21T16:27:26","guid":{"rendered":"https:\/\/jorgezanoni.com.br\/2019\/?p=29028"},"modified":"2020-06-21T16:27:26","modified_gmt":"2020-06-21T16:27:26","slug":"camara-de-irapuru-rejeitou-aumento-de-subsidios-de-agentes-politicos","status":"publish","type":"post","link":"https:\/\/jorgezanoni.com.br\/2019\/camara-de-irapuru-rejeitou-aumento-de-subsidios-de-agentes-politicos\/","title":{"rendered":"C\u00e2mara de Irapuru rejeitou aumento de subs\u00eddios de Agentes Pol\u00edticos"},"content":{"rendered":"<p style=\"text-align: justify;\">A Administra\u00e7\u00e3o Municipal, ap\u00f3s v\u00e1rias indaga\u00e7\u00f5es, informa:<\/p>\n<p style=\"text-align: justify;\">Quinta-feira tramitou e foi rejeitado na C\u00e2mara de Vereadores o Projeto de Fixa\u00e7\u00e3o de Subs\u00eddios de Agentes Pol\u00edticos, sendo importante esclarecer que, referido projeto, N\u00c3O SE TRATA DE AUTORIA DO PREFEITO.<\/p>\n<p style=\"text-align: justify;\">Esclarece, ainda, que nos 02 (dois) \u00faltimos anos, o Prefeito, VETOU (n\u00e3o acolheu), a revis\u00e3o anual de subs\u00eddios para Agentes Pol\u00edticos (Prefeito, Vice-Prefeito, Vereador, Secret\u00e1rios).<\/p>\n<div class=\"text_exposed_show\">\n<p style=\"text-align: justify;\">Por fim, quanto a sess\u00e3o ordin\u00e1ria de ontem, a Administra\u00e7\u00e3o Municipal parabeniza os vereadores por, ao mesmo tempo, cumprirem suas obriga\u00e7\u00f5es funcionais e tamb\u00e9m atender aos reclamos da sociedade.<\/p>\n<p><img loading=\"lazy\" decoding=\"async\" class=\"alignnone size-full wp-image-29029\" src=\"https:\/\/jorgezanoni.com.br\/2019\/wp-content\/uploads\/2020\/06\/irapuru1.jpg\" alt=\"\" width=\"678\" height=\"960\" srcset=\"https:\/\/jorgezanoni.com.br\/2019\/wp-content\/uploads\/2020\/06\/irapuru1.jpg 678w, https:\/\/jorgezanoni.com.br\/2019\/wp-content\/uploads\/2020\/06\/irapuru1-212x300.jpg 212w, https:\/\/jorgezanoni.com.br\/2019\/wp-content\/uploads\/2020\/06\/irapuru1-297x420.jpg 297w\" sizes=\"auto, (max-width: 678px) 100vw, 678px\" \/> <img loading=\"lazy\" decoding=\"async\" class=\"alignnone size-full wp-image-29030\" src=\"https:\/\/jorgezanoni.com.br\/2019\/wp-content\/uploads\/2020\/06\/irapuru2.jpg\" alt=\"\" width=\"678\" height=\"960\" srcset=\"https:\/\/jorgezanoni.com.br\/2019\/wp-content\/uploads\/2020\/06\/irapuru2.jpg 678w, https:\/\/jorgezanoni.com.br\/2019\/wp-content\/uploads\/2020\/06\/irapuru2-212x300.jpg 212w, https:\/\/jorgezanoni.com.br\/2019\/wp-content\/uploads\/2020\/06\/irapuru2-297x420.jpg 297w\" sizes=\"auto, (max-width: 678px) 100vw, 678px\" \/> <img loading=\"lazy\" decoding=\"async\" class=\"alignnone size-full wp-image-29031\" src=\"https:\/\/jorgezanoni.com.br\/2019\/wp-content\/uploads\/2020\/06\/irapuru3.jpg\" alt=\"\" width=\"678\" height=\"960\" srcset=\"https:\/\/jorgezanoni.com.br\/2019\/wp-content\/uploads\/2020\/06\/irapuru3.jpg 678w, https:\/\/jorgezanoni.com.br\/2019\/wp-content\/uploads\/2020\/06\/irapuru3-212x300.jpg 212w, https:\/\/jorgezanoni.com.br\/2019\/wp-content\/uploads\/2020\/06\/irapuru3-297x420.jpg 297w\" sizes=\"auto, (max-width: 678px) 100vw, 678px\" \/><img loading=\"lazy\" decoding=\"async\" class=\"alignnone size-full wp-image-29032\" src=\"https:\/\/jorgezanoni.com.br\/2019\/wp-content\/uploads\/2020\/06\/ira\u00faru.jpg\" alt=\"\" width=\"678\" height=\"960\" srcset=\"https:\/\/jorgezanoni.com.br\/2019\/wp-content\/uploads\/2020\/06\/ira\u00faru.jpg 678w, https:\/\/jorgezanoni.com.br\/2019\/wp-content\/uploads\/2020\/06\/ira\u00faru-212x300.jpg 212w, https:\/\/jorgezanoni.com.br\/2019\/wp-content\/uploads\/2020\/06\/ira\u00faru-297x420.jpg 297w\" sizes=\"auto, (max-width: 678px) 100vw, 678px\" \/><\/p>\n<\/div>\n","protected":false},"excerpt":{"rendered":"<p>A Administra\u00e7\u00e3o Municipal, ap\u00f3s v\u00e1rias indaga\u00e7\u00f5es, informa: Quinta-feira tramitou e foi rejeitado na C\u00e2mara de Vereadores o Projeto de Fixa\u00e7\u00e3o de Subs\u00eddios de Agentes Pol\u00edticos, sendo importante esclarecer que, referido projeto, N\u00c3O SE TRATA DE AUTORIA DO PREFEITO. Esclarece, ainda, que nos 02 (dois) \u00faltimos anos, o Prefeito, VETOU (n\u00e3o acolheu), a revis\u00e3o anual de [&hellip;]<\/p>\n","protected":false},"author":1,"featured_media":29033,"comment_status":"closed","ping_status":"open","sticky":false,"template":"","format":"standard","meta":{"footnotes":""},"categories":[179,192,110,116],"tags":[],"class_list":["post-29028","post","type-post","status-publish","format-standard","has-post-thumbnail","hentry","category-cidadeseregiao","category-irapuru","category-noticiasdestaque","category-politicaeeconomia"],"_links":{"self":[{"href":"https:\/\/jorgezanoni.com.br\/2019\/wp-json\/wp\/v2\/posts\/29028","targetHints":{"allow":["GET"]}}],"collection":[{"href":"https:\/\/jorgezanoni.com.br\/2019\/wp-json\/wp\/v2\/posts"}],"about":[{"href":"https:\/\/jorgezanoni.com.br\/2019\/wp-json\/wp\/v2\/types\/post"}],"author":[{"embeddable":true,"href":"https:\/\/jorgezanoni.com.br\/2019\/wp-json\/wp\/v2\/users\/1"}],"replies":[{"embeddable":true,"href":"https:\/\/jorgezanoni.com.br\/2019\/wp-json\/wp\/v2\/comments?post=29028"}],"version-history":[{"count":0,"href":"https:\/\/jorgezanoni.com.br\/2019\/wp-json\/wp\/v2\/posts\/29028\/revisions"}],"wp:featuredmedia":[{"embeddable":true,"href":"https:\/\/jorgezanoni.com.br\/2019\/wp-json\/wp\/v2\/media\/29033"}],"wp:attachment":[{"href":"https:\/\/jorgezanoni.com.br\/2019\/wp-json\/wp\/v2\/media?parent=29028"}],"wp:term":[{"taxonomy":"category","embeddable":true,"href":"https:\/\/jorgezanoni.com.br\/2019\/wp-json\/wp\/v2\/categories?post=29028"},{"taxonomy":"post_tag","embeddable":true,"href":"https:\/\/jorgezanoni.com.br\/2019\/wp-json\/wp\/v2\/tags?post=29028"}],"curies":[{"name":"wp","href":"https:\/\/api.w.org\/{rel}","templated":true}]}}