{"id":29020,"date":"2020-06-21T14:58:11","date_gmt":"2020-06-21T14:58:11","guid":{"rendered":"https:\/\/jorgezanoni.com.br\/2019\/?p=29020"},"modified":"2020-06-21T14:58:12","modified_gmt":"2020-06-21T14:58:12","slug":"reclamacao-da-populacao-rodoviaria-de-dracena-tem-muita-sujeira-e-mau-cheiro-das-fezes-de-pombos","status":"publish","type":"post","link":"https:\/\/jorgezanoni.com.br\/2019\/reclamacao-da-populacao-rodoviaria-de-dracena-tem-muita-sujeira-e-mau-cheiro-das-fezes-de-pombos\/","title":{"rendered":"Reclama\u00e7\u00e3o da Popula\u00e7\u00e3o: Rodovi\u00e1ria de Dracena tem muita sujeira e mau cheiro das fezes de Pombos"},"content":{"rendered":"<p style=\"text-align: justify;\">Veja a situa\u00e7\u00e3o em cima dos guich\u00eas da Rodovi\u00e1ria de Dracena. Usu\u00e1rios reclamam de mau cheiro e muita sujeira. (V\u00eddeo de internauta).<\/p>\n<div id=\"fb-root\"><\/div>\n<p><script async=\"1\" defer=\"1\" crossorigin=\"anonymous\" src=\"https:\/\/connect.facebook.net\/en_US\/sdk.js#xfbml=1&amp;version=v7.0\" nonce=\"lr1L9OPL\"><\/script><\/p>\n<div class=\"fb-video\" data-href=\"https:\/\/www.facebook.com\/jornalinterativodracena\/videos\/276707906781253\/\" data-width=\"696\">\n<blockquote cite=\"https:\/\/www.facebook.com\/jornalinterativodracena\/videos\/276707906781253\/\" class=\"fb-xfbml-parse-ignore\"><p><a href=\"https:\/\/www.facebook.com\/jornalinterativodracena\/videos\/276707906781253\/\"><\/a><\/p>\n<p>Veja a situa\u00e7\u00e3o em cima dos guich\u00eas da Rodovi\u00e1ria de Dracena. Usu\u00e1rios reclamam de mau cheiro e muita sujeira. V\u00eddeo de internauta.<\/p>\n<p>Posted by <a href=\"https:\/\/www.facebook.com\/jornalinterativodracena\/\">Jornal Interativo<\/a> on Saturday, June 20, 2020<\/p><\/blockquote>\n<\/div>\n","protected":false},"excerpt":{"rendered":"<p>Veja a situa\u00e7\u00e3o em cima dos guich\u00eas da Rodovi\u00e1ria de Dracena. Usu\u00e1rios reclamam de mau cheiro e muita sujeira. (V\u00eddeo de internauta). Veja a situa\u00e7\u00e3o em cima dos guich\u00eas da Rodovi\u00e1ria de Dracena. Usu\u00e1rios reclamam de mau cheiro e muita sujeira. V\u00eddeo de internauta. Posted by Jornal Interativo on Saturday, June 20, 2020<\/p>\n","protected":false},"author":1,"featured_media":29022,"comment_status":"closed","ping_status":"open","sticky":false,"template":"","format":"video","meta":{"footnotes":""},"categories":[179,184,169],"tags":[],"class_list":["post-29020","post","type-post","status-publish","format-video","has-post-thumbnail","hentry","category-cidadeseregiao","category-dracena","category-videos","post_format-post-format-video"],"_links":{"self":[{"href":"https:\/\/jorgezanoni.com.br\/2019\/wp-json\/wp\/v2\/posts\/29020","targetHints":{"allow":["GET"]}}],"collection":[{"href":"https:\/\/jorgezanoni.com.br\/2019\/wp-json\/wp\/v2\/posts"}],"about":[{"href":"https:\/\/jorgezanoni.com.br\/2019\/wp-json\/wp\/v2\/types\/post"}],"author":[{"embeddable":true,"href":"https:\/\/jorgezanoni.com.br\/2019\/wp-json\/wp\/v2\/users\/1"}],"replies":[{"embeddable":true,"href":"https:\/\/jorgezanoni.com.br\/2019\/wp-json\/wp\/v2\/comments?post=29020"}],"version-history":[{"count":0,"href":"https:\/\/jorgezanoni.com.br\/2019\/wp-json\/wp\/v2\/posts\/29020\/revisions"}],"wp:featuredmedia":[{"embeddable":true,"href":"https:\/\/jorgezanoni.com.br\/2019\/wp-json\/wp\/v2\/media\/29022"}],"wp:attachment":[{"href":"https:\/\/jorgezanoni.com.br\/2019\/wp-json\/wp\/v2\/media?parent=29020"}],"wp:term":[{"taxonomy":"category","embeddable":true,"href":"https:\/\/jorgezanoni.com.br\/2019\/wp-json\/wp\/v2\/categories?post=29020"},{"taxonomy":"post_tag","embeddable":true,"href":"https:\/\/jorgezanoni.com.br\/2019\/wp-json\/wp\/v2\/tags?post=29020"}],"curies":[{"name":"wp","href":"https:\/\/api.w.org\/{rel}","templated":true}]}}