{"id":29003,"date":"2020-06-21T13:51:04","date_gmt":"2020-06-21T13:51:04","guid":{"rendered":"https:\/\/jorgezanoni.com.br\/2019\/?p=29003"},"modified":"2020-06-21T13:51:04","modified_gmt":"2020-06-21T13:51:04","slug":"advogado-de-herculandia-morre-em-acidente-na-sp-294","status":"publish","type":"post","link":"https:\/\/jorgezanoni.com.br\/2019\/advogado-de-herculandia-morre-em-acidente-na-sp-294\/","title":{"rendered":"Advogado de Hercul\u00e2ndia morre em acidente na SP-294"},"content":{"rendered":"<div class=\"bloco_conteudo\">\n<p style=\"text-align: justify;\">Um acidente envolvendo um carro e uma carreta resultou na morte do advogado Arthur Dias dos Santos, de cerca de 25 anos, morador de Hercul\u00e2ndia, na Rodovia Comandante Jo\u00e3o Ribeiro de Barros (SP-294), noite desse s\u00e1bado, dia 20. A colis\u00e3o aconteceu, por volta das 20h30, na altura do quil\u00f4metro 517 mais 200 metros, altura do munic\u00edpio de Tup\u00e3. O motorista da carreta, que estava carregada de a\u00e7\u00facar, n\u00e3o teria sofrido ferimentos.<\/p>\n<p>Segundo informa\u00e7\u00f5es da Pol\u00edcia Militar Rodovi\u00e1ria Base Operacional de Tup\u00e3, que atendeu a ocorr\u00eancia com o cabo Gabriel e soldado Golim, a v\u00edtima conduzia um ve\u00edculo Corola no sentido Hercul\u00e2ndia &#8211; Tup\u00e3. No citado quil\u00f4metro acima, por motivos a serem investigados, houve a colis\u00e3o do ve\u00edculo, placas de Tup\u00e3, conduzido por Arthur Dias dos Santos, em uma carreta Mercedes Benz Axor 2540, placas de Osvaldo Cruz.<\/p>\n<p>Devido o forte impacto com a carreta que viajava sentido Tup\u00e3 a \u00a0Hercul\u00e2ndia, o advogado morreu no local. O corpo da v\u00edtima foi removido para o Instituto M\u00e9dico Legal de Tup\u00e3. A ocorr\u00eancia foi apresentada na Central de Pol\u00edcia Judici\u00e1ria (CPJ) de Tup\u00e3, ao delegado de plant\u00e3o Washington Muzzi. A Pol\u00edcia Civil dar\u00e1 continuidade as investiga\u00e7\u00f5es deste tr\u00e1gico acidente. A Pol\u00edcia Rodovi\u00e1ria de Tup\u00e3 contou com apoio da Pol\u00edcia Rodovi\u00e1ria de Marilia.<\/p>\n<p><img loading=\"lazy\" decoding=\"async\" class=\"alignnone size-full wp-image-29005\" src=\"https:\/\/jorgezanoni.com.br\/2019\/wp-content\/uploads\/2020\/06\/tupa1.jpg\" alt=\"\" width=\"800\" height=\"396\" srcset=\"https:\/\/jorgezanoni.com.br\/2019\/wp-content\/uploads\/2020\/06\/tupa1.jpg 800w, https:\/\/jorgezanoni.com.br\/2019\/wp-content\/uploads\/2020\/06\/tupa1-300x149.jpg 300w, https:\/\/jorgezanoni.com.br\/2019\/wp-content\/uploads\/2020\/06\/tupa1-768x380.jpg 768w, https:\/\/jorgezanoni.com.br\/2019\/wp-content\/uploads\/2020\/06\/tupa1-324x160.jpg 324w, https:\/\/jorgezanoni.com.br\/2019\/wp-content\/uploads\/2020\/06\/tupa1-696x345.jpg 696w\" sizes=\"auto, (max-width: 800px) 100vw, 800px\" \/> <img loading=\"lazy\" decoding=\"async\" class=\"alignnone size-full wp-image-29006\" src=\"https:\/\/jorgezanoni.com.br\/2019\/wp-content\/uploads\/2020\/06\/tupa2.jpg\" alt=\"\" width=\"800\" height=\"493\" srcset=\"https:\/\/jorgezanoni.com.br\/2019\/wp-content\/uploads\/2020\/06\/tupa2.jpg 800w, https:\/\/jorgezanoni.com.br\/2019\/wp-content\/uploads\/2020\/06\/tupa2-300x185.jpg 300w, https:\/\/jorgezanoni.com.br\/2019\/wp-content\/uploads\/2020\/06\/tupa2-768x473.jpg 768w, https:\/\/jorgezanoni.com.br\/2019\/wp-content\/uploads\/2020\/06\/tupa2-356x220.jpg 356w, https:\/\/jorgezanoni.com.br\/2019\/wp-content\/uploads\/2020\/06\/tupa2-696x429.jpg 696w, https:\/\/jorgezanoni.com.br\/2019\/wp-content\/uploads\/2020\/06\/tupa2-682x420.jpg 682w\" sizes=\"auto, (max-width: 800px) 100vw, 800px\" \/> <img loading=\"lazy\" decoding=\"async\" class=\"alignnone size-full wp-image-29007\" src=\"https:\/\/jorgezanoni.com.br\/2019\/wp-content\/uploads\/2020\/06\/tupa3.jpg\" alt=\"\" width=\"800\" height=\"405\" srcset=\"https:\/\/jorgezanoni.com.br\/2019\/wp-content\/uploads\/2020\/06\/tupa3.jpg 800w, https:\/\/jorgezanoni.com.br\/2019\/wp-content\/uploads\/2020\/06\/tupa3-300x152.jpg 300w, https:\/\/jorgezanoni.com.br\/2019\/wp-content\/uploads\/2020\/06\/tupa3-768x389.jpg 768w, https:\/\/jorgezanoni.com.br\/2019\/wp-content\/uploads\/2020\/06\/tupa3-696x352.jpg 696w\" sizes=\"auto, (max-width: 800px) 100vw, 800px\" \/><\/p>\n<p style=\"text-align: justify;\">Fonte: Bastos J\u00e1<\/p>\n<\/div>\n<div class=\"fotos_list\">\n<div class=\"img_noticia\" style=\"text-align: justify;\"><\/div>\n<div class=\"img_noticia\" style=\"text-align: justify;\"><\/div>\n<div class=\"img_noticia\" style=\"text-align: justify;\"><\/div>\n<div class=\"img_noticia\"><\/div>\n<\/div>\n","protected":false},"excerpt":{"rendered":"<p>Um acidente envolvendo um carro e uma carreta resultou na morte do advogado Arthur Dias dos Santos, de cerca de 25 anos, morador de Hercul\u00e2ndia, na Rodovia Comandante Jo\u00e3o Ribeiro de Barros (SP-294), noite desse s\u00e1bado, dia 20. A colis\u00e3o aconteceu, por volta das 20h30, na altura do quil\u00f4metro 517 mais 200 metros, altura do [&hellip;]<\/p>\n","protected":false},"author":1,"featured_media":29004,"comment_status":"closed","ping_status":"open","sticky":false,"template":"","format":"standard","meta":{"footnotes":""},"categories":[170,110],"tags":[],"class_list":["post-29003","post","type-post","status-publish","format-standard","has-post-thumbnail","hentry","category-acidentes","category-noticiasdestaque"],"_links":{"self":[{"href":"https:\/\/jorgezanoni.com.br\/2019\/wp-json\/wp\/v2\/posts\/29003","targetHints":{"allow":["GET"]}}],"collection":[{"href":"https:\/\/jorgezanoni.com.br\/2019\/wp-json\/wp\/v2\/posts"}],"about":[{"href":"https:\/\/jorgezanoni.com.br\/2019\/wp-json\/wp\/v2\/types\/post"}],"author":[{"embeddable":true,"href":"https:\/\/jorgezanoni.com.br\/2019\/wp-json\/wp\/v2\/users\/1"}],"replies":[{"embeddable":true,"href":"https:\/\/jorgezanoni.com.br\/2019\/wp-json\/wp\/v2\/comments?post=29003"}],"version-history":[{"count":0,"href":"https:\/\/jorgezanoni.com.br\/2019\/wp-json\/wp\/v2\/posts\/29003\/revisions"}],"wp:featuredmedia":[{"embeddable":true,"href":"https:\/\/jorgezanoni.com.br\/2019\/wp-json\/wp\/v2\/media\/29004"}],"wp:attachment":[{"href":"https:\/\/jorgezanoni.com.br\/2019\/wp-json\/wp\/v2\/media?parent=29003"}],"wp:term":[{"taxonomy":"category","embeddable":true,"href":"https:\/\/jorgezanoni.com.br\/2019\/wp-json\/wp\/v2\/categories?post=29003"},{"taxonomy":"post_tag","embeddable":true,"href":"https:\/\/jorgezanoni.com.br\/2019\/wp-json\/wp\/v2\/tags?post=29003"}],"curies":[{"name":"wp","href":"https:\/\/api.w.org\/{rel}","templated":true}]}}