{"id":29000,"date":"2020-06-21T13:34:16","date_gmt":"2020-06-21T13:34:16","guid":{"rendered":"https:\/\/jorgezanoni.com.br\/2019\/?p=29000"},"modified":"2020-06-21T13:34:16","modified_gmt":"2020-06-21T13:34:16","slug":"oito-jogadores-e-cinco-funcionarios-do-corinthians-testam-positivo-para-coronavirus","status":"publish","type":"post","link":"https:\/\/jorgezanoni.com.br\/2019\/oito-jogadores-e-cinco-funcionarios-do-corinthians-testam-positivo-para-coronavirus\/","title":{"rendered":"Oito jogadores e cinco funcion\u00e1rios do Corinthians testam positivo para coronav\u00edrus"},"content":{"rendered":"<h2 class=\"content-head__subtitle\" style=\"text-align: justify;\"><strong>Segundo comunicado do clube, eles ficar\u00e3o afastados das atividades no CT.<\/strong><\/h2>\n<div class=\"mc-column content-text active-extra-styles \" data-block-type=\"unstyled\" data-block-weight=\"23\" data-block-id=\"1\">\n<p class=\"content-text__container \" style=\"text-align: justify;\" data-track-category=\"Link no Texto\" data-track-links=\"\">Oito jogadores e cinco membros da comiss\u00e3o t\u00e9cnica e de outros setores do\u00a0<a href=\"https:\/\/globoesporte.globo.com\/futebol\/times\/corinthians\/\">Corinthians<\/a>\u00a0foram diagnosticados com o coronav\u00edrus. Todos eles s\u00e3o assintom\u00e1ticos.<\/p>\n<\/div>\n<div class=\"wall protected-content\">\n<div class=\"mc-column content-text active-extra-styles \" style=\"text-align: justify;\" data-block-type=\"unstyled\" data-block-weight=\"26\" data-block-id=\"2\">\n<p class=\"content-text__container \" data-track-category=\"Link no Texto\" data-track-links=\"\">A informa\u00e7\u00e3o foi divulgada na noite deste s\u00e1bado pelo Corinthians, que anunciou a retomada das atividades no CT Joaquim Grava a partir da pr\u00f3xima segunda-feira.<\/p>\n<\/div>\n<div class=\"mc-column content-text active-extra-styles \" data-block-type=\"unstyled\" data-block-weight=\"32\" data-block-id=\"3\">\n<p class=\"content-text__container \" style=\"text-align: justify;\" data-track-category=\"Link no Texto\" data-track-links=\"\">Para isso, ser\u00e3o tomadas medidas preventivas ao novo coronav\u00edrus, com base no protocolo definido junto \u00e0 Federa\u00e7\u00e3o Paulista de Futebol. No total, 190 exames foram realizados pelo clube entre quinta e sexta-feira.<\/p>\n<p style=\"text-align: justify;\" data-track-category=\"Link no Texto\" data-track-links=\"\">Os infectados pelo novo coronav\u00edrus ficar\u00e3o afastados das atividades do centro de treinamento por dez dias e, ent\u00e3o, ser\u00e3o submetidos a novos exames.<\/p>\n<div class=\"mc-column content-text active-extra-styles \" style=\"text-align: justify;\" data-block-type=\"unstyled\" data-block-weight=\"24\" data-block-id=\"7\">\n<p class=\"content-text__container \" data-track-category=\"Link no Texto\" data-track-links=\"\">Rec\u00e9m-contratado, J\u00f4 ainda n\u00e3o foi testado. Ele passar\u00e1 por exames nos pr\u00f3ximos dias e, se n\u00e3o estiver infectado, ser\u00e1 integrado ao elenco na sequ\u00eancia.<\/p>\n<\/div>\n<div class=\"mc-column content-text active-extra-styles \" style=\"text-align: justify;\" data-block-type=\"unstyled\" data-block-weight=\"2\" data-block-id=\"8\">\n<p class=\"content-text__container \" data-track-category=\"Link no Texto\" data-track-links=\"\"><strong>Veja tamb\u00e9m:<\/strong><\/p>\n<\/div>\n<div class=\"mc-column content-text active-extra-styles \" style=\"text-align: justify;\" data-block-type=\"unstyled\" data-block-weight=\"19\" data-block-id=\"9\">\n<p class=\"content-text__container \" data-track-category=\"Link no Texto\" data-track-links=\"\"><a href=\"https:\/\/globoesporte.globo.com\/futebol\/times\/corinthians\/noticia\/noticias-corinthians-prejuizo-milionario-clube-social.ghtml\"><strong>+ Corinthians tem preju\u00edzo milion\u00e1rio com o clube social<\/strong><\/a><strong><br \/>\n<\/strong><a href=\"https:\/\/globoesporte.globo.com\/futebol\/times\/corinthians\/noticia\/ultimas-noticias-corinthians-jo-apresentacao-reforco-marcas-recordes.ghtml\"><strong>+ J\u00f4 ter\u00e1 apresenta\u00e7\u00e3o virtual e pode bater marcas no Corinthians<\/strong><\/a><\/p>\n<\/div>\n<div class=\"mc-column content-text active-extra-styles \" style=\"text-align: justify;\" data-block-type=\"unstyled\" data-block-weight=\"30\" data-block-id=\"10\">\n<p class=\"content-text__container \" data-track-category=\"Link no Texto\" data-track-links=\"\">O Corinthians preservou a identidade dos infectados. O \u00fanico nome mencionado na nota oficial do clube foi o massagista Raimundo &#8220;Cear\u00e1&#8221;, que apresentou sintomas da doen\u00e7a e foi hospitalizado.<\/p>\n<\/div>\n<div class=\"mc-column content-text active-extra-styles \" style=\"text-align: justify;\" data-block-type=\"unstyled\" data-block-weight=\"32\" data-block-id=\"11\">\n<p class=\"content-text__container \" data-track-category=\"Link no Texto\" data-track-links=\"\">Ele j\u00e1 apresentou melhora, mas, como pertencente ao grupo de risco estabelecido pela Organiza\u00e7\u00e3o Mundial da Sa\u00fade, ser\u00e1 preservado das atividades. O mesmo acontecer\u00e1 com todos os funcion\u00e1rios acima de 60 anos.<\/p>\n<\/div>\n<div class=\"mc-column content-text active-extra-styles \" style=\"text-align: justify;\" data-block-type=\"unstyled\" data-block-weight=\"32\" data-block-id=\"12\">\n<p class=\"content-text__container \" data-track-category=\"Link no Texto\" data-track-links=\"\">A partir de ter\u00e7a-feira, os atletas come\u00e7ar\u00e3o a bateria de avalia\u00e7\u00f5es f\u00edsicas, testes bioqu\u00edmicos e fisiol\u00f3gicos para o retorno as atividades. Os treinos com bola s\u00f3 est\u00e3o permitidos a partir de julho.<\/p>\n<\/div>\n<div class=\"mc-column content-text active-extra-styles \" style=\"text-align: justify;\" data-block-type=\"unstyled\" data-block-weight=\"16\" data-block-id=\"13\">\n<p class=\"content-text__container \" data-track-category=\"Link no Texto\" data-track-links=\"\">O Corinthians listou algumas das medidas tomadas para evitar a propaga\u00e7\u00e3o do novo coronav\u00edrus, tais como:<\/p>\n<\/div>\n<div class=\"mc-column content-text active-extra-styles\" style=\"text-align: justify;\" data-block-type=\"raw\" data-block-weight=\"74\" data-block-id=\"14\">\n<ul class=\"content-unordered-list\">\n<li>N\u00e3o utiliza\u00e7\u00e3o de vesti\u00e1rios;<\/li>\n<li>Distribui\u00e7\u00e3o de Equipamento de Prote\u00e7\u00e3o Individual (EPI) para todos os funcion\u00e1rios nas depend\u00eancias do CT (incluindo atletas, exceto durante atividades f\u00edsicas);<\/li>\n<li>Instala\u00e7\u00e3o de pontos de higieniza\u00e7\u00e3o com \u00e1lcool espalhados;<\/li>\n<li>Divis\u00e3o de grupos fixos;<\/li>\n<li>Realiza\u00e7\u00e3o de atividades ao ar livre no campo;<\/li>\n<li>Designa\u00e7\u00e3o de fisioterapeutas aos mesmos grupos de atletas para n\u00e3o haver varia\u00e7\u00e3o de contato;<\/li>\n<li>N\u00e3o ser\u00e3o servidas refei\u00e7\u00f5es no centro de treinamento para diminuir risco de compartilhamento de objetos.<\/li>\n<\/ul>\n<\/div>\n<div class=\"mc-column content-text active-extra-styles \" style=\"text-align: justify;\" data-block-type=\"unstyled\" data-block-weight=\"10\" data-block-id=\"15\">\n<p class=\"content-text__container \" data-track-category=\"Link no Texto\" data-track-links=\"\">Os treinos n\u00e3o poder\u00e3o ser acompanhados pelos profissionais de imprensa.<\/p>\n<\/div>\n<div class=\"mc-column content-text active-extra-styles \" data-block-type=\"unstyled\" data-block-weight=\"53\" data-block-id=\"16\">\n<p class=\"content-text__container \" style=\"text-align: justify;\" data-track-category=\"Link no Texto\" data-track-links=\"\">N\u00e3o h\u00e1 previs\u00e3o para a retomada do Campeonato Paulista. Faltando duas rodadas para o t\u00e9rmino da primeira fase, o Corinthians est\u00e1 na terceira coloca\u00e7\u00e3o do Grupo D, com chances remotas de avan\u00e7ar ao mata-mata. O Tim\u00e3o est\u00e1 cinco pontos atr\u00e1s do Guarani, segundo colocado, e j\u00e1 n\u00e3o consegue mais alcan\u00e7ar o l\u00edder Bragantino.<\/p>\n<p style=\"text-align: justify;\" data-track-category=\"Link no Texto\" data-track-links=\"\">Fonte: globoesporte.globo.com\/<\/p>\n<\/div>\n<\/div>\n<\/div>\n","protected":false},"excerpt":{"rendered":"<p>Segundo comunicado do clube, eles ficar\u00e3o afastados das atividades no CT. Oito jogadores e cinco membros da comiss\u00e3o t\u00e9cnica e de outros setores do\u00a0Corinthians\u00a0foram diagnosticados com o coronav\u00edrus. Todos eles s\u00e3o assintom\u00e1ticos. A informa\u00e7\u00e3o foi divulgada na noite deste s\u00e1bado pelo Corinthians, que anunciou a retomada das atividades no CT Joaquim Grava a partir da [&hellip;]<\/p>\n","protected":false},"author":1,"featured_media":29001,"comment_status":"closed","ping_status":"open","sticky":false,"template":"","format":"standard","meta":{"footnotes":""},"categories":[111,110],"tags":[],"class_list":["post-29000","post","type-post","status-publish","format-standard","has-post-thumbnail","hentry","category-esporteecultura","category-noticiasdestaque"],"_links":{"self":[{"href":"https:\/\/jorgezanoni.com.br\/2019\/wp-json\/wp\/v2\/posts\/29000","targetHints":{"allow":["GET"]}}],"collection":[{"href":"https:\/\/jorgezanoni.com.br\/2019\/wp-json\/wp\/v2\/posts"}],"about":[{"href":"https:\/\/jorgezanoni.com.br\/2019\/wp-json\/wp\/v2\/types\/post"}],"author":[{"embeddable":true,"href":"https:\/\/jorgezanoni.com.br\/2019\/wp-json\/wp\/v2\/users\/1"}],"replies":[{"embeddable":true,"href":"https:\/\/jorgezanoni.com.br\/2019\/wp-json\/wp\/v2\/comments?post=29000"}],"version-history":[{"count":0,"href":"https:\/\/jorgezanoni.com.br\/2019\/wp-json\/wp\/v2\/posts\/29000\/revisions"}],"wp:featuredmedia":[{"embeddable":true,"href":"https:\/\/jorgezanoni.com.br\/2019\/wp-json\/wp\/v2\/media\/29001"}],"wp:attachment":[{"href":"https:\/\/jorgezanoni.com.br\/2019\/wp-json\/wp\/v2\/media?parent=29000"}],"wp:term":[{"taxonomy":"category","embeddable":true,"href":"https:\/\/jorgezanoni.com.br\/2019\/wp-json\/wp\/v2\/categories?post=29000"},{"taxonomy":"post_tag","embeddable":true,"href":"https:\/\/jorgezanoni.com.br\/2019\/wp-json\/wp\/v2\/tags?post=29000"}],"curies":[{"name":"wp","href":"https:\/\/api.w.org\/{rel}","templated":true}]}}