{"id":28997,"date":"2020-06-21T13:18:45","date_gmt":"2020-06-21T13:18:45","guid":{"rendered":"https:\/\/jorgezanoni.com.br\/2019\/?p=28997"},"modified":"2020-06-21T13:18:45","modified_gmt":"2020-06-21T13:18:45","slug":"homem-e-resgatado-apos-cair-com-trator-em-penhasco-com-40-metros-de-profundidade","status":"publish","type":"post","link":"https:\/\/jorgezanoni.com.br\/2019\/homem-e-resgatado-apos-cair-com-trator-em-penhasco-com-40-metros-de-profundidade\/","title":{"rendered":"Homem \u00e9 resgatado ap\u00f3s cair com trator em penhasco com 40 metros de profundidade"},"content":{"rendered":"<h2 class=\"content-head__subtitle\" style=\"text-align: justify;\"><strong>V\u00edtima perdeu o controle do ve\u00edculo na Estrada da Cachoeira e equipe utilizou t\u00e9cnicas de rapel para resgat\u00e1-la.<\/strong><\/h2>\n<div class=\"mc-column content-text active-extra-styles \" data-block-type=\"unstyled\" data-block-weight=\"20\" data-block-id=\"2\">\n<p class=\"content-text__container \" style=\"text-align: justify;\" data-track-category=\"Link no Texto\" data-track-links=\"\">Um homem foi resgatado pelos bombeiros depois de cair em um penhasco de 40 metros de profundidade, em Gar\u00e7a (SP).<\/p>\n<\/div>\n<div class=\"wall protected-content\">\n<div class=\"mc-column content-text active-extra-styles \" style=\"text-align: justify;\" data-block-type=\"unstyled\" data-block-weight=\"29\" data-block-id=\"3\">\n<p class=\"content-text__container \" data-track-category=\"Link no Texto\" data-track-links=\"\">Segundo a corpora\u00e7\u00e3o, a v\u00edtima estava em um trator na Estrada da Cachoeira quando perdeu o controle, na sexta-feira (19), e caiu no penhasco, junto com o ve\u00edculo.<\/p>\n<\/div>\n<div class=\"row medium-uncollapsed content-media content-photo\" data-block-type=\"backstage-photo\" data-block-id=\"4\">\n<div class=\"mc-column content-media__container\">\n<figure style=\"text-align: justify;\"><img decoding=\"async\" class=\"i-amphtml-fill-content i-amphtml-replaced-content\" src=\"https:\/\/s2.glbimg.com\/_goVVSdAoaKLJL2VLH6IVotrk58=\/0x0:960x632\/984x0\/smart\/filters:strip_icc()\/i.s3.glbimg.com\/v1\/AUTH_59edd422c0c84a879bd37670ae4f538a\/internal_photos\/bs\/2020\/k\/m\/TZuAoTRaA3DXDUzpjHGg\/marilia-noticia.jpeg\" sizes=\"(max-width: 1242px) 648px, 100vw\" srcset=\"https:\/\/s2.glbimg.com\/gJbeG_Ogl06O4n4DidoOxvysC80=\/0x0:960x632\/1000x0\/smart\/filters:strip_icc()\/i.s3.glbimg.com\/v1\/AUTH_59edd422c0c84a879bd37670ae4f538a\/internal_photos\/bs\/2020\/k\/m\/TZuAoTRaA3DXDUzpjHGg\/marilia-noticia.jpeg 1000w, https:\/\/s2.glbimg.com\/_goVVSdAoaKLJL2VLH6IVotrk58=\/0x0:960x632\/984x0\/smart\/filters:strip_icc()\/i.s3.glbimg.com\/v1\/AUTH_59edd422c0c84a879bd37670ae4f538a\/internal_photos\/bs\/2020\/k\/m\/TZuAoTRaA3DXDUzpjHGg\/marilia-noticia.jpeg 984w, https:\/\/s2.glbimg.com\/03ggT-XY7vXLSI-fh2mff8lORMg=\/0x0:960x632\/640x0\/smart\/filters:strip_icc()\/i.s3.glbimg.com\/v1\/AUTH_59edd422c0c84a879bd37670ae4f538a\/internal_photos\/bs\/2020\/k\/m\/TZuAoTRaA3DXDUzpjHGg\/marilia-noticia.jpeg 640w, https:\/\/s2.glbimg.com\/1YeB5Sz8k--4L3xXJTnhRhA1nac=\/0x0:960x632\/600x0\/smart\/filters:strip_icc()\/i.s3.glbimg.com\/v1\/AUTH_59edd422c0c84a879bd37670ae4f538a\/internal_photos\/bs\/2020\/k\/m\/TZuAoTRaA3DXDUzpjHGg\/marilia-noticia.jpeg 600w\" alt=\"V\u00edtima perdeu o controle do ve\u00edculo na Estrada da Cachoeira e caiu no penhasco \u2014 Foto: Mar\u00edlia Not\u00edcia\/Divulga\u00e7\u00e3o\" \/><\/figure>\n<p class=\"content-media__description \" style=\"text-align: justify;\">V\u00edtima perdeu o controle do ve\u00edculo na Estrada da Cachoeira e caiu no penhasco \u2014 Foto: Mar\u00edlia Not\u00edcia\/Divulga\u00e7\u00e3o<\/p>\n<p style=\"text-align: justify;\">Fonte: G1<\/p>\n<\/div>\n<\/div>\n<div class=\"mc-column content-text active-extra-styles \" data-block-type=\"unstyled\" data-block-weight=\"30\" data-block-id=\"5\">\n<p class=\"content-text__container \" data-track-category=\"Link no Texto\" data-track-links=\"\">O acidente mobilizou o Corpo de Bombeiros, que fez buscas na regi\u00e3o e localizou o homem por volta das 19h. Foram necess\u00e1rias t\u00e9cnicas de rapel para socorrer o motorista.<\/p>\n<\/div>\n<div class=\"mc-column content-text active-extra-styles \" data-block-type=\"unstyled\" data-block-weight=\"22\" data-block-id=\"6\">\n<p class=\"content-text__container \" data-track-category=\"Link no Texto\" data-track-links=\"\">A v\u00edtima foi levada para a Unidade de Pronto Atendimento (UPA) de Gar\u00e7a com suspeita de fratura em uma das costelas.<\/p>\n<\/div>\n<div class=\"content-ads content-ads--reveal\" data-block-type=\"ads\" data-block-id=\"7\">\n<div id=\"banner_materia2\" class=\"tag-manager-publicidade-container mc-has-reveal mc-has-ad-lazyload tag-manager-publicidade-banner_materia2 tag-manager-publicidade-container--carregado tag-manager-publicidade-container--visivel\" data-id=\"banner_materia2\" data-google-query-id=\"CM_2guL-kuoCFeMJuQYdoUAFbA\" data-cid=\"138314806367\" data-lid=\"5402121550\"><\/div>\n<\/div>\n<\/div>\n","protected":false},"excerpt":{"rendered":"<p>V\u00edtima perdeu o controle do ve\u00edculo na Estrada da Cachoeira e equipe utilizou t\u00e9cnicas de rapel para resgat\u00e1-la. Um homem foi resgatado pelos bombeiros depois de cair em um penhasco de 40 metros de profundidade, em Gar\u00e7a (SP). Segundo a corpora\u00e7\u00e3o, a v\u00edtima estava em um trator na Estrada da Cachoeira quando perdeu o controle, [&hellip;]<\/p>\n","protected":false},"author":1,"featured_media":28998,"comment_status":"closed","ping_status":"open","sticky":false,"template":"","format":"standard","meta":{"footnotes":""},"categories":[170,110],"tags":[],"class_list":["post-28997","post","type-post","status-publish","format-standard","has-post-thumbnail","hentry","category-acidentes","category-noticiasdestaque"],"_links":{"self":[{"href":"https:\/\/jorgezanoni.com.br\/2019\/wp-json\/wp\/v2\/posts\/28997","targetHints":{"allow":["GET"]}}],"collection":[{"href":"https:\/\/jorgezanoni.com.br\/2019\/wp-json\/wp\/v2\/posts"}],"about":[{"href":"https:\/\/jorgezanoni.com.br\/2019\/wp-json\/wp\/v2\/types\/post"}],"author":[{"embeddable":true,"href":"https:\/\/jorgezanoni.com.br\/2019\/wp-json\/wp\/v2\/users\/1"}],"replies":[{"embeddable":true,"href":"https:\/\/jorgezanoni.com.br\/2019\/wp-json\/wp\/v2\/comments?post=28997"}],"version-history":[{"count":0,"href":"https:\/\/jorgezanoni.com.br\/2019\/wp-json\/wp\/v2\/posts\/28997\/revisions"}],"wp:featuredmedia":[{"embeddable":true,"href":"https:\/\/jorgezanoni.com.br\/2019\/wp-json\/wp\/v2\/media\/28998"}],"wp:attachment":[{"href":"https:\/\/jorgezanoni.com.br\/2019\/wp-json\/wp\/v2\/media?parent=28997"}],"wp:term":[{"taxonomy":"category","embeddable":true,"href":"https:\/\/jorgezanoni.com.br\/2019\/wp-json\/wp\/v2\/categories?post=28997"},{"taxonomy":"post_tag","embeddable":true,"href":"https:\/\/jorgezanoni.com.br\/2019\/wp-json\/wp\/v2\/tags?post=28997"}],"curies":[{"name":"wp","href":"https:\/\/api.w.org\/{rel}","templated":true}]}}