{"id":28971,"date":"2020-06-20T20:28:24","date_gmt":"2020-06-20T20:28:24","guid":{"rendered":"https:\/\/jorgezanoni.com.br\/2019\/?p=28971"},"modified":"2020-06-20T20:28:24","modified_gmt":"2020-06-20T20:28:24","slug":"duas-criancas-e-quatro-adultos-morrem-apos-carro-cair-em-corrego","status":"publish","type":"post","link":"https:\/\/jorgezanoni.com.br\/2019\/duas-criancas-e-quatro-adultos-morrem-apos-carro-cair-em-corrego\/","title":{"rendered":"Duas crian\u00e7as e quatro adultos morrem ap\u00f3s carro cair em c\u00f3rrego"},"content":{"rendered":"<div data-block-type=\"unstyled\" data-block-weight=\"26\" data-block-id=\"2\">\n<p style=\"text-align: justify;\" data-track-category=\"Link no Texto\" data-track-links=\"\">Seis pessoas morreram, entre elas duas crian\u00e7as,\u00a0ap\u00f3s o carro em que estavam\u00a0cair em um c\u00f3rrego\u00a0na madrugada deste s\u00e1bado (20), em\u00a0Leme\u00a0(SP).<\/p>\n<\/div>\n<div class=\"wall protected-content\">\n<div style=\"text-align: justify;\" data-block-type=\"unstyled\" data-block-weight=\"31\" data-block-id=\"3\">\n<p data-track-category=\"Link no Texto\" data-track-links=\"\">O acidente aconteceu pr\u00f3ximo ao morro do cristo. A equipe do Corpo de Bombeiros foi chamada para retirada das v\u00edtimas que estavam\u00a0submersas e sem vida. As causas ainda s\u00e3o desconhecidas.<\/p>\n<\/div>\n<div class=\"mc-column content-text active-extra-styles \" data-block-type=\"unstyled\" data-block-weight=\"15\" data-block-id=\"4\">\n<p style=\"text-align: justify;\" data-track-category=\"Link no Texto\" data-track-links=\"\">A retirada dos corpos terminou por volta das 7h. A per\u00edcia esteve no local.<\/p>\n<div style=\"text-align: justify;\" data-block-type=\"unstyled\" data-block-weight=\"3\" data-block-id=\"6\">\n<p data-track-category=\"Link no Texto\" data-track-links=\"\">As v\u00edtimas s\u00e3o:<\/p>\n<\/div>\n<div class=\"mc-column content-text active-extra-styles\" data-block-type=\"raw\" data-block-weight=\"60\" data-block-id=\"7\">\n<ul class=\"content-unordered-list\">\n<li style=\"text-align: justify;\">Francisca Fernanda Prado da Silva, de 24 anos<\/li>\n<li style=\"text-align: justify;\">Hugo Henrique Prado da Silva, de 3 meses (filho de Francisca)<\/li>\n<li style=\"text-align: justify;\">Jade Cristina da Silva Augusto, de 26 anos,<\/li>\n<li style=\"text-align: justify;\">Rebeca Vitoria da Silva Augusto, de 3 anos, (filha de Jade)<\/li>\n<li style=\"text-align: justify;\">Cristina Denachio Cardoso e Souza, de 28 anos<\/li>\n<li>Jonathan Ricardo de Siqueira e Souza, de 32 anos (motorista e marido de Cristina).\n<div style=\"text-align: justify;\" data-block-type=\"raw\" data-block-weight=\"1\" data-block-id=\"11\">\n<div>\n<h2>Ocorr\u00eancia<\/h2>\n<\/div>\n<\/div>\n<div style=\"text-align: justify;\" data-block-type=\"unstyled\" data-block-weight=\"38\" data-block-id=\"12\">\n<p data-track-category=\"Link no Texto\" data-track-links=\"\">De acordo com o comandante do Corpo de Bombeiros, Andr\u00e9 Bovolon, a equipe foi acionada por volta das 3h30 por um tratorista de uma usina pr\u00f3xima ao c\u00f3rrego. Quando chegaram, os bombeiros encontraram o carro quase completamente submerso.<\/p>\n<\/div>\n<div style=\"text-align: justify;\" data-block-type=\"raw\" data-block-weight=\"29\" data-block-id=\"13\">\n<blockquote><p>\u201cAs v\u00edtimas foram encontradas com rigidez cadav\u00e9rica, ou seja, o acidente tinha ocorrido h\u00e1 pelo menos 10 horas. Somente o pessoal da per\u00edcia poder\u00e1 precisar o hor\u00e1rio exato\u201d, disse.<\/p><\/blockquote>\n<\/div>\n<div style=\"text-align: justify;\" data-block-type=\"unstyled\" data-block-weight=\"27\" data-block-id=\"14\">\n<p data-track-category=\"Link no Texto\" data-track-links=\"\">De acordo com o tio do motorista, a fam\u00edlia ainda n\u00e3o tem detalhes sobre a causa do acidente, apenas o motivo que levou os amigos \u00e0 estrada.<\/p>\n<\/div>\n<div class=\"mc-column content-text active-extra-styles \" data-block-type=\"unstyled\" data-block-weight=\"29\" data-block-id=\"15\">\n<p style=\"text-align: justify;\" data-track-category=\"Link no Texto\" data-track-links=\"\">\u201cEles estavam trazendo a amiga dela com o filho para a casa dos av\u00f3s e tudo indica que eles perderam a dire\u00e7\u00e3o na curva, n\u00e3o sei maiores detalhes\u201d, contou.<\/p>\n<div data-block-type=\"unstyled\" data-block-weight=\"10\" data-block-id=\"17\">\n<p style=\"text-align: justify;\" data-track-category=\"Link no Texto\" data-track-links=\"\">O hor\u00e1rio de vel\u00f3rios e sepultamentos ainda n\u00e3o foi divulgado.<\/p>\n<p style=\"text-align: justify;\" data-track-category=\"Link no Texto\" data-track-links=\"\">Fonte: G1<\/p>\n<\/div>\n<\/div>\n<\/li>\n<\/ul>\n<\/div>\n<\/div>\n<\/div>\n","protected":false},"excerpt":{"rendered":"<p>Seis pessoas morreram, entre elas duas crian\u00e7as,\u00a0ap\u00f3s o carro em que estavam\u00a0cair em um c\u00f3rrego\u00a0na madrugada deste s\u00e1bado (20), em\u00a0Leme\u00a0(SP). O acidente aconteceu pr\u00f3ximo ao morro do cristo. A equipe do Corpo de Bombeiros foi chamada para retirada das v\u00edtimas que estavam\u00a0submersas e sem vida. As causas ainda s\u00e3o desconhecidas. A retirada dos corpos terminou [&hellip;]<\/p>\n","protected":false},"author":1,"featured_media":28972,"comment_status":"closed","ping_status":"open","sticky":false,"template":"","format":"standard","meta":{"footnotes":""},"categories":[170,110],"tags":[],"class_list":["post-28971","post","type-post","status-publish","format-standard","has-post-thumbnail","hentry","category-acidentes","category-noticiasdestaque"],"_links":{"self":[{"href":"https:\/\/jorgezanoni.com.br\/2019\/wp-json\/wp\/v2\/posts\/28971","targetHints":{"allow":["GET"]}}],"collection":[{"href":"https:\/\/jorgezanoni.com.br\/2019\/wp-json\/wp\/v2\/posts"}],"about":[{"href":"https:\/\/jorgezanoni.com.br\/2019\/wp-json\/wp\/v2\/types\/post"}],"author":[{"embeddable":true,"href":"https:\/\/jorgezanoni.com.br\/2019\/wp-json\/wp\/v2\/users\/1"}],"replies":[{"embeddable":true,"href":"https:\/\/jorgezanoni.com.br\/2019\/wp-json\/wp\/v2\/comments?post=28971"}],"version-history":[{"count":0,"href":"https:\/\/jorgezanoni.com.br\/2019\/wp-json\/wp\/v2\/posts\/28971\/revisions"}],"wp:featuredmedia":[{"embeddable":true,"href":"https:\/\/jorgezanoni.com.br\/2019\/wp-json\/wp\/v2\/media\/28972"}],"wp:attachment":[{"href":"https:\/\/jorgezanoni.com.br\/2019\/wp-json\/wp\/v2\/media?parent=28971"}],"wp:term":[{"taxonomy":"category","embeddable":true,"href":"https:\/\/jorgezanoni.com.br\/2019\/wp-json\/wp\/v2\/categories?post=28971"},{"taxonomy":"post_tag","embeddable":true,"href":"https:\/\/jorgezanoni.com.br\/2019\/wp-json\/wp\/v2\/tags?post=28971"}],"curies":[{"name":"wp","href":"https:\/\/api.w.org\/{rel}","templated":true}]}}