{"id":28968,"date":"2020-06-20T19:19:50","date_gmt":"2020-06-20T19:19:50","guid":{"rendered":"https:\/\/jorgezanoni.com.br\/2019\/?p=28968"},"modified":"2020-06-20T20:37:54","modified_gmt":"2020-06-20T20:37:54","slug":"corpo-de-prefeito-de-borebi-que-contraiu-covid-10-e-enterrado-com-homenagem-de-moradores","status":"publish","type":"post","link":"https:\/\/jorgezanoni.com.br\/2019\/corpo-de-prefeito-de-borebi-que-contraiu-covid-10-e-enterrado-com-homenagem-de-moradores\/","title":{"rendered":"Corpo de prefeito de Borebi que contraiu Covid-19 \u00e9 enterrado com homenagem de moradores"},"content":{"rendered":"<h2 class=\"content-head__subtitle\" style=\"text-align: justify;\"><strong>Ant\u00f4nio Carlos Vaca estava internado desde o final de maio em Bauru (SP) e morreu neste s\u00e1bado (20). Moradores fizeram cortejo e soltaram bal\u00f5es em homenagem.<\/strong><\/h2>\n<div class=\"mc-column content-text active-extra-styles \" data-block-type=\"unstyled\" data-block-weight=\"30\" data-block-id=\"2\">\n<p class=\"content-text__container \" style=\"text-align: justify;\" data-track-category=\"Link no Texto\" data-track-links=\"\">O prefeito de Borebi (SP), Ant\u00f4nio Carlos Vaca (PSDB), que estava\u00a0<a href=\"https:\/\/g1.globo.com\/sp\/bauru-marilia\/noticia\/2020\/06\/01\/prefeito-de-borebi-esta-internado-em-estado-grave-com-covid-19.ghtml\">internado com Covid-19 em Bauru<\/a>\u00a0e\u00a0<a href=\"https:\/\/g1.globo.com\/sp\/bauru-marilia\/noticia\/2020\/06\/20\/morre-prefeito-de-borebi-que-contraiu-covid-19.ghtml\">morreu na manh\u00e3 deste s\u00e1bado (20)<\/a>\u00a0foi enterrado por volta das 13h30.<\/p>\n<\/div>\n<div class=\"wall protected-content\">\n<div class=\"mc-column content-text active-extra-styles \" style=\"text-align: justify;\" data-block-type=\"unstyled\" data-block-weight=\"33\" data-block-id=\"3\">\n<p class=\"content-text__container \" data-track-category=\"Link no Texto\" data-track-links=\"\">Moradores fizeram um cortejo na entrada da cidade e soltaram bal\u00f5es brancos para homenagear o prefeito, que passou no carro da funer\u00e1ria pelo port\u00e3o de entrada e foi sepultado no Cemit\u00e9rio Municipal.<\/p>\n<\/div>\n<div class=\"mc-column content-text active-extra-styles \" data-block-type=\"unstyled\" data-block-weight=\"30\" data-block-id=\"4\">\n<p class=\"content-text__container \" style=\"text-align: justify;\" data-track-category=\"Link no Texto\" data-track-links=\"\">De acordo com a assessoria, a Defesa Civil e a Pol\u00edcia Militar acompanharam o ato para evitar aglomera\u00e7\u00f5es. N\u00e3o houve vel\u00f3rio e apenas alguns familiares puderam subir ao cemit\u00e9rio.<\/p>\n<div class=\"mc-column content-text active-extra-styles \" style=\"text-align: justify;\" data-block-type=\"unstyled\" data-block-weight=\"49\" data-block-id=\"8\">\n<p class=\"content-text__container \" data-track-category=\"Link no Texto\" data-track-links=\"\">Ant\u00f4nio Carlos estava internado no hospital em Bauru desde 24 de maio. Dois dias antes, ele tinha sido internado em um hospital de Len\u00e7\u00f3is Paulista e, por conta da gravidade, foi transferido para Bauru. Ele precisou passar por hemodi\u00e1lise durante o tratamento e sofreu um Acidente Vascular Cerebral (AVC).<\/p>\n<\/div>\n<div class=\"mc-column content-text active-extra-styles \" style=\"text-align: justify;\" data-block-type=\"unstyled\" data-block-weight=\"31\" data-block-id=\"9\">\n<p class=\"content-text__container \" data-track-category=\"Link no Texto\" data-track-links=\"\">Segundo o assessor, F\u00e1bio Alvares, o\u00a0<a href=\"https:\/\/g1.globo.com\/sp\/bauru-marilia\/noticia\/2020\/06\/18\/prefeito-de-borebi-internado-com-covid-19-tem-morte-cerebral-diz-assessoria.ghtml\">prefeito de 73 anos teve morte cerebral na noite de quarta-feira (17)<\/a>, mas n\u00e3o foi preciso desligar os aparelhos. Neste s\u00e1bado, foi confirmada a morte.<\/p>\n<\/div>\n<div class=\"mc-column content-text active-extra-styles \" style=\"text-align: justify;\" data-block-type=\"unstyled\" data-block-weight=\"54\" data-block-id=\"10\">\n<p class=\"content-text__container \" data-track-category=\"Link no Texto\" data-track-links=\"\">Em nota, o Hospital Unimed Bauru informou que o paciente Antonio Carlos Vaca evoluiu a \u00f3bito \u00e0s 7h05 deste s\u00e1bado (20). Disse que ele estava internado desde o final de maio na UTI com quadro grave de insufici\u00eancia respirat\u00f3ria e que o resultado do exame feito pelo Instituto Adolfo Lutz, deu positivo para Covid-19.<\/p>\n<\/div>\n<div class=\"mc-column content-text active-extra-styles \" style=\"text-align: justify;\" data-block-type=\"unstyled\" data-block-weight=\"30\" data-block-id=\"11\">\n<p class=\"content-text__container \" data-track-category=\"Link no Texto\" data-track-links=\"\">A cidade contabiliza, at\u00e9 o momento, 9 casos positivos de coronav\u00edrus. Segundo o assessor, a morte do prefeito entrar\u00e1 no boletim oficial de Covid-19 \u00e0s 16h deste s\u00e1bado (20).<\/p>\n<\/div>\n<div class=\"mc-column content-text active-extra-styles \" style=\"text-align: justify;\" data-block-type=\"unstyled\" data-block-weight=\"31\" data-block-id=\"12\">\n<p class=\"content-text__container \" data-track-category=\"Link no Texto\" data-track-links=\"\">Ant\u00f4nio Carlos estava no terceiro mandato como prefeito de Borebi. Ele foi o primeiro prefeito eleito da cidade, em 1992, e tamb\u00e9m foi vereador, quando Borebi era distrito de Len\u00e7\u00f3is Paulista.<\/p>\n<\/div>\n<div class=\"mc-column content-text active-extra-styles \" style=\"text-align: justify;\" data-block-type=\"unstyled\" data-block-weight=\"35\" data-block-id=\"13\">\n<p class=\"content-text__container \" data-track-category=\"Link no Texto\" data-track-links=\"\">Al\u00e9m disso, foi professor em Borebi e moradores relataram \u00e0 TV TEM que ele era muito querido na cidade. Segundo o secret\u00e1rio de sa\u00fade e amigo do prefeito, Regis Cirilo, Vaca deixou uma lembran\u00e7a positiva.<\/p>\n<\/div>\n<div class=\"mc-column content-text active-extra-styles \" style=\"text-align: justify;\" data-block-type=\"unstyled\" data-block-weight=\"59\" data-block-id=\"14\">\n<p class=\"content-text__container \" data-track-category=\"Link no Texto\" data-track-links=\"\">\u201cA cidade sente muito, a regi\u00e3o sente muito. Ele era muito amado pelos cidad\u00e3os, em Agudos era muito querido tamb\u00e9m. Ele era um prefeito conhecido regionalmente, quando chegava nas secretarias de S\u00e3o Paulo e at\u00e9 Bras\u00edlia. A lembran\u00e7a \u00e9 esse exemplo de humanidade que ele tinha. Ele atendia as pessoas com humanidade, com carinho, com respeito\u201d, comenta o secret\u00e1rio.<\/p>\n<\/div>\n<div class=\"mc-column content-text active-extra-styles\" style=\"text-align: justify;\" data-block-type=\"raw\" data-block-weight=\"3\" data-block-id=\"15\">\n<div class=\"content-intertitle\">\n<h2>Posse do vice-prefeito<\/h2>\n<\/div>\n<\/div>\n<div class=\"mc-column content-text active-extra-styles \" style=\"text-align: justify;\" data-block-type=\"unstyled\" data-block-weight=\"28\" data-block-id=\"16\">\n<p class=\"content-text__container \" data-track-category=\"Link no Texto\" data-track-links=\"\">O vice-prefeito de Borebi, Pedro Miguel de Ara\u00fajo,\u00a0<a href=\"https:\/\/g1.globo.com\/sp\/bauru-marilia\/noticia\/2020\/06\/18\/vice-toma-posse-apos-prefeito-de-borebi-ter-morte-cerebral-por-covid-19.ghtml\">assumiu o cargo que era ocupado pelo prefeito Ant\u00f4nio Carlos Vaca<\/a>\u00a0depois que ele recebeu o diagn\u00f3stico de morte cerebral.<\/p>\n<\/div>\n<div class=\"content-ads content-ads--reveal\" data-block-type=\"ads\" data-block-id=\"17\">\n<div id=\"banner_materia__e5fe0641-2dfa-493e-b384-4a13917f0f9f\" class=\"tag-manager-publicidade-container mc-has-reveal mc-has-ad-lazyload tag-manager-publicidade-banner_materia__e5fe0641-2dfa-493e-b384-4a13917f0f9f tag-manager-publicidade-container--carregado tag-manager-publicidade-container--visivel\" data-id=\"banner_materia__e5fe0641-2dfa-493e-b384-4a13917f0f9f\" data-google-query-id=\"CNCd9e2NkeoCFbUwuQYdUSENYA\" data-cid=\"138314819655\" data-lid=\"5402121550\">\n<div id=\"google_ads_iframe_\/95377733\/tvg_G1\/Sua_Regiao&gt;Sudeste&gt;Sao_Paulo_(Bauru)_3__container__\" style=\"box-sizing: inherit; margin: auto; padding: 0px; border: 0pt none; font: inherit; vertical-align: baseline; width: 970px; max-width: 100%; text-align: justify;\">De acordo com a Lei Org\u00e2nica do Munic\u00edpio, a partir do 15\u00ba dia de afastamento do prefeito,\u00a0 o vice deve ser empossado.<\/div>\n<\/div>\n<div><\/div>\n<div>Fonte: G1<\/div>\n<\/div>\n<\/div>\n<\/div>\n","protected":false},"excerpt":{"rendered":"<p>Ant\u00f4nio Carlos Vaca estava internado desde o final de maio em Bauru (SP) e morreu neste s\u00e1bado (20). Moradores fizeram cortejo e soltaram bal\u00f5es em homenagem. O prefeito de Borebi (SP), Ant\u00f4nio Carlos Vaca (PSDB), que estava\u00a0internado com Covid-19 em Bauru\u00a0e\u00a0morreu na manh\u00e3 deste s\u00e1bado (20)\u00a0foi enterrado por volta das 13h30. Moradores fizeram um cortejo [&hellip;]<\/p>\n","protected":false},"author":1,"featured_media":28969,"comment_status":"closed","ping_status":"open","sticky":false,"template":"","format":"standard","meta":{"footnotes":""},"categories":[178,110,116],"tags":[],"class_list":["post-28968","post","type-post","status-publish","format-standard","has-post-thumbnail","hentry","category-notadefalecimento","category-noticiasdestaque","category-politicaeeconomia"],"_links":{"self":[{"href":"https:\/\/jorgezanoni.com.br\/2019\/wp-json\/wp\/v2\/posts\/28968","targetHints":{"allow":["GET"]}}],"collection":[{"href":"https:\/\/jorgezanoni.com.br\/2019\/wp-json\/wp\/v2\/posts"}],"about":[{"href":"https:\/\/jorgezanoni.com.br\/2019\/wp-json\/wp\/v2\/types\/post"}],"author":[{"embeddable":true,"href":"https:\/\/jorgezanoni.com.br\/2019\/wp-json\/wp\/v2\/users\/1"}],"replies":[{"embeddable":true,"href":"https:\/\/jorgezanoni.com.br\/2019\/wp-json\/wp\/v2\/comments?post=28968"}],"version-history":[{"count":0,"href":"https:\/\/jorgezanoni.com.br\/2019\/wp-json\/wp\/v2\/posts\/28968\/revisions"}],"wp:featuredmedia":[{"embeddable":true,"href":"https:\/\/jorgezanoni.com.br\/2019\/wp-json\/wp\/v2\/media\/28969"}],"wp:attachment":[{"href":"https:\/\/jorgezanoni.com.br\/2019\/wp-json\/wp\/v2\/media?parent=28968"}],"wp:term":[{"taxonomy":"category","embeddable":true,"href":"https:\/\/jorgezanoni.com.br\/2019\/wp-json\/wp\/v2\/categories?post=28968"},{"taxonomy":"post_tag","embeddable":true,"href":"https:\/\/jorgezanoni.com.br\/2019\/wp-json\/wp\/v2\/tags?post=28968"}],"curies":[{"name":"wp","href":"https:\/\/api.w.org\/{rel}","templated":true}]}}