{"id":28962,"date":"2020-06-20T18:49:26","date_gmt":"2020-06-20T18:49:26","guid":{"rendered":"https:\/\/jorgezanoni.com.br\/2019\/?p=28962"},"modified":"2020-06-20T18:49:26","modified_gmt":"2020-06-20T18:49:26","slug":"policia-ambiental-apreende-660-quilos-de-carvao-vegetal-sem-comprovacao-de-origem-em-martinopolis","status":"publish","type":"post","link":"https:\/\/jorgezanoni.com.br\/2019\/policia-ambiental-apreende-660-quilos-de-carvao-vegetal-sem-comprovacao-de-origem-em-martinopolis\/","title":{"rendered":"Pol\u00edcia Ambiental apreende 660 quilos de carv\u00e3o vegetal sem comprova\u00e7\u00e3o de origem em Martin\u00f3polis"},"content":{"rendered":"<h2 class=\"content-head__subtitle\" style=\"text-align: justify;\"><strong>Homem de 49 anos transportava irregularmente 66 sacos do produto em uma picape que foi abordada pela fiscaliza\u00e7\u00e3o na Rodovia Homero Severo Lins (SP-284).<\/strong><\/h2>\n<div class=\"mc-column content-text active-extra-styles \" data-block-type=\"unstyled\" data-block-weight=\"36\" data-block-id=\"2\">\n<p class=\"content-text__container \" style=\"text-align: justify;\" data-track-category=\"Link no Texto\" data-track-links=\"\">A Pol\u00edcia Militar Ambiental apreendeu na manh\u00e3 deste s\u00e1bado (20), em\u00a0<a href=\"https:\/\/g1.globo.com\/sp\/presidente-prudente-regiao\/cidade\/martinopolis-sp\/\">Martin\u00f3polis (SP)<\/a>, uma carga de 660 quilos de carv\u00e3o vegetal que era transportada irregularmente, sem a comprova\u00e7\u00e3o da origem, por um homem em uma picape.<\/p>\n<\/div>\n<div class=\"wall protected-content\">\n<div class=\"mc-column content-text active-extra-styles \" style=\"text-align: justify;\" data-block-type=\"unstyled\" data-block-weight=\"38\" data-block-id=\"3\">\n<p class=\"content-text__container \" data-track-category=\"Link no Texto\" data-track-links=\"\">A abordagem ocorreu na altura do km 548 da Rodovia Homero Severo Lins (SP-284), onde os policiais seguiam em patrulhamento no sentido de Rancharia (SP) e avistaram no contrafluxo do tr\u00e1fego uma picape carregada com sacos de carv\u00e3o.<\/p>\n<\/div>\n<div class=\"mc-column content-text active-extra-styles \" style=\"text-align: justify;\" data-block-type=\"unstyled\" data-block-weight=\"37\" data-block-id=\"4\">\n<p class=\"content-text__container \" data-track-category=\"Link no Texto\" data-track-links=\"\">Os militares fizeram o retorno na pista e abordaram o ve\u00edculo, no qual constataram o transporte de 66 sacos de carv\u00e3o sem notas ou documentos que comprovassem a origem do vegetal, em um total de 660 quilos.<\/p>\n<\/div>\n<div class=\"row medium-uncollapsed content-media content-photo\" data-block-type=\"backstage-photo\" data-block-id=\"5\">\n<div class=\"mc-column content-media__container\">\n<figure style=\"text-align: justify;\"><img decoding=\"async\" class=\"i-amphtml-fill-content i-amphtml-replaced-content\" src=\"https:\/\/s2.glbimg.com\/lq_RW4RYouwxLU0CXevLCI9rlh8=\/0x0:1280x960\/984x0\/smart\/filters:strip_icc()\/i.s3.glbimg.com\/v1\/AUTH_59edd422c0c84a879bd37670ae4f538a\/internal_photos\/bs\/2020\/b\/v\/sTbA8ATr6VhJZSrBSrtA\/7e80c496-d8f2-45fa-80f4-3b5990fd8850.jpg\" sizes=\"(max-width: 1242px) 648px, 100vw\" srcset=\"https:\/\/s2.glbimg.com\/8qjvSDMtjwfgXfPt9VnSFy3hAP0=\/0x0:1280x960\/1000x0\/smart\/filters:strip_icc()\/i.s3.glbimg.com\/v1\/AUTH_59edd422c0c84a879bd37670ae4f538a\/internal_photos\/bs\/2020\/b\/v\/sTbA8ATr6VhJZSrBSrtA\/7e80c496-d8f2-45fa-80f4-3b5990fd8850.jpg 1000w, https:\/\/s2.glbimg.com\/lq_RW4RYouwxLU0CXevLCI9rlh8=\/0x0:1280x960\/984x0\/smart\/filters:strip_icc()\/i.s3.glbimg.com\/v1\/AUTH_59edd422c0c84a879bd37670ae4f538a\/internal_photos\/bs\/2020\/b\/v\/sTbA8ATr6VhJZSrBSrtA\/7e80c496-d8f2-45fa-80f4-3b5990fd8850.jpg 984w, https:\/\/s2.glbimg.com\/9zhlf2Qnd8ULEM8L7tfGK9uMEh4=\/0x0:1280x960\/640x0\/smart\/filters:strip_icc()\/i.s3.glbimg.com\/v1\/AUTH_59edd422c0c84a879bd37670ae4f538a\/internal_photos\/bs\/2020\/b\/v\/sTbA8ATr6VhJZSrBSrtA\/7e80c496-d8f2-45fa-80f4-3b5990fd8850.jpg 640w, https:\/\/s2.glbimg.com\/tigPTElnQsrDHyFQ-yJv6Lels-I=\/0x0:1280x960\/600x0\/smart\/filters:strip_icc()\/i.s3.glbimg.com\/v1\/AUTH_59edd422c0c84a879bd37670ae4f538a\/internal_photos\/bs\/2020\/b\/v\/sTbA8ATr6VhJZSrBSrtA\/7e80c496-d8f2-45fa-80f4-3b5990fd8850.jpg 600w\" alt=\"Carga de carv\u00e3o vegetal foi apreendida em Martin\u00f3polis \u2014 Foto: Pol\u00edcia Militar Ambiental\" \/><\/figure>\n<p class=\"content-media__description \" style=\"text-align: justify;\">Carga de carv\u00e3o vegetal foi apreendida em Martin\u00f3polis \u2014 Foto: Pol\u00edcia Militar Ambiental<\/p>\n<div class=\"mc-column content-text active-extra-styles \" style=\"text-align: justify;\" data-block-type=\"unstyled\" data-block-weight=\"33\" data-block-id=\"7\">\n<p class=\"content-text__container \" data-track-category=\"Link no Texto\" data-track-links=\"\">Um homem de 49 anos, respons\u00e1vel pelo produto, recebeu um auto de infra\u00e7\u00e3o ambiental, na modalidade de advert\u00eancia, por transporte irregular de carv\u00e3o, com base no artigo 48, par\u00e1grafo 1\u00b0, da Resolu\u00e7\u00e3o 48\/2014.<\/p>\n<\/div>\n<div class=\"mc-column content-text active-extra-styles \" style=\"text-align: justify;\" data-block-type=\"unstyled\" data-block-weight=\"22\" data-block-id=\"8\">\n<p class=\"content-text__container \" data-track-category=\"Link no Texto\" data-track-links=\"\">Os sacos de carv\u00e3o foram apreendidos na sede da Pol\u00edcia Militar Ambiental, em Presidente Prudente (SP), e ficaram \u00e0 disposi\u00e7\u00e3o da Justi\u00e7a.<\/p>\n<\/div>\n<div class=\"mc-column content-text active-extra-styles \" style=\"text-align: justify;\" data-block-type=\"unstyled\" data-block-weight=\"30\" data-block-id=\"9\">\n<p class=\"content-text__container \" data-track-category=\"Link no Texto\" data-track-links=\"\">Como o motorista envolvido n\u00e3o possu\u00eda habilita\u00e7\u00e3o e o documento do ve\u00edculo ainda estava vencido, a Pol\u00edcia Militar Rodovi\u00e1ria tamb\u00e9m compareceu ao local e tomou as provid\u00eancias cab\u00edveis ao caso.<\/p>\n<\/div>\n<div class=\"row medium-uncollapsed content-media content-photo\" data-block-type=\"backstage-photo\" data-block-id=\"10\">\n<div class=\"mc-column content-media__container\">\n<figure style=\"text-align: justify;\"><img decoding=\"async\" class=\"i-amphtml-fill-content i-amphtml-replaced-content\" src=\"https:\/\/s2.glbimg.com\/7NuSVYHgNzEt73WICnIXUIOKLew=\/0x0:1280x960\/984x0\/smart\/filters:strip_icc()\/i.s3.glbimg.com\/v1\/AUTH_59edd422c0c84a879bd37670ae4f538a\/internal_photos\/bs\/2020\/6\/t\/VehFyARN64lqB6j27zCw\/53ce098d-ef9a-487d-8f3b-5b4af05e9875.jpg\" sizes=\"(max-width: 1242px) 648px, 100vw\" srcset=\"https:\/\/s2.glbimg.com\/SK1xLUg_FysnZa4DC6Q0VOp_5UY=\/0x0:1280x960\/1000x0\/smart\/filters:strip_icc()\/i.s3.glbimg.com\/v1\/AUTH_59edd422c0c84a879bd37670ae4f538a\/internal_photos\/bs\/2020\/6\/t\/VehFyARN64lqB6j27zCw\/53ce098d-ef9a-487d-8f3b-5b4af05e9875.jpg 1000w, https:\/\/s2.glbimg.com\/7NuSVYHgNzEt73WICnIXUIOKLew=\/0x0:1280x960\/984x0\/smart\/filters:strip_icc()\/i.s3.glbimg.com\/v1\/AUTH_59edd422c0c84a879bd37670ae4f538a\/internal_photos\/bs\/2020\/6\/t\/VehFyARN64lqB6j27zCw\/53ce098d-ef9a-487d-8f3b-5b4af05e9875.jpg 984w, https:\/\/s2.glbimg.com\/HggyT81bmxf_g7RN0O4BcFZcdN0=\/0x0:1280x960\/640x0\/smart\/filters:strip_icc()\/i.s3.glbimg.com\/v1\/AUTH_59edd422c0c84a879bd37670ae4f538a\/internal_photos\/bs\/2020\/6\/t\/VehFyARN64lqB6j27zCw\/53ce098d-ef9a-487d-8f3b-5b4af05e9875.jpg 640w, https:\/\/s2.glbimg.com\/_gkE7WS0xnyrxHuJH1OTKETsHso=\/0x0:1280x960\/600x0\/smart\/filters:strip_icc()\/i.s3.glbimg.com\/v1\/AUTH_59edd422c0c84a879bd37670ae4f538a\/internal_photos\/bs\/2020\/6\/t\/VehFyARN64lqB6j27zCw\/53ce098d-ef9a-487d-8f3b-5b4af05e9875.jpg 600w\" alt=\"Carga de carv\u00e3o vegetal foi apreendida em Martin\u00f3polis \u2014 Foto: Pol\u00edcia Militar Ambiental\" \/><\/figure>\n<p class=\"content-media__description \" style=\"text-align: justify;\">Carga de carv\u00e3o vegetal foi apreendida em Martin\u00f3polis \u2014 Foto: Pol\u00edcia Militar Ambiental<\/p>\n<p>Fonte: G1<\/p>\n<\/div>\n<\/div>\n<\/div>\n<\/div>\n<div class=\"content-ads content-ads--reveal\" data-block-type=\"ads\" data-block-id=\"6\">\n<div id=\"banner_materia2\" class=\"tag-manager-publicidade-container mc-has-reveal mc-has-ad-lazyload tag-manager-publicidade-banner_materia2 tag-manager-publicidade-container--carregado tag-manager-publicidade-container--visivel\" data-id=\"banner_materia2\" data-google-query-id=\"CNGM2aaFkeoCFWMDuQYd2HcHPw\" data-cid=\"138311732939\" data-lid=\"5397457614\"><\/div>\n<\/div>\n<\/div>\n","protected":false},"excerpt":{"rendered":"<p>Homem de 49 anos transportava irregularmente 66 sacos do produto em uma picape que foi abordada pela fiscaliza\u00e7\u00e3o na Rodovia Homero Severo Lins (SP-284). A Pol\u00edcia Militar Ambiental apreendeu na manh\u00e3 deste s\u00e1bado (20), em\u00a0Martin\u00f3polis (SP), uma carga de 660 quilos de carv\u00e3o vegetal que era transportada irregularmente, sem a comprova\u00e7\u00e3o da origem, por um [&hellip;]<\/p>\n","protected":false},"author":1,"featured_media":28963,"comment_status":"closed","ping_status":"open","sticky":false,"template":"","format":"standard","meta":{"footnotes":""},"categories":[110,2],"tags":[],"class_list":["post-28962","post","type-post","status-publish","format-standard","has-post-thumbnail","hentry","category-noticiasdestaque","category-policial"],"_links":{"self":[{"href":"https:\/\/jorgezanoni.com.br\/2019\/wp-json\/wp\/v2\/posts\/28962","targetHints":{"allow":["GET"]}}],"collection":[{"href":"https:\/\/jorgezanoni.com.br\/2019\/wp-json\/wp\/v2\/posts"}],"about":[{"href":"https:\/\/jorgezanoni.com.br\/2019\/wp-json\/wp\/v2\/types\/post"}],"author":[{"embeddable":true,"href":"https:\/\/jorgezanoni.com.br\/2019\/wp-json\/wp\/v2\/users\/1"}],"replies":[{"embeddable":true,"href":"https:\/\/jorgezanoni.com.br\/2019\/wp-json\/wp\/v2\/comments?post=28962"}],"version-history":[{"count":0,"href":"https:\/\/jorgezanoni.com.br\/2019\/wp-json\/wp\/v2\/posts\/28962\/revisions"}],"wp:featuredmedia":[{"embeddable":true,"href":"https:\/\/jorgezanoni.com.br\/2019\/wp-json\/wp\/v2\/media\/28963"}],"wp:attachment":[{"href":"https:\/\/jorgezanoni.com.br\/2019\/wp-json\/wp\/v2\/media?parent=28962"}],"wp:term":[{"taxonomy":"category","embeddable":true,"href":"https:\/\/jorgezanoni.com.br\/2019\/wp-json\/wp\/v2\/categories?post=28962"},{"taxonomy":"post_tag","embeddable":true,"href":"https:\/\/jorgezanoni.com.br\/2019\/wp-json\/wp\/v2\/tags?post=28962"}],"curies":[{"name":"wp","href":"https:\/\/api.w.org\/{rel}","templated":true}]}}