{"id":28916,"date":"2020-06-20T01:29:48","date_gmt":"2020-06-20T01:29:48","guid":{"rendered":"https:\/\/jorgezanoni.com.br\/2019\/?p=28916"},"modified":"2020-06-20T01:29:48","modified_gmt":"2020-06-20T01:29:48","slug":"prefeito-de-martinopolis-diz-que-testou-positivo-para-o-novo-coronavirus","status":"publish","type":"post","link":"https:\/\/jorgezanoni.com.br\/2019\/prefeito-de-martinopolis-diz-que-testou-positivo-para-o-novo-coronavirus\/","title":{"rendered":"Prefeito de Martin\u00f3polis diz que testou positivo para o novo coronav\u00edrus"},"content":{"rendered":"<h2 class=\"content-head__subtitle\" style=\"text-align: justify;\"><strong>Cristiano Macedo Engel afirmou que est\u00e1 bem e n\u00e3o teve nenhum sintoma de Covid-19. Diretor do Departamento de Administra\u00e7\u00e3o da Prefeitura tamb\u00e9m foi diagnosticado com a doen\u00e7a.<\/strong><\/h2>\n<div class=\"mc-column content-text active-extra-styles \" data-block-type=\"unstyled\" data-block-weight=\"52\" data-block-id=\"2\">\n<p class=\"content-text__container \" style=\"text-align: justify;\" data-track-category=\"Link no Texto\" data-track-links=\"\">O prefeito de\u00a0<a href=\"https:\/\/g1.globo.com\/sp\/presidente-prudente-regiao\/cidade\/martinopolis-sp\/\">Martin\u00f3polis<\/a>, Cristiano Macedo Engel (sem partido), afirmou nesta sexta-feira (19) que testou positivo para a Covid-19. O chefe do Poder Executivo informou que n\u00e3o teve nenhum sintoma e fez o teste ap\u00f3s o Diretor do Departamento de Administra\u00e7\u00e3o da Prefeitura, Victor Hugo Rocha, ter testado positivo para a doen\u00e7a.<\/p>\n<\/div>\n<div class=\"wall protected-content\">\n<div class=\"mc-column content-text active-extra-styles \" style=\"text-align: justify;\" data-block-type=\"unstyled\" data-block-weight=\"49\" data-block-id=\"3\">\n<p class=\"content-text__container \" data-track-category=\"Link no Texto\" data-track-links=\"\">\u201cGra\u00e7as a Deus estou bem. Se eu testei hoje, significa que no m\u00ednimo, eu tive o coronav\u00edrus a dez dias atr\u00e1s. Quanto a isso, eu acho melhor ficar em casa, respeitar uma quarentena de 14 dias para n\u00e3o ter perigo\u201d, afirmou o prefeito em pronunciamento em uma rede social.<\/p>\n<\/div>\n<div class=\"mc-column content-text active-extra-styles \" style=\"text-align: justify;\" data-block-type=\"unstyled\" data-block-weight=\"22\" data-block-id=\"4\">\n<p class=\"content-text__container \" data-track-category=\"Link no Texto\" data-track-links=\"\">Engel ainda explicou que as pessoas que residem com ele tamb\u00e9m foram submetidas ao teste e os resultados foram negativos para Covid-19.<\/p>\n<\/div>\n<div class=\"mc-column content-text active-extra-styles \" style=\"text-align: justify;\" data-block-type=\"unstyled\" data-block-weight=\"35\" data-block-id=\"5\">\n<p class=\"content-text__container \" data-track-category=\"Link no Texto\" data-track-links=\"\">O Diretor do Departamento de Administra\u00e7\u00e3o da Prefeitura, Victor Hugo Rocha, que tamb\u00e9m \u00e9 Coordenador Regional Adjunto de Prote\u00e7\u00e3o e Defesa Civil, informou que apresentou sintomas gripais no dia 1\u00ba de junho e foi medicado.<\/p>\n<\/div>\n<div class=\"mc-column content-text active-extra-styles \" style=\"text-align: justify;\" data-block-type=\"unstyled\" data-block-weight=\"31\" data-block-id=\"6\">\n<p class=\"content-text__container \" data-track-category=\"Link no Texto\" data-track-links=\"\">No dia 10 ele passou pelo primeiro teste, j\u00e1 sem sintomas gripais, e o resultado foi negativo. Nesta sexta-feira, Rocha voltou a ser testado e o resultado foi positivo para Covid-19.<\/p>\n<\/div>\n<div class=\"mc-column content-text active-extra-styles \" style=\"text-align: justify;\" data-block-type=\"unstyled\" data-block-weight=\"33\" data-block-id=\"7\">\n<p class=\"content-text__container \" data-track-category=\"Link no Texto\" data-track-links=\"\">\u201cEsclare\u00e7o que minha esposa Carol n\u00e3o apresentou e n\u00e3o apresenta, nesta data, nenhum sintoma gripal ou de Covid-19. Permaneceremos em nossa resid\u00eancia por per\u00edodo de quarentena. Estamos bem e sem sintomas\u201d, explicou Rocha.<\/p>\n<\/div>\n<div class=\"mc-column content-text active-extra-styles\" style=\"text-align: justify;\" data-block-type=\"raw\" data-block-weight=\"2\" data-block-id=\"9\">\n<div class=\"content-intertitle\">\n<h2>Cen\u00e1rio epidemiol\u00f3gico<\/h2>\n<\/div>\n<\/div>\n<div class=\"mc-column content-text active-extra-styles \" style=\"text-align: justify;\" data-block-type=\"unstyled\" data-block-weight=\"32\" data-block-id=\"10\">\n<p class=\"content-text__container \" data-track-category=\"Link no Texto\" data-track-links=\"\">A secret\u00e1ria Municipal de Sa\u00fade de Martin\u00f3polis, Amanda Barbo Maciel, informou ao\u00a0<strong>G1\u00a0<\/strong>na noite desta sexta-feira que a cidade possui 27 casos confirmados de Covid-19. Nesse total, est\u00e1 inclu\u00eddo um \u00f3bito.<\/p>\n<\/div>\n<div class=\"mc-column content-text active-extra-styles \" data-block-type=\"unstyled\" data-block-weight=\"11\" data-block-id=\"11\">\n<p class=\"content-text__container \" style=\"text-align: justify;\" data-track-category=\"Link no Texto\" data-track-links=\"\">O munic\u00edpio ainda tem 13 casos suspeitos e 71 j\u00e1 descartados.<\/p>\n<p style=\"text-align: justify;\" data-track-category=\"Link no Texto\" data-track-links=\"\">Fonte: G1<\/p>\n<\/div>\n<\/div>\n","protected":false},"excerpt":{"rendered":"<p>Cristiano Macedo Engel afirmou que est\u00e1 bem e n\u00e3o teve nenhum sintoma de Covid-19. Diretor do Departamento de Administra\u00e7\u00e3o da Prefeitura tamb\u00e9m foi diagnosticado com a doen\u00e7a. O prefeito de\u00a0Martin\u00f3polis, Cristiano Macedo Engel (sem partido), afirmou nesta sexta-feira (19) que testou positivo para a Covid-19. O chefe do Poder Executivo informou que n\u00e3o teve nenhum [&hellip;]<\/p>\n","protected":false},"author":1,"featured_media":28917,"comment_status":"closed","ping_status":"open","sticky":false,"template":"","format":"standard","meta":{"footnotes":""},"categories":[110,116],"tags":[],"class_list":["post-28916","post","type-post","status-publish","format-standard","has-post-thumbnail","hentry","category-noticiasdestaque","category-politicaeeconomia"],"_links":{"self":[{"href":"https:\/\/jorgezanoni.com.br\/2019\/wp-json\/wp\/v2\/posts\/28916","targetHints":{"allow":["GET"]}}],"collection":[{"href":"https:\/\/jorgezanoni.com.br\/2019\/wp-json\/wp\/v2\/posts"}],"about":[{"href":"https:\/\/jorgezanoni.com.br\/2019\/wp-json\/wp\/v2\/types\/post"}],"author":[{"embeddable":true,"href":"https:\/\/jorgezanoni.com.br\/2019\/wp-json\/wp\/v2\/users\/1"}],"replies":[{"embeddable":true,"href":"https:\/\/jorgezanoni.com.br\/2019\/wp-json\/wp\/v2\/comments?post=28916"}],"version-history":[{"count":0,"href":"https:\/\/jorgezanoni.com.br\/2019\/wp-json\/wp\/v2\/posts\/28916\/revisions"}],"wp:featuredmedia":[{"embeddable":true,"href":"https:\/\/jorgezanoni.com.br\/2019\/wp-json\/wp\/v2\/media\/28917"}],"wp:attachment":[{"href":"https:\/\/jorgezanoni.com.br\/2019\/wp-json\/wp\/v2\/media?parent=28916"}],"wp:term":[{"taxonomy":"category","embeddable":true,"href":"https:\/\/jorgezanoni.com.br\/2019\/wp-json\/wp\/v2\/categories?post=28916"},{"taxonomy":"post_tag","embeddable":true,"href":"https:\/\/jorgezanoni.com.br\/2019\/wp-json\/wp\/v2\/tags?post=28916"}],"curies":[{"name":"wp","href":"https:\/\/api.w.org\/{rel}","templated":true}]}}