{"id":28913,"date":"2020-06-20T01:11:27","date_gmt":"2020-06-20T01:11:27","guid":{"rendered":"https:\/\/jorgezanoni.com.br\/2019\/?p=28913"},"modified":"2020-06-20T01:11:27","modified_gmt":"2020-06-20T01:11:27","slug":"presidente-prudente-bate-novo-recorde-diario-de-casos-positivos-e-confirmacoes-de-covid-19-chegam-a-333","status":"publish","type":"post","link":"https:\/\/jorgezanoni.com.br\/2019\/presidente-prudente-bate-novo-recorde-diario-de-casos-positivos-e-confirmacoes-de-covid-19-chegam-a-333\/","title":{"rendered":"Presidente Prudente bate novo recorde di\u00e1rio de casos positivos e confirma\u00e7\u00f5es de Covid-19 chegam a 333"},"content":{"rendered":"<h2 class=\"content-head__subtitle\" style=\"text-align: justify;\"><strong>Munic\u00edpio recebeu nesta sexta-feira (19) mais 27 resultados de exames que confirmaram a infec\u00e7\u00e3o pelo novo coronav\u00edrus. Cidade tem 146 notifica\u00e7\u00f5es suspeitas da doen\u00e7a.<\/strong><\/h2>\n<div class=\"mc-column content-text active-extra-styles \" data-block-type=\"unstyled\" data-block-weight=\"41\" data-block-id=\"2\">\n<p class=\"content-text__container \" style=\"text-align: justify;\" data-track-category=\"Link no Texto\" data-track-links=\"\">A Vigil\u00e2ncia Epidemiol\u00f3gica Municipal (VEM) confirmou mais 27 casos positivos de Covid-19 nesta sexta-feira (19), em\u00a0<a href=\"https:\/\/g1.globo.com\/sp\/presidente-prudente-regiao\/cidade\/presidente-prudente\/\">Presidente Prudente<\/a>. Este \u00e9 o maior n\u00famero de confirma\u00e7\u00f5es di\u00e1rias registrado no munic\u00edpio. O\u00a0<a href=\"https:\/\/g1.globo.com\/sp\/presidente-prudente-regiao\/noticia\/2020\/06\/16\/presidente-prudente-tem-mais-20-casos-positivos-de-covid-19-e-total-de-infectados-salta-para-283.ghtml\">recorde anterior era de 20 casos di\u00e1rios, registrado na ter\u00e7a-feira (16)<\/a>.<\/p>\n<\/div>\n<div class=\"wall protected-content\">\n<div class=\"mc-column content-text active-extra-styles \" style=\"text-align: justify;\" data-block-type=\"unstyled\" data-block-weight=\"18\" data-block-id=\"3\">\n<p class=\"content-text__container \" data-track-category=\"Link no Texto\" data-track-links=\"\">Agora, a maior cidade do Oeste Paulista contabiliza 333 casos da doen\u00e7a causada pelo Sars-Cov-2, o novo coronav\u00edrus.<\/p>\n<\/div>\n<div class=\"mc-column content-text active-extra-styles \" style=\"text-align: justify;\" data-block-type=\"unstyled\" data-block-weight=\"95\" data-block-id=\"4\">\n<p class=\"content-text__container \" data-track-category=\"Link no Texto\" data-track-links=\"\">Entre os novos casos confirmados apenas uma mulher de 51 anos, cujos sintomas tiveram in\u00edcio no dia 6 deste m\u00eas, segue internada. As outras 26 pessoas seguem em isolamento social, sendo outras dez mulheres com as seguintes idades: 26 anos (in\u00edcio dos sintomas no dia 10 deste m\u00eas), 37 anos (sintomas no dia 12), 40 anos (sintomas no dia 5), 49 e 78 anos (sintomas no dia 6), 59, 63 e outra de 78 anos (sintomas no dia 8), mais uma de 63 anos (sintomas no dia 13) e 72 anos (sintomas no dia 15).<\/p>\n<\/div>\n<div class=\"mc-column content-text active-extra-styles \" style=\"text-align: justify;\" data-block-type=\"unstyled\" data-block-weight=\"101\" data-block-id=\"5\">\n<p class=\"content-text__container \" data-track-category=\"Link no Texto\" data-track-links=\"\">A doen\u00e7a tamb\u00e9m foi confirmada em 16 homens com as seguintes idades: 21 anos (in\u00edcio dos sintomas no dia 5 deste m\u00eas), 26 anos (sintomas no dia 17), 30, 44 e 46 anos (sintomas no dia 7), outro de 30 e 38 anos (sintomas no dia 1\u00b0), 34 e 40 anos (sintomas no dia 6), 37 anos (sintomas no dia 11), outro de 38 anos (sintomas no dia 8), 44 e 46 anos (sintomas no dia 12), 53 anos (sintomas no dia 15), 69 anos (sintomas no dia 13), al\u00e9m de um de 36 anos (sintomas no dia 25 de maio).<\/p>\n<\/div>\n<div class=\"content-ads content-ads--reveal\" data-block-type=\"ads\" data-block-id=\"6\">\n<div id=\"banner_materia2\" class=\"tag-manager-publicidade-container mc-has-reveal mc-has-ad-lazyload tag-manager-publicidade-banner_materia2 tag-manager-publicidade-container--carregado tag-manager-publicidade-container--visivel\" data-id=\"banner_materia2\" data-google-query-id=\"CMPH6KCaj-oCFVEA1Aod6YwMYg\" data-cid=\"138311732939\" data-lid=\"5397457614\">\n<div class=\"mc-column content-text active-extra-styles \" style=\"text-align: justify;\" data-block-type=\"unstyled\" data-block-weight=\"29\" data-block-id=\"8\">\n<p class=\"content-text__container \" data-track-category=\"Link no Texto\" data-track-links=\"\">A VEM tamb\u00e9m informou que 46 pessoas seguem hospitalizadas, 11 delas em Unidade de Terapia Intensiva (UTI). Entre os pacientes internados h\u00e1 casos confirmados e suspeitos, segundo a Prefeitura.<\/p>\n<\/div>\n<div class=\"mc-column content-text active-extra-styles \" style=\"text-align: justify;\" data-block-type=\"unstyled\" data-block-weight=\"20\" data-block-id=\"9\">\n<p class=\"content-text__container \" data-track-category=\"Link no Texto\" data-track-links=\"\">A \u00faltima atualiza\u00e7\u00e3o do boletim oficial, realizada \u00e0s 17h30, indica que 146 pessoas aguardam resultados de exames, incluindo duas mortes.<\/p>\n<\/div>\n<div class=\"mc-column content-text active-extra-styles \" style=\"text-align: justify;\" data-block-type=\"unstyled\" data-block-weight=\"18\" data-block-id=\"10\">\n<p class=\"content-text__container \" data-track-category=\"Link no Texto\" data-track-links=\"\">O balan\u00e7o aponta ainda que a cidade registrou 1.583 notifica\u00e7\u00f5es da doen\u00e7a, sendo que 1.104 j\u00e1 foram descartadas.<\/p>\n<\/div>\n<div class=\"mc-column content-text active-extra-styles \" style=\"text-align: justify;\" data-block-type=\"unstyled\" data-block-weight=\"9\" data-block-id=\"11\">\n<p class=\"content-text__container \" data-track-category=\"Link no Texto\" data-track-links=\"\">Presidente Prudente possui 15 \u00f3bitos confirmados pelo novo coronav\u00edrus.<\/p>\n<\/div>\n<div class=\"mc-column content-text active-extra-styles \" style=\"text-align: justify;\" data-block-type=\"unstyled\" data-block-weight=\"26\" data-block-id=\"12\">\n<p class=\"content-text__container \" data-track-category=\"Link no Texto\" data-track-links=\"\">A VEM comunicou ainda que mais 83 pessoas podem ser consideradas curadas na cidade. Assim, s\u00e3o 240 pacientes que j\u00e1 contra\u00edram a doen\u00e7a e est\u00e3o curados.<\/p>\n<\/div>\n<div class=\"mc-column content-text active-extra-styles \" data-block-type=\"unstyled\" data-block-weight=\"66\" data-block-id=\"13\">\n<p class=\"content-text__container \" style=\"text-align: justify;\" data-track-category=\"Link no Texto\" data-track-links=\"\">O \u00f3rg\u00e3o ressaltou que para ser considerado caso curado \u00e9 levada em considera\u00e7\u00e3o a estimativa do per\u00edodo de incuba\u00e7\u00e3o do v\u00edrus, que \u00e9 de 14 dias. Al\u00e9m disso, s\u00e3o pessoas curadas somente aquelas que seguem em domic\u00edlio ou tiveram alta hospitalar ap\u00f3s cumprirem o per\u00edodo. Sendo assim, aquelas que j\u00e1 cumpriram os 14 dias de incuba\u00e7\u00e3o do v\u00edrus, mas permanecem internadas, n\u00e3o s\u00e3o tidas como curadas.<\/p>\n<p style=\"text-align: justify;\" data-track-category=\"Link no Texto\" data-track-links=\"\">Fonte: https:\/\/g1.globo.com\/sp\/presidente-prudente-regiao\/noticia\/2020\/06\/19\/presidente-prudente-bate-novo-recorde-diario-de-casos-positivos-e-confirmacoes-de-covid-19-chegam-a-333.ghtml<\/p>\n<\/div>\n<\/div>\n<\/div>\n<\/div>\n","protected":false},"excerpt":{"rendered":"<p>Munic\u00edpio recebeu nesta sexta-feira (19) mais 27 resultados de exames que confirmaram a infec\u00e7\u00e3o pelo novo coronav\u00edrus. Cidade tem 146 notifica\u00e7\u00f5es suspeitas da doen\u00e7a. A Vigil\u00e2ncia Epidemiol\u00f3gica Municipal (VEM) confirmou mais 27 casos positivos de Covid-19 nesta sexta-feira (19), em\u00a0Presidente Prudente. Este \u00e9 o maior n\u00famero de confirma\u00e7\u00f5es di\u00e1rias registrado no munic\u00edpio. O\u00a0recorde anterior era [&hellip;]<\/p>\n","protected":false},"author":1,"featured_media":28914,"comment_status":"closed","ping_status":"open","sticky":false,"template":"","format":"standard","meta":{"footnotes":""},"categories":[110,122],"tags":[],"class_list":["post-28913","post","type-post","status-publish","format-standard","has-post-thumbnail","hentry","category-noticiasdestaque","category-saudeeducacaoeconcurso"],"_links":{"self":[{"href":"https:\/\/jorgezanoni.com.br\/2019\/wp-json\/wp\/v2\/posts\/28913","targetHints":{"allow":["GET"]}}],"collection":[{"href":"https:\/\/jorgezanoni.com.br\/2019\/wp-json\/wp\/v2\/posts"}],"about":[{"href":"https:\/\/jorgezanoni.com.br\/2019\/wp-json\/wp\/v2\/types\/post"}],"author":[{"embeddable":true,"href":"https:\/\/jorgezanoni.com.br\/2019\/wp-json\/wp\/v2\/users\/1"}],"replies":[{"embeddable":true,"href":"https:\/\/jorgezanoni.com.br\/2019\/wp-json\/wp\/v2\/comments?post=28913"}],"version-history":[{"count":0,"href":"https:\/\/jorgezanoni.com.br\/2019\/wp-json\/wp\/v2\/posts\/28913\/revisions"}],"wp:featuredmedia":[{"embeddable":true,"href":"https:\/\/jorgezanoni.com.br\/2019\/wp-json\/wp\/v2\/media\/28914"}],"wp:attachment":[{"href":"https:\/\/jorgezanoni.com.br\/2019\/wp-json\/wp\/v2\/media?parent=28913"}],"wp:term":[{"taxonomy":"category","embeddable":true,"href":"https:\/\/jorgezanoni.com.br\/2019\/wp-json\/wp\/v2\/categories?post=28913"},{"taxonomy":"post_tag","embeddable":true,"href":"https:\/\/jorgezanoni.com.br\/2019\/wp-json\/wp\/v2\/tags?post=28913"}],"curies":[{"name":"wp","href":"https:\/\/api.w.org\/{rel}","templated":true}]}}