{"id":28910,"date":"2020-06-20T00:51:55","date_gmt":"2020-06-20T00:51:55","guid":{"rendered":"https:\/\/jorgezanoni.com.br\/2019\/?p=28910"},"modified":"2020-06-20T00:51:55","modified_gmt":"2020-06-20T00:51:55","slug":"morador-de-dracena-que-morreu-esta-semana-testou-positivo-para-covid-19","status":"publish","type":"post","link":"https:\/\/jorgezanoni.com.br\/2019\/morador-de-dracena-que-morreu-esta-semana-testou-positivo-para-covid-19\/","title":{"rendered":"Morador de Dracena que morreu esta semana testou positivo para COVID-19"},"content":{"rendered":"<p style=\"text-align: justify;\">NOTA OFICIAL<\/p>\n<p style=\"text-align: justify;\">A Prefeitura de Dracena, por meio da Secretaria Municipal de Sa\u00fade e Higiene P\u00fablica, comunica que o homem de 51 anos de idade, que faleceu no dia 16 de junho at\u00e9 ent\u00e3o com suspeita de covid-19, testou positivo para o v\u00edrus. Ele era residente no munic\u00edpio.<\/p>\n<p style=\"text-align: justify;\">O exame PCR para detec\u00e7\u00e3o do v\u00edrus SARS-CoV-2 foi feito junto ao Laborat\u00f3rio do Instituto Adolfo Lutz, em S\u00e3o Paulo\/SP.<\/p>\n<div class=\"text_exposed_show\">\n<p style=\"text-align: justify;\">A Prefeitura, lamenta o ocorrido e externa solidariedade aos familiares e amigos da v\u00edtima.<\/p>\n<p style=\"text-align: justify;\">O prefeito ainda pede a colabora\u00e7\u00e3o de toda a popula\u00e7\u00e3o para seguir com rigor a todas as recomenda\u00e7\u00f5es dadas pela OMS, Minist\u00e9rio da Sa\u00fade e Secretaria Municipal de Sa\u00fade, e, seguir tamb\u00e9m, todas as orienta\u00e7\u00f5es e determina\u00e7\u00f5es previstas no Decreto Municipal n\u00ba 7.823 de 18 de Junho de 2.020.<\/p>\n<p style=\"text-align: justify;\">Fonte: https:\/\/www.facebook.com\/prefeituradracena\/<\/p>\n<\/div>\n","protected":false},"excerpt":{"rendered":"<p>NOTA OFICIAL A Prefeitura de Dracena, por meio da Secretaria Municipal de Sa\u00fade e Higiene P\u00fablica, comunica que o homem de 51 anos de idade, que faleceu no dia 16 de junho at\u00e9 ent\u00e3o com suspeita de covid-19, testou positivo para o v\u00edrus. Ele era residente no munic\u00edpio. O exame PCR para detec\u00e7\u00e3o do v\u00edrus [&hellip;]<\/p>\n","protected":false},"author":1,"featured_media":28911,"comment_status":"closed","ping_status":"open","sticky":false,"template":"","format":"standard","meta":{"footnotes":""},"categories":[179,184,110],"tags":[],"class_list":["post-28910","post","type-post","status-publish","format-standard","has-post-thumbnail","hentry","category-cidadeseregiao","category-dracena","category-noticiasdestaque"],"_links":{"self":[{"href":"https:\/\/jorgezanoni.com.br\/2019\/wp-json\/wp\/v2\/posts\/28910","targetHints":{"allow":["GET"]}}],"collection":[{"href":"https:\/\/jorgezanoni.com.br\/2019\/wp-json\/wp\/v2\/posts"}],"about":[{"href":"https:\/\/jorgezanoni.com.br\/2019\/wp-json\/wp\/v2\/types\/post"}],"author":[{"embeddable":true,"href":"https:\/\/jorgezanoni.com.br\/2019\/wp-json\/wp\/v2\/users\/1"}],"replies":[{"embeddable":true,"href":"https:\/\/jorgezanoni.com.br\/2019\/wp-json\/wp\/v2\/comments?post=28910"}],"version-history":[{"count":0,"href":"https:\/\/jorgezanoni.com.br\/2019\/wp-json\/wp\/v2\/posts\/28910\/revisions"}],"wp:featuredmedia":[{"embeddable":true,"href":"https:\/\/jorgezanoni.com.br\/2019\/wp-json\/wp\/v2\/media\/28911"}],"wp:attachment":[{"href":"https:\/\/jorgezanoni.com.br\/2019\/wp-json\/wp\/v2\/media?parent=28910"}],"wp:term":[{"taxonomy":"category","embeddable":true,"href":"https:\/\/jorgezanoni.com.br\/2019\/wp-json\/wp\/v2\/categories?post=28910"},{"taxonomy":"post_tag","embeddable":true,"href":"https:\/\/jorgezanoni.com.br\/2019\/wp-json\/wp\/v2\/tags?post=28910"}],"curies":[{"name":"wp","href":"https:\/\/api.w.org\/{rel}","templated":true}]}}