{"id":28907,"date":"2020-06-20T00:36:08","date_gmt":"2020-06-20T00:36:08","guid":{"rendered":"https:\/\/jorgezanoni.com.br\/2019\/?p=28907"},"modified":"2020-06-20T00:36:08","modified_gmt":"2020-06-20T00:36:08","slug":"boletim-atualizado-da-covid-19-da-secretaria-de-saude-de-dracena-19-06","status":"publish","type":"post","link":"https:\/\/jorgezanoni.com.br\/2019\/boletim-atualizado-da-covid-19-da-secretaria-de-saude-de-dracena-19-06\/","title":{"rendered":"Boletim atualizado da COVID-19 da Secretaria de Sa\u00fade de Dracena 19\/06"},"content":{"rendered":"<p style=\"text-align: justify;\">Secretaria Municipal de Sa\u00fade e Higiene P\u00fablica informa a atualiza\u00e7\u00e3o do quadro de casos suspeitos e confirmados de Covid-19 em Dracena.<\/p>\n<p style=\"text-align: justify;\">19\/06\/2020<\/p>\n<p style=\"text-align: justify;\">ATEN\u00c7\u00c3O &#8211; A Prefeitura de Dracena contabiliza somente os n\u00fameros de moradores do nosso munic\u00edpio. Pessoas de outras cidades que s\u00e3o atendidas e\/ou internadas na Santa Casa de Dracena n\u00e3o entram nas estat\u00edsticas deste quadro.<\/p>\n","protected":false},"excerpt":{"rendered":"<p>Secretaria Municipal de Sa\u00fade e Higiene P\u00fablica informa a atualiza\u00e7\u00e3o do quadro de casos suspeitos e confirmados de Covid-19 em Dracena. 19\/06\/2020 ATEN\u00c7\u00c3O &#8211; A Prefeitura de Dracena contabiliza somente os n\u00fameros de moradores do nosso munic\u00edpio. Pessoas de outras cidades que s\u00e3o atendidas e\/ou internadas na Santa Casa de Dracena n\u00e3o entram nas estat\u00edsticas [&hellip;]<\/p>\n","protected":false},"author":1,"featured_media":28908,"comment_status":"closed","ping_status":"open","sticky":false,"template":"","format":"standard","meta":{"footnotes":""},"categories":[179,184,110],"tags":[],"class_list":["post-28907","post","type-post","status-publish","format-standard","has-post-thumbnail","hentry","category-cidadeseregiao","category-dracena","category-noticiasdestaque"],"_links":{"self":[{"href":"https:\/\/jorgezanoni.com.br\/2019\/wp-json\/wp\/v2\/posts\/28907","targetHints":{"allow":["GET"]}}],"collection":[{"href":"https:\/\/jorgezanoni.com.br\/2019\/wp-json\/wp\/v2\/posts"}],"about":[{"href":"https:\/\/jorgezanoni.com.br\/2019\/wp-json\/wp\/v2\/types\/post"}],"author":[{"embeddable":true,"href":"https:\/\/jorgezanoni.com.br\/2019\/wp-json\/wp\/v2\/users\/1"}],"replies":[{"embeddable":true,"href":"https:\/\/jorgezanoni.com.br\/2019\/wp-json\/wp\/v2\/comments?post=28907"}],"version-history":[{"count":0,"href":"https:\/\/jorgezanoni.com.br\/2019\/wp-json\/wp\/v2\/posts\/28907\/revisions"}],"wp:featuredmedia":[{"embeddable":true,"href":"https:\/\/jorgezanoni.com.br\/2019\/wp-json\/wp\/v2\/media\/28908"}],"wp:attachment":[{"href":"https:\/\/jorgezanoni.com.br\/2019\/wp-json\/wp\/v2\/media?parent=28907"}],"wp:term":[{"taxonomy":"category","embeddable":true,"href":"https:\/\/jorgezanoni.com.br\/2019\/wp-json\/wp\/v2\/categories?post=28907"},{"taxonomy":"post_tag","embeddable":true,"href":"https:\/\/jorgezanoni.com.br\/2019\/wp-json\/wp\/v2\/tags?post=28907"}],"curies":[{"name":"wp","href":"https:\/\/api.w.org\/{rel}","templated":true}]}}