{"id":28878,"date":"2020-06-19T22:18:47","date_gmt":"2020-06-19T22:18:47","guid":{"rendered":"https:\/\/jorgezanoni.com.br\/2019\/?p=28878"},"modified":"2020-06-19T22:18:47","modified_gmt":"2020-06-19T22:18:47","slug":"num-prazo-de-meia-hora-tres-acidentes-sao-registrados-na-regiao-central-de-dracena","status":"publish","type":"post","link":"https:\/\/jorgezanoni.com.br\/2019\/num-prazo-de-meia-hora-tres-acidentes-sao-registrados-na-regiao-central-de-dracena\/","title":{"rendered":"Num prazo de meia hora tr\u00eas acidentes s\u00e3o registrados na regi\u00e3o central de Dracena"},"content":{"rendered":"<p style=\"text-align: justify;\">Por volta das 16:50 Horas houve uma colis\u00e3o traseira na Avenida Presidente Roosevelt esquina com a rua Marechal Rondon. N\u00e3o houve v\u00edtimas.<\/p>\n<p style=\"text-align: justify;\">Antes em menos de meia hora haviam sido registrados mais dois acidentes, um na esquina da pr\u00f3pria Avenida Presidente Roosevelt com a Rua Monte Castelo e outro na esquina da Ipiranga com Euclides da Cunha.<\/p>\n<p style=\"text-align: justify;\">Felizmente somente danos materiais e feridos leves.<\/p>\n<p><img loading=\"lazy\" decoding=\"async\" class=\"alignnone size-full wp-image-28880\" src=\"https:\/\/jorgezanoni.com.br\/2019\/wp-content\/uploads\/2020\/06\/tras1-2.jpg\" alt=\"\" width=\"368\" height=\"334\" srcset=\"https:\/\/jorgezanoni.com.br\/2019\/wp-content\/uploads\/2020\/06\/tras1-2.jpg 368w, https:\/\/jorgezanoni.com.br\/2019\/wp-content\/uploads\/2020\/06\/tras1-2-300x272.jpg 300w\" sizes=\"auto, (max-width: 368px) 100vw, 368px\" \/><\/p>\n<p style=\"text-align: justify;\">Jorge Zanoni<\/p>\n<p>Fotos de Internauta<\/p>\n","protected":false},"excerpt":{"rendered":"<p>Por volta das 16:50 Horas houve uma colis\u00e3o traseira na Avenida Presidente Roosevelt esquina com a rua Marechal Rondon. N\u00e3o houve v\u00edtimas. Antes em menos de meia hora haviam sido registrados mais dois acidentes, um na esquina da pr\u00f3pria Avenida Presidente Roosevelt com a Rua Monte Castelo e outro na esquina da Ipiranga com Euclides [&hellip;]<\/p>\n","protected":false},"author":1,"featured_media":28879,"comment_status":"closed","ping_status":"open","sticky":false,"template":"","format":"standard","meta":{"footnotes":""},"categories":[170,110],"tags":[],"class_list":["post-28878","post","type-post","status-publish","format-standard","has-post-thumbnail","hentry","category-acidentes","category-noticiasdestaque"],"_links":{"self":[{"href":"https:\/\/jorgezanoni.com.br\/2019\/wp-json\/wp\/v2\/posts\/28878","targetHints":{"allow":["GET"]}}],"collection":[{"href":"https:\/\/jorgezanoni.com.br\/2019\/wp-json\/wp\/v2\/posts"}],"about":[{"href":"https:\/\/jorgezanoni.com.br\/2019\/wp-json\/wp\/v2\/types\/post"}],"author":[{"embeddable":true,"href":"https:\/\/jorgezanoni.com.br\/2019\/wp-json\/wp\/v2\/users\/1"}],"replies":[{"embeddable":true,"href":"https:\/\/jorgezanoni.com.br\/2019\/wp-json\/wp\/v2\/comments?post=28878"}],"version-history":[{"count":0,"href":"https:\/\/jorgezanoni.com.br\/2019\/wp-json\/wp\/v2\/posts\/28878\/revisions"}],"wp:featuredmedia":[{"embeddable":true,"href":"https:\/\/jorgezanoni.com.br\/2019\/wp-json\/wp\/v2\/media\/28879"}],"wp:attachment":[{"href":"https:\/\/jorgezanoni.com.br\/2019\/wp-json\/wp\/v2\/media?parent=28878"}],"wp:term":[{"taxonomy":"category","embeddable":true,"href":"https:\/\/jorgezanoni.com.br\/2019\/wp-json\/wp\/v2\/categories?post=28878"},{"taxonomy":"post_tag","embeddable":true,"href":"https:\/\/jorgezanoni.com.br\/2019\/wp-json\/wp\/v2\/tags?post=28878"}],"curies":[{"name":"wp","href":"https:\/\/api.w.org\/{rel}","templated":true}]}}