{"id":28852,"date":"2020-06-19T19:44:15","date_gmt":"2020-06-19T19:44:15","guid":{"rendered":"https:\/\/jorgezanoni.com.br\/2019\/?p=28852"},"modified":"2020-06-19T19:44:15","modified_gmt":"2020-06-19T19:44:15","slug":"policia-civil-deflagra-operacao-que-resulta-em-apreensao-de-drogas-e-na-recuperacao-de-produtos-que-haviam-sido-furtados-em-panorama-e-pauliceia","status":"publish","type":"post","link":"https:\/\/jorgezanoni.com.br\/2019\/policia-civil-deflagra-operacao-que-resulta-em-apreensao-de-drogas-e-na-recuperacao-de-produtos-que-haviam-sido-furtados-em-panorama-e-pauliceia\/","title":{"rendered":"Policia Civil deflagra opera\u00e7\u00e3o que resulta em apreens\u00e3o de drogas e na recupera\u00e7\u00e3o de produtos que haviam sido furtados em Panorama e Paulic\u00e9ia."},"content":{"rendered":"<p style=\"text-align: justify;\">Foram cumpridos cinco mandados de busca e apreens\u00e3o em resid\u00eancias de pessoas suspeitas, na cidade de Andradina, sendo recuperados diversas pe\u00e7as de vestu\u00e1rios, cal\u00e7ados, al\u00e9m de apreens\u00e3o de drogas.<\/p>\n<p style=\"text-align: justify;\">A Pol\u00edcia Civil, por interm\u00e9dio das Delegacias de Pol\u00edcia de Panorama e Paulic\u00e9ia, deflagrou nesta quinta-feira (18), na cidade de Andradina-SP, uma a\u00e7\u00e3o policial que resultou na recupera\u00e7\u00e3o de uma grande quantidade de pe\u00e7as de vestu\u00e1rios e cal\u00e7ados que haviam sido furtados, no \u00faltimo dia 16, em estabelecimentos comerciais nas cidades de Panorama e Paulic\u00e9ia. Ainda durante a execu\u00e7\u00e3o da a\u00e7\u00e3o, a Pol\u00edcia Civil, tamb\u00e9m apreendeu 29 trouxinhas de maconhas.<br \/>\nA opera\u00e7\u00e3o policial refere-se a um trabalho investigativo que foi desenvolvido, pelas Delegacias de Pol\u00edcia de Panorama e Paulic\u00e9ia, relacionado a ocorr\u00eancia de furtos qualificados em estabelecimentos comerciais, ocorridos na \u00faltima ter\u00e7a-feira (16), nas respectivas cidades.<br \/>\nDurante as investiga\u00e7\u00f5es foram identificados os prov\u00e1veis suspeitos, sendo representado ao Poder Judici\u00e1rio, pelo pedido de busca e apreens\u00e3o em cinco locais na cidade de Andradina-SP.<br \/>\nAs apreens\u00f5es e recupera\u00e7\u00e3o dos produtos furtados aconteceram em dois endere\u00e7os localizados no bairro Quinta Castanheiras, naquela cidade, bem como tamb\u00e9m foram localizadas 29 trouxinhas de maconha, embaladas individualmente, indicando que estariam prontas para comercializa\u00e7\u00e3o.<br \/>\nUma adolescente infratora foi ouvida e liberada para respons\u00e1vel, um homem 18 anos amasio da adolescente e um outro adolescente n\u00e3o foram localizados durante a\u00e7\u00e3o policial.<br \/>\nA Pol\u00edcia Civil, em continuidade, a a\u00e7\u00e3o realizada vai materializar os fatos e, em fase de inqu\u00e9rito policial pedir pelo indiciamento do homem, pelos crimes furto qualificado e corrup\u00e7\u00e3o de menores, praticados na cidades e Panorama e Paulic\u00e9ia; e na cidade de Andradina ele ir\u00e1 responder pelos crimes tr\u00e1fico de drogas e corrup\u00e7\u00e3o de menores e ainda ser\u00e1 apurado um suposto crime de estupro de vulner\u00e1vel, visto que sua amasia, a adolescente, est\u00e1 gravida.<br \/>\nA opera\u00e7\u00e3o policial contou com o apoio operacional de agentes, da Delegacia de Investiga\u00e7\u00f5es Sobre Entorpecentes &#8211; DISE, de Andradina.<\/p>\n<p><img loading=\"lazy\" decoding=\"async\" class=\"alignnone size-full wp-image-28853\" src=\"https:\/\/jorgezanoni.com.br\/2019\/wp-content\/uploads\/2020\/06\/civil-1.jpg\" alt=\"\" width=\"976\" height=\"494\" srcset=\"https:\/\/jorgezanoni.com.br\/2019\/wp-content\/uploads\/2020\/06\/civil-1.jpg 976w, https:\/\/jorgezanoni.com.br\/2019\/wp-content\/uploads\/2020\/06\/civil-1-300x152.jpg 300w, https:\/\/jorgezanoni.com.br\/2019\/wp-content\/uploads\/2020\/06\/civil-1-768x389.jpg 768w, https:\/\/jorgezanoni.com.br\/2019\/wp-content\/uploads\/2020\/06\/civil-1-696x352.jpg 696w, https:\/\/jorgezanoni.com.br\/2019\/wp-content\/uploads\/2020\/06\/civil-1-830x420.jpg 830w\" sizes=\"auto, (max-width: 976px) 100vw, 976px\" \/> <img loading=\"lazy\" decoding=\"async\" class=\"alignnone size-full wp-image-28854\" src=\"https:\/\/jorgezanoni.com.br\/2019\/wp-content\/uploads\/2020\/06\/civil1.jpg\" alt=\"\" width=\"1032\" height=\"581\" srcset=\"https:\/\/jorgezanoni.com.br\/2019\/wp-content\/uploads\/2020\/06\/civil1.jpg 1032w, https:\/\/jorgezanoni.com.br\/2019\/wp-content\/uploads\/2020\/06\/civil1-300x169.jpg 300w, https:\/\/jorgezanoni.com.br\/2019\/wp-content\/uploads\/2020\/06\/civil1-1024x576.jpg 1024w, https:\/\/jorgezanoni.com.br\/2019\/wp-content\/uploads\/2020\/06\/civil1-768x432.jpg 768w, https:\/\/jorgezanoni.com.br\/2019\/wp-content\/uploads\/2020\/06\/civil1-696x392.jpg 696w, https:\/\/jorgezanoni.com.br\/2019\/wp-content\/uploads\/2020\/06\/civil1-746x420.jpg 746w\" sizes=\"auto, (max-width: 1032px) 100vw, 1032px\" \/><\/p>\n<p style=\"text-align: justify;\">Fonte: Com. Social Pol\u00edcia Civil<\/p>\n","protected":false},"excerpt":{"rendered":"<p>Foram cumpridos cinco mandados de busca e apreens\u00e3o em resid\u00eancias de pessoas suspeitas, na cidade de Andradina, sendo recuperados diversas pe\u00e7as de vestu\u00e1rios, cal\u00e7ados, al\u00e9m de apreens\u00e3o de drogas. A Pol\u00edcia Civil, por interm\u00e9dio das Delegacias de Pol\u00edcia de Panorama e Paulic\u00e9ia, deflagrou nesta quinta-feira (18), na cidade de Andradina-SP, uma a\u00e7\u00e3o policial que resultou [&hellip;]<\/p>\n","protected":false},"author":1,"featured_media":28855,"comment_status":"closed","ping_status":"open","sticky":false,"template":"","format":"standard","meta":{"footnotes":""},"categories":[110,2],"tags":[],"class_list":["post-28852","post","type-post","status-publish","format-standard","has-post-thumbnail","hentry","category-noticiasdestaque","category-policial"],"_links":{"self":[{"href":"https:\/\/jorgezanoni.com.br\/2019\/wp-json\/wp\/v2\/posts\/28852","targetHints":{"allow":["GET"]}}],"collection":[{"href":"https:\/\/jorgezanoni.com.br\/2019\/wp-json\/wp\/v2\/posts"}],"about":[{"href":"https:\/\/jorgezanoni.com.br\/2019\/wp-json\/wp\/v2\/types\/post"}],"author":[{"embeddable":true,"href":"https:\/\/jorgezanoni.com.br\/2019\/wp-json\/wp\/v2\/users\/1"}],"replies":[{"embeddable":true,"href":"https:\/\/jorgezanoni.com.br\/2019\/wp-json\/wp\/v2\/comments?post=28852"}],"version-history":[{"count":0,"href":"https:\/\/jorgezanoni.com.br\/2019\/wp-json\/wp\/v2\/posts\/28852\/revisions"}],"wp:featuredmedia":[{"embeddable":true,"href":"https:\/\/jorgezanoni.com.br\/2019\/wp-json\/wp\/v2\/media\/28855"}],"wp:attachment":[{"href":"https:\/\/jorgezanoni.com.br\/2019\/wp-json\/wp\/v2\/media?parent=28852"}],"wp:term":[{"taxonomy":"category","embeddable":true,"href":"https:\/\/jorgezanoni.com.br\/2019\/wp-json\/wp\/v2\/categories?post=28852"},{"taxonomy":"post_tag","embeddable":true,"href":"https:\/\/jorgezanoni.com.br\/2019\/wp-json\/wp\/v2\/tags?post=28852"}],"curies":[{"name":"wp","href":"https:\/\/api.w.org\/{rel}","templated":true}]}}