{"id":28849,"date":"2020-06-19T19:32:09","date_gmt":"2020-06-19T19:32:09","guid":{"rendered":"https:\/\/jorgezanoni.com.br\/2019\/?p=28849"},"modified":"2020-06-19T19:32:09","modified_gmt":"2020-06-19T19:32:09","slug":"o-virus-continua-e-os-cuidados-devem-ser-redobrados","status":"publish","type":"post","link":"https:\/\/jorgezanoni.com.br\/2019\/o-virus-continua-e-os-cuidados-devem-ser-redobrados\/","title":{"rendered":"O V\u00edrus continua e os cuidados devem ser redobrados&#8230;"},"content":{"rendered":"<p style=\"text-align: justify;\"><strong>O V\u00cdRUS CONTINUA E OS CUIDADOS DEVEM SER REDOBRADOS&#8230;\u00a0 \u00a0 \u00a0 \u00a0 \u00a0 \u00a0 \u00a0 \u00a0 \u00a0 \u00a0 \u00a0 \u00a0 \u00a0 \u00a0 <\/strong><\/p>\n<p style=\"text-align: justify;\"><strong>\u00a0 \u00a0 \u00a0 \u00a0 \u00a0 \u00a0 \u00a0 \u00a0 \u00a0 \u00a0 \u00a0 \u00a0 \u00a0 \u00a0 \u00a0 \u00a0 \u00a0 \u00a0 \u00a0 \u00a0 \u00a0 \u00a0 \u00a0 \u00a0\u00a0<\/strong><\/p>\n<p style=\"text-align: justify;\"><strong>\u00a0<\/strong><strong>*CLAUDIVAL CLEMENTE.<\/strong><\/p>\n<p style=\"text-align: justify;\"><strong>**CLAUDIVAL MOURA CLEMENTE<\/strong><\/p>\n<p style=\"text-align: justify;\">Em uma democracia, a imprensa come\u00e7a a falar primeiro sobre um assunto e sempre mant\u00e9m a popula\u00e7\u00e3o informada, pois \u00e9 este um dos pap\u00e9is do jornalismo. Os \u201cnegacionistas\u201d (defensores de que o SARS-Cov2 \u00e9 uma simples gripe), inventariam o pensamento de que a imprensa s\u00f3 fala na pandemia e que este assunto j\u00e1 cansou e ningu\u00e9m mais quer ler sobre o assunto.<\/p>\n<p style=\"text-align: justify;\">Por\u00e9m, ainda existe muito o que falar sobre o tema e mantendo o assunto em pauta, \u00e9 uma forma de contribuir para o aprendizado da popula\u00e7\u00e3o, h\u00e1 muito o que comentar e aprender a respeito.<\/p>\n<p style=\"text-align: justify;\">Os governadores e prefeitos decidiram retomar as atividades econ\u00f4micas, at\u00e9 mesmo porque n\u00e3o se pode viver em isolamento para sempre, embora o ideal, em termos de preven\u00e7\u00e3o, seria manter o isolamento. Mas os empres\u00e1rios e comerciantes pressionaram os prefeitos e foi autorizada a abertura gradual do com\u00e9rcio n\u00e3o essencial que se encontrava fechada.<\/p>\n<p style=\"text-align: justify;\">Sem d\u00favida em todas as regi\u00f5es os campe\u00f5es de contamina\u00e7\u00f5es s\u00e3o os hospitais, considerando que os infectados procuram atendimento m\u00e9dico e, eventualmente, podem transmitir o v\u00edrus, por falta de cuidado do pr\u00f3prio doente ou pela inobserv\u00e2ncia ao protocolo de seguran\u00e7a sugerido pelos especialistas.<\/p>\n<p style=\"text-align: justify;\">Os meios de transportes, os supermercados e os locais de trabalho tamb\u00e9m podem se transformar em foco de contamina\u00e7\u00e3o, uma vez que considerando o in\u00edcio da pandemia \u00e9 natural as pessoas deixaram de observar os pontos b\u00e1sicos de prote\u00e7\u00e3o e cuidado.<\/p>\n<p style=\"text-align: justify;\">Os grandes supermercados como Carrefour, Extra, D\u2019Av\u00f3, entre outros, implantaram um sistema de controle r\u00edgido, mantendo sempre um funcion\u00e1rio com um aparelho medidor de temperatura, que \u00e9 colocado pr\u00f3ximo \u00e0 testa da pessoa e \u00e1lcool gel para limpeza das m\u00e3os. Em caso de temperatura da pessoa estar fora do padr\u00e3o aceit\u00e1vel, a pessoa \u00e9 orientada a n\u00e3o entrar, para evitar o risco dos outros clientes e procurar ajuda m\u00e9dica. Os carrinhos tamb\u00e9m s\u00e3o sempre higienizados, com \u00e1gua sanit\u00e1ria e sempre que entregue a um novo cliente est\u00e3o livres de qualquer perigo de cont\u00e1gio.<\/p>\n<p style=\"text-align: justify;\">Tamb\u00e9m existem orienta\u00e7\u00f5es para se manter distante dos outros clientes, de prefer\u00eancia um metro e meio longe de outra pessoa, especialmente nos caixas onde se observa maior aglomera\u00e7\u00e3o de pessoas. Deve-se evitar tocar em superf\u00edcies, porquanto o v\u00edrus pode estar repousando em uma destas superf\u00edcies, considerando a forma como se propaga, qual seja, pela saliva. As mercadorias tamb\u00e9m podem contar contamina\u00e7\u00e3o, o mais adequado \u00e9 antes de introduzir as compras em casa, proceder a higieniza\u00e7\u00e3o com \u00e1lcool 70% ou lavar com \u00e1gua e sab\u00e3o e as embalagens pl\u00e1sticas, as famosas sacolinhas aconselha-se que sejam colocadas ao sol, pois o v\u00edrus n\u00e3o resiste a esta exposi\u00e7\u00e3o.<\/p>\n<p style=\"text-align: justify;\">Uma das recomenda\u00e7\u00f5es importantes \u00e9 a utiliza\u00e7\u00e3o de m\u00e1scaras, at\u00e9 mesmo porque existe uma lei federal determinando que todas as pessoas utilizem as m\u00e1scaras em local p\u00fablico, no transporte coletivo e at\u00e9 mesmo em t\u00e1xis ou carros de aplicativos. As m\u00e1scaras t\u00eam um papel importante e tem que ser usadas com alguns cuidados b\u00e1sicos. A finalidade principal da m\u00e1scara \u00e9 repelir uma poss\u00edvel contamina\u00e7\u00e3o, ou seja, se o v\u00edrus se aproximar de algu\u00e9m, desde que esteja usando m\u00e1scara, ficar\u00e1 retido na superf\u00edcie. Desta forma, a m\u00e1scara depois de colocada no rosto n\u00e3o deve ser tocada em hip\u00f3tese nenhuma, por dois motivos. Um, porque pode conter o v\u00edrus; segundo porque o v\u00edrus pode estar em sua pr\u00f3pria m\u00e3o.<\/p>\n<p style=\"text-align: justify;\">O importante \u00e9 compreender que o isolamento social n\u00e3o pode ser mantido para sempre, as pessoas n\u00e3o podem ficar em casa o tempo todo; mas as sa\u00eddas t\u00eam que ser mantidas em seguran\u00e7a, pois o v\u00edrus ainda continua ativo e embora a curva tenha se reduzido, justamente os descuidos \u00e9 que podem trazer de volta o pico da contamina\u00e7\u00e3o.<\/p>\n<p style=\"text-align: justify;\">A \u00fanica forma de combater eficientemente o v\u00edrus \u00e9 com as vacinas; enquanto n\u00e3o s\u00e3o lan\u00e7adas, vamos continuar com as medidas protetivas de sempre: lavar as m\u00e3os com frequ\u00eancia, evitar tocar a boca, o nariz e os olhos com as m\u00e3os, cobrir a boca quando tossir ou espirrar, assim como higienizar sempre as m\u00e3os com \u00e1lcool gel e todas as mercadorias que receberem em casa ou que comprarem nos mercados. Saindo de casa, use sempre as m\u00e1scaras, com a devida cautela, evitando aglomera\u00e7\u00f5es. Nunca toque na m\u00e1scara e n\u00e3o \u00e9 necess\u00e1rio baixar ou tirar a m\u00e1scara para falar ao celular ou ouvir ou gravar alguma mensagem no watts. A m\u00e1scara \u00e9 a melhor prote\u00e7\u00e3o no momento.<\/p>\n<p style=\"text-align: justify;\">Juntos somos mais fortes, juntos venceremos. O Brasil ir\u00e1 vencer o v\u00edrus. O Brasil precisa de todos n\u00f3s.<\/p>\n<p style=\"text-align: justify;\">Participe enviando d\u00favidas, coment\u00e1rios ou sugest\u00f5es para<a href=\"mailto:bcrcconsultoria@gmail.com\">bcrcnews.wixsite.com<\/a> e tamb\u00e9m no facebook, onde podereler este e outros artigos. At\u00e9 a pr\u00f3xima.<\/p>\n<p style=\"text-align: justify;\">*Formado em Direito pela UENP &#8211; Universidade Estadual de Direito do Norte Pioneiro em Jacarezinho e em Administra\u00e7\u00e3o de Empresas nas Faculdades Integradas de Ourinhos. MBA em Comunica\u00e7\u00e3o Corporativa pela Universidade Est\u00e1cio de S\u00e1(em curso) . S\u00f3cio s\u00eanior da BCRC Consultoria em Comunica\u00e7\u00e3o.<\/p>\n<p style=\"text-align: justify;\">** Revis\u00e3o e colabora\u00e7\u00e3o\u00a0 &#8211; Administrador de Empresas pela Universidade Cidade de S\u00e3o Paulo &#8211; UNICID.<\/p>\n","protected":false},"excerpt":{"rendered":"<p>O V\u00cdRUS CONTINUA E OS CUIDADOS DEVEM SER REDOBRADOS&#8230;\u00a0 \u00a0 \u00a0 \u00a0 \u00a0 \u00a0 \u00a0 \u00a0 \u00a0 \u00a0 \u00a0 \u00a0 \u00a0 \u00a0 \u00a0 \u00a0 \u00a0 \u00a0 \u00a0 \u00a0 \u00a0 \u00a0 \u00a0 \u00a0 \u00a0 \u00a0 \u00a0 \u00a0 \u00a0 \u00a0 \u00a0 \u00a0 \u00a0 \u00a0 \u00a0 \u00a0 \u00a0 \u00a0\u00a0 \u00a0*CLAUDIVAL CLEMENTE. **CLAUDIVAL MOURA CLEMENTE Em uma democracia, a [&hellip;]<\/p>\n","protected":false},"author":1,"featured_media":28850,"comment_status":"closed","ping_status":"open","sticky":false,"template":"","format":"standard","meta":{"footnotes":""},"categories":[175],"tags":[],"class_list":["post-28849","post","type-post","status-publish","format-standard","has-post-thumbnail","hentry","category-artigos"],"_links":{"self":[{"href":"https:\/\/jorgezanoni.com.br\/2019\/wp-json\/wp\/v2\/posts\/28849","targetHints":{"allow":["GET"]}}],"collection":[{"href":"https:\/\/jorgezanoni.com.br\/2019\/wp-json\/wp\/v2\/posts"}],"about":[{"href":"https:\/\/jorgezanoni.com.br\/2019\/wp-json\/wp\/v2\/types\/post"}],"author":[{"embeddable":true,"href":"https:\/\/jorgezanoni.com.br\/2019\/wp-json\/wp\/v2\/users\/1"}],"replies":[{"embeddable":true,"href":"https:\/\/jorgezanoni.com.br\/2019\/wp-json\/wp\/v2\/comments?post=28849"}],"version-history":[{"count":0,"href":"https:\/\/jorgezanoni.com.br\/2019\/wp-json\/wp\/v2\/posts\/28849\/revisions"}],"wp:featuredmedia":[{"embeddable":true,"href":"https:\/\/jorgezanoni.com.br\/2019\/wp-json\/wp\/v2\/media\/28850"}],"wp:attachment":[{"href":"https:\/\/jorgezanoni.com.br\/2019\/wp-json\/wp\/v2\/media?parent=28849"}],"wp:term":[{"taxonomy":"category","embeddable":true,"href":"https:\/\/jorgezanoni.com.br\/2019\/wp-json\/wp\/v2\/categories?post=28849"},{"taxonomy":"post_tag","embeddable":true,"href":"https:\/\/jorgezanoni.com.br\/2019\/wp-json\/wp\/v2\/tags?post=28849"}],"curies":[{"name":"wp","href":"https:\/\/api.w.org\/{rel}","templated":true}]}}