{"id":28827,"date":"2020-06-19T01:24:05","date_gmt":"2020-06-19T01:24:05","guid":{"rendered":"https:\/\/jorgezanoni.com.br\/2019\/?p=28827"},"modified":"2020-06-19T01:24:05","modified_gmt":"2020-06-19T01:24:05","slug":"marido-usa-faca-para-cortar-os-cabelos-da-esposa-apos-desconfiar-de-mensagens-de-traicao-no-celular-da-vitima","status":"publish","type":"post","link":"https:\/\/jorgezanoni.com.br\/2019\/marido-usa-faca-para-cortar-os-cabelos-da-esposa-apos-desconfiar-de-mensagens-de-traicao-no-celular-da-vitima\/","title":{"rendered":"Marido usa faca para cortar os cabelos da esposa ap\u00f3s desconfiar de &#8216;mensagens de trai\u00e7\u00e3o&#8217; no celular da v\u00edtima"},"content":{"rendered":"<h2 class=\"content-head__subtitle\" style=\"text-align: justify;\"><strong>Homem alegou que ficou nervoso e confessou que agrediu a companheira, no Residencial Santo Expedito, em Presidente Prudente, na tarde desta quinta-feira (18).<\/strong><\/h2>\n<div class=\"mc-column content-text active-extra-styles \" data-block-type=\"unstyled\" data-block-weight=\"38\" data-block-id=\"2\">\n<p class=\"content-text__container \" style=\"text-align: justify;\" data-track-category=\"Link no Texto\" data-track-links=\"\">Uma mulher foi agredida pelo companheiro na tarde desta quinta-feira (18), no Residencial Santo Expedito, em\u00a0<a href=\"https:\/\/g1.globo.com\/sp\/presidente-prudente-regiao\/cidade\/presidente-prudente\/\">Presidente Prudente (SP)<\/a>. Conforme a Pol\u00edcia Militar, a v\u00edtima teve os cabelos cortados com uma faca e ainda foi amea\u00e7ada de morte.<\/p>\n<\/div>\n<div class=\"wall protected-content\">\n<div class=\"mc-column content-text active-extra-styles \" style=\"text-align: justify;\" data-block-type=\"unstyled\" data-block-weight=\"23\" data-block-id=\"3\">\n<p class=\"content-text__container \" data-track-category=\"Link no Texto\" data-track-links=\"\">Ainda de acordo com a PM, a equipe foi acionada por meio de den\u00fancia an\u00f4nima para atender uma poss\u00edvel ocorr\u00eancia de viol\u00eancia dom\u00e9stica.<\/p>\n<\/div>\n<div class=\"mc-column content-text active-extra-styles \" style=\"text-align: justify;\" data-block-type=\"unstyled\" data-block-weight=\"31\" data-block-id=\"4\">\n<p class=\"content-text__container \" data-track-category=\"Link no Texto\" data-track-links=\"\">No local, os policiais foram recebidos por um homem, que disse ter visto &#8220;mensagens de trai\u00e7\u00e3o no celular&#8221; de sua mulher. Ele relatou que ficou nervoso e agrediu sua companheira.<\/p>\n<\/div>\n<div class=\"mc-column content-text active-extra-styles \" style=\"text-align: justify;\" data-block-type=\"unstyled\" data-block-weight=\"57\" data-block-id=\"5\">\n<p class=\"content-text__container \" data-track-category=\"Link no Texto\" data-track-links=\"\">Em contato com a v\u00edtima, ela afirmou que recebeu mensagens de uma amiga e que foi esse di\u00e1logo que seu companheiro viu. Antes que ela pudesse explicar do que se tratava, o rapaz come\u00e7ou a agredi-la com socos no rosto e pauladas. Ela contou que teve o cabelo cortado com uma faca e foi amea\u00e7ada de morte.<\/p>\n<\/div>\n<div class=\"mc-column content-text active-extra-styles \" style=\"text-align: justify;\" data-block-type=\"unstyled\" data-block-weight=\"18\" data-block-id=\"6\">\n<p class=\"content-text__container \" data-track-category=\"Link no Texto\" data-track-links=\"\">O caso foi registrado na Delegacia Participativa da Pol\u00edcia Civil como les\u00e3o corporal, viol\u00eancia dom\u00e9stica, amea\u00e7a e inj\u00faria.<\/p>\n<\/div>\n<div class=\"row medium-uncollapsed content-media content-photo\" data-block-type=\"backstage-photo\" data-block-id=\"7\">\n<div class=\"mc-column content-media__container\">\n<figure style=\"text-align: justify;\"><img decoding=\"async\" class=\"i-amphtml-fill-content i-amphtml-replaced-content\" src=\"https:\/\/s2.glbimg.com\/xxqPLRW8cojCrIvohDmKxyrRCtM=\/0x0:1074x730\/984x0\/smart\/filters:strip_icc()\/i.s3.glbimg.com\/v1\/AUTH_59edd422c0c84a879bd37670ae4f538a\/internal_photos\/bs\/2020\/N\/e\/BoBHyWSLS2LzPTmGdJDQ\/agressao.jpg\" sizes=\"(max-width: 1242px) 648px, 100vw\" srcset=\"https:\/\/s2.glbimg.com\/xSHaXtI7_smpnWv5sFmKz12nyOs=\/0x0:1074x730\/1000x0\/smart\/filters:strip_icc()\/i.s3.glbimg.com\/v1\/AUTH_59edd422c0c84a879bd37670ae4f538a\/internal_photos\/bs\/2020\/N\/e\/BoBHyWSLS2LzPTmGdJDQ\/agressao.jpg 1000w, https:\/\/s2.glbimg.com\/xxqPLRW8cojCrIvohDmKxyrRCtM=\/0x0:1074x730\/984x0\/smart\/filters:strip_icc()\/i.s3.glbimg.com\/v1\/AUTH_59edd422c0c84a879bd37670ae4f538a\/internal_photos\/bs\/2020\/N\/e\/BoBHyWSLS2LzPTmGdJDQ\/agressao.jpg 984w, https:\/\/s2.glbimg.com\/fH98C8y8PyrEIZrerYXIsy9tXDM=\/0x0:1074x730\/640x0\/smart\/filters:strip_icc()\/i.s3.glbimg.com\/v1\/AUTH_59edd422c0c84a879bd37670ae4f538a\/internal_photos\/bs\/2020\/N\/e\/BoBHyWSLS2LzPTmGdJDQ\/agressao.jpg 640w, https:\/\/s2.glbimg.com\/01ltDXR9IRmvoD0vg8f2X4c6ugo=\/0x0:1074x730\/600x0\/smart\/filters:strip_icc()\/i.s3.glbimg.com\/v1\/AUTH_59edd422c0c84a879bd37670ae4f538a\/internal_photos\/bs\/2020\/N\/e\/BoBHyWSLS2LzPTmGdJDQ\/agressao.jpg 600w\" alt=\"Mulher disse que foi agredida pelo companheiro com socos e pauladas \u2014 Foto: Pol\u00edcia Militar\" \/><\/figure>\n<p class=\"content-media__description \" style=\"text-align: justify;\">Mulher disse que foi agredida pelo companheiro com socos e pauladas \u2014 Foto: Pol\u00edcia Militar<\/p>\n<div class=\"mc-column content-text active-extra-styles\" style=\"text-align: justify;\" data-block-type=\"raw\" data-block-weight=\"3\" data-block-id=\"9\">\n<div class=\"content-intertitle\">\n<h2>Boletim de Ocorr\u00eancia<\/h2>\n<\/div>\n<\/div>\n<div class=\"mc-column content-text active-extra-styles \" style=\"text-align: justify;\" data-block-type=\"unstyled\" data-block-weight=\"53\" data-block-id=\"10\">\n<p class=\"content-text__container \" data-track-category=\"Link no Texto\" data-track-links=\"\">Segundo as informa\u00e7\u00f5es contidas no Boletim de Ocorr\u00eancia registrado na Pol\u00edcia Civil, quando a PM chegou ao local, o suspeito informou que teve uma discuss\u00e3o com sua esposa, mas que j\u00e1 haviam resolvido as pend\u00eancias. Em princ\u00edpio, o homem alegou que sua esposa estava sem roupas, por isso n\u00e3o poderia atender aos militares.<\/p>\n<\/div>\n<div class=\"mc-column content-text active-extra-styles \" style=\"text-align: justify;\" data-block-type=\"unstyled\" data-block-weight=\"50\" data-block-id=\"11\">\n<p class=\"content-text__container \" data-track-category=\"Link no Texto\" data-track-links=\"\">Os policiais insistiram em falar com a v\u00edtima e quando a mesma saiu da resid\u00eancia, foram constatadas les\u00f5es em seu rosto, bra\u00e7o e abd\u00f4men. Inicialmente, a mulher n\u00e3o informou os motivos das agress\u00f5es e somente dizia que discutiram e que seu esposo a agrediu com um celular, socos e tapas.<\/p>\n<\/div>\n<div class=\"mc-column content-text active-extra-styles \" style=\"text-align: justify;\" data-block-type=\"unstyled\" data-block-weight=\"27\" data-block-id=\"12\">\n<p class=\"content-text__container \" data-track-category=\"Link no Texto\" data-track-links=\"\">Somente na delegacia a mulher informou que o desentendimento foi por causa de uma mensagem e que foi agredida com socos, tapas, e um peda\u00e7o de pau.<\/p>\n<\/div>\n<div class=\"mc-column content-text active-extra-styles \" style=\"text-align: justify;\" data-block-type=\"unstyled\" data-block-weight=\"45\" data-block-id=\"13\">\n<p class=\"content-text__container \" data-track-category=\"Link no Texto\" data-track-links=\"\">O suspeito tamb\u00e9m apresentou les\u00f5es nas m\u00e3os, antebra\u00e7o, pesco\u00e7o e rosto. Ele informou que se feriu durante a briga e disse que pegou algumas mensagens no celular de sua esposa sobre trai\u00e7\u00f5es, por isso perdeu a cabe\u00e7a e a agrediu, de acordo com o boletim.<\/p>\n<\/div>\n<div class=\"mc-column content-text active-extra-styles \" style=\"text-align: justify;\" data-block-type=\"unstyled\" data-block-weight=\"6\" data-block-id=\"14\">\n<p class=\"content-text__container \" data-track-category=\"Link no Texto\" data-track-links=\"\">O homem foi preso em flagrante.<\/p>\n<\/div>\n<div class=\"mc-column content-text active-extra-styles \" style=\"text-align: justify;\" data-block-type=\"unstyled\" data-block-weight=\"11\" data-block-id=\"15\">\n<p class=\"content-text__container \" data-track-category=\"Link no Texto\" data-track-links=\"\">A Pol\u00edcia Civil solicitou \u00e0 Justi\u00e7a a pris\u00e3o preventiva do suspeito.<\/p>\n<\/div>\n<div class=\"row medium-uncollapsed content-media content-photo\" data-block-type=\"backstage-photo\" data-block-id=\"16\">\n<div class=\"mc-column content-media__container\">\n<figure style=\"text-align: justify;\"><img decoding=\"async\" class=\"i-amphtml-fill-content i-amphtml-replaced-content\" src=\"https:\/\/s2.glbimg.com\/ONYOtfNiOkNkuHocggW5DfrpEZ8=\/0x0:1074x730\/984x0\/smart\/filters:strip_icc()\/i.s3.glbimg.com\/v1\/AUTH_59edd422c0c84a879bd37670ae4f538a\/internal_photos\/bs\/2020\/4\/R\/79h7gAQUaKYdLJuajI9g\/agressao-2.jpg\" sizes=\"(max-width: 1242px) 648px, 100vw\" srcset=\"https:\/\/s2.glbimg.com\/mlFYP7F0qs5THNmL-C6GMU1FxV4=\/0x0:1074x730\/1000x0\/smart\/filters:strip_icc()\/i.s3.glbimg.com\/v1\/AUTH_59edd422c0c84a879bd37670ae4f538a\/internal_photos\/bs\/2020\/4\/R\/79h7gAQUaKYdLJuajI9g\/agressao-2.jpg 1000w, https:\/\/s2.glbimg.com\/ONYOtfNiOkNkuHocggW5DfrpEZ8=\/0x0:1074x730\/984x0\/smart\/filters:strip_icc()\/i.s3.glbimg.com\/v1\/AUTH_59edd422c0c84a879bd37670ae4f538a\/internal_photos\/bs\/2020\/4\/R\/79h7gAQUaKYdLJuajI9g\/agressao-2.jpg 984w, https:\/\/s2.glbimg.com\/iomdl8yUibP2cIUXwxiqpBh9l7s=\/0x0:1074x730\/640x0\/smart\/filters:strip_icc()\/i.s3.glbimg.com\/v1\/AUTH_59edd422c0c84a879bd37670ae4f538a\/internal_photos\/bs\/2020\/4\/R\/79h7gAQUaKYdLJuajI9g\/agressao-2.jpg 640w, https:\/\/s2.glbimg.com\/3UG5YqnVA5uhUJ_x8Fb8In_nIpk=\/0x0:1074x730\/600x0\/smart\/filters:strip_icc()\/i.s3.glbimg.com\/v1\/AUTH_59edd422c0c84a879bd37670ae4f538a\/internal_photos\/bs\/2020\/4\/R\/79h7gAQUaKYdLJuajI9g\/agressao-2.jpg 600w\" alt=\"Mulher disse que foi agredida pelo companheiro com socos e pauladas \u2014 Foto: Pol\u00edcia Militar\" \/>Mulher disse que foi agredida pelo companheiro com socos e pauladas \u2014 Foto: Pol\u00edcia Militar<\/figure>\n<p>Fonte: G1<\/p>\n<\/div>\n<\/div>\n<\/div>\n<\/div>\n<\/div>\n","protected":false},"excerpt":{"rendered":"<p>Homem alegou que ficou nervoso e confessou que agrediu a companheira, no Residencial Santo Expedito, em Presidente Prudente, na tarde desta quinta-feira (18). Uma mulher foi agredida pelo companheiro na tarde desta quinta-feira (18), no Residencial Santo Expedito, em\u00a0Presidente Prudente (SP). Conforme a Pol\u00edcia Militar, a v\u00edtima teve os cabelos cortados com uma faca e [&hellip;]<\/p>\n","protected":false},"author":1,"featured_media":28828,"comment_status":"closed","ping_status":"open","sticky":false,"template":"","format":"standard","meta":{"footnotes":""},"categories":[110,2],"tags":[],"class_list":["post-28827","post","type-post","status-publish","format-standard","has-post-thumbnail","hentry","category-noticiasdestaque","category-policial"],"_links":{"self":[{"href":"https:\/\/jorgezanoni.com.br\/2019\/wp-json\/wp\/v2\/posts\/28827","targetHints":{"allow":["GET"]}}],"collection":[{"href":"https:\/\/jorgezanoni.com.br\/2019\/wp-json\/wp\/v2\/posts"}],"about":[{"href":"https:\/\/jorgezanoni.com.br\/2019\/wp-json\/wp\/v2\/types\/post"}],"author":[{"embeddable":true,"href":"https:\/\/jorgezanoni.com.br\/2019\/wp-json\/wp\/v2\/users\/1"}],"replies":[{"embeddable":true,"href":"https:\/\/jorgezanoni.com.br\/2019\/wp-json\/wp\/v2\/comments?post=28827"}],"version-history":[{"count":0,"href":"https:\/\/jorgezanoni.com.br\/2019\/wp-json\/wp\/v2\/posts\/28827\/revisions"}],"wp:featuredmedia":[{"embeddable":true,"href":"https:\/\/jorgezanoni.com.br\/2019\/wp-json\/wp\/v2\/media\/28828"}],"wp:attachment":[{"href":"https:\/\/jorgezanoni.com.br\/2019\/wp-json\/wp\/v2\/media?parent=28827"}],"wp:term":[{"taxonomy":"category","embeddable":true,"href":"https:\/\/jorgezanoni.com.br\/2019\/wp-json\/wp\/v2\/categories?post=28827"},{"taxonomy":"post_tag","embeddable":true,"href":"https:\/\/jorgezanoni.com.br\/2019\/wp-json\/wp\/v2\/tags?post=28827"}],"curies":[{"name":"wp","href":"https:\/\/api.w.org\/{rel}","templated":true}]}}