{"id":28821,"date":"2020-06-19T00:09:12","date_gmt":"2020-06-19T00:09:12","guid":{"rendered":"https:\/\/jorgezanoni.com.br\/2019\/?p=28821"},"modified":"2020-06-19T00:09:33","modified_gmt":"2020-06-19T00:09:33","slug":"populacao-de-irapuru-faz-abaixo-assinado-contra-aumento-de-salarios-do-prefeito-vice-secretarios-e-vereadores","status":"publish","type":"post","link":"https:\/\/jorgezanoni.com.br\/2019\/populacao-de-irapuru-faz-abaixo-assinado-contra-aumento-de-salarios-do-prefeito-vice-secretarios-e-vereadores\/","title":{"rendered":"Popula\u00e7\u00e3o de Irapuru faz abaixo assinado contra aumento de sal\u00e1rios do prefeito, vice, secret\u00e1rios e vereadores"},"content":{"rendered":"<p style=\"text-align: justify;\">A vota\u00e7\u00e3o de um projeto que visa o aumento do sal\u00e1rio do prefeito, vice-prefeito, secret\u00e1rios, vereadores e presidente da C\u00e2mara de Irapuru est\u00e1 sendo alvo de v\u00e1rios questionamentos, cr\u00edticas e indigna\u00e7\u00e3o por pessoas de diversos segmentos da cidade. Nossa reportagem recebeu durante a semana v\u00e1rias reclama\u00e7\u00f5es da popula\u00e7\u00e3o irapuruense sobre o assunto.<\/p>\n<p style=\"text-align: justify;\">Tal fato resultou ainda na realiza\u00e7\u00e3o de um abaixo assinado que coleta assinaturas e que est\u00e1 sendo feito por populares com o intuito de sensibilizar o presidente da C\u00e2mara, Almir Costa e demais vereadores para que votem contra o projeto que passar\u00e1 \u00e0 vigorar \u00e0 partir de 1\u00ba de janeiro de 2021 com um gasto significativo para os cofres p\u00fablicos de Irapuru.<\/p>\n<p style=\"text-align: justify;\">Segundo o projeto que ser\u00e1 votado na noite desta quinta-feira (18), o sal\u00e1rio do prefeito passaria de R$ 14.751,21 para R$ 17.000,00, (um aumento de 15,25%), do vice-prefeito de R$ 3.929,72 para R$ 4.200,00; o sal\u00e1rio dos secret\u00e1rios municipais acompanharia o mesmo aumento dos vereadores e o do presidente da C\u00e2mara passaria de R$ 3.929,72 tamb\u00e9m para R$ 4.200,00.<\/p>\n<p style=\"text-align: justify;\">Vale ressaltar que em 10 de mar\u00e7o deste ano, os sal\u00e1rios j\u00e1 haviam sido reajustados com base na infla\u00e7\u00e3o e ainda que foi sugerido atrav\u00e9s de requerimento apresentado pelo vereador Derval Lyrio, que os vencimentos dos vereadores da pr\u00f3xima legislatura (2021 | 2024) fosse fixado em um sal\u00e1rio m\u00ednimo, o que foi rejeitado.<\/p>\n<p style=\"text-align: justify;\">Nossa reportagem entrou em contato com o vereador Derval Lyrio que se manifestou contr\u00e1rio sobre o referido projeto, que foi apresentado com o apoio dos demais edis.<\/p>\n<p style=\"text-align: justify;\">\u201cComo Presidente da Comi<\/p>\n<p style=\"text-align: justify;\">ss\u00e3o de Finan\u00e7as apresentei no come\u00e7o do ano indica\u00e7\u00e3o 357\/2020 ao presidente da C\u00e2mara para que os valores fossem revistos, pois o momento do Brasil bem como de nosso munic\u00edpios n\u00e3o era dos melhores, e que se aplicassem o que j\u00e1 se aplica em muitos munic\u00edpios brasileiros onde o vereador tenha como subsidio um sal\u00e1rio m\u00ednimo, o valor da economia girariam em torno de 100.000,00 ao ano, que retornaria aos cofres da prefeitura, podendo ser transformados em cestas b\u00e1sicas aos funcion\u00e1rios, rem\u00e9dios a popula\u00e7\u00e3o entre outras benfeitorias. Durante reuni\u00e3o da Comiss\u00e3o de Finan\u00e7as na C\u00e2mara Municipal de Irapuru, dia 1\u00ba de junho de 2020, expus aos outros dois membros que era a chance de resgatar a confian\u00e7a nos pol\u00edticos municipais que nesse momento da pandemia seria a parcela que poderia ser oferecida a popula\u00e7\u00e3o de modo proporcional a todos ocupantes da cadeira do cargo eletivo, por\u00e9m, fui o \u00fanico \u00e0 favor deste modelo\u201d, destacou Derval.<\/p>\n<p style=\"text-align: justify;\">\u201cAntecipo, meu voto ser\u00e1 contra a este modelo de reajuste. Em um momento em que nossa cidade igual se iguala \u00e0s demais do Pa\u00eds e do Mundo em um momento muito dif\u00edcil que tem deixado muitas fam\u00edlias passando necessidades, um aumento deste tipo para a pr\u00f3xima legislatura seria no m\u00ednimo brincar com a cara da popula\u00e7\u00e3o\u201d, desabafou o vereador Derval Lyrio.<\/p>\n<p style=\"text-align: justify;\"><strong>ABAIXO ASSINADO<br \/>\n<\/strong><br \/>\nInteressados em assinar o documento p\u00fablico, podem se dirigir at\u00e9 a Chamu Moto Pe\u00e7as munidos do t\u00edtulo de eleitor.<\/p>\n<p style=\"text-align: justify;\">A expectativa segundo Rog\u00e9rio Chamu, um dos idealizadores do abaixo assinado, \u00e9 de que cerca de 300 assinaturas sejam coletadas e que o documento seja apresentado antes da sess\u00e3o ao presidente da Casa de Leis.<\/p>\n<p style=\"text-align: justify;\">A reportagem do jornal e site Folha Regional segue acompanhando o desfecho da pol\u00eamica vota\u00e7\u00e3o.<\/p>\n<p style=\"text-align: justify;\">Fonte: Folha Regional<\/p>\n","protected":false},"excerpt":{"rendered":"<p>A vota\u00e7\u00e3o de um projeto que visa o aumento do sal\u00e1rio do prefeito, vice-prefeito, secret\u00e1rios, vereadores e presidente da C\u00e2mara de Irapuru est\u00e1 sendo alvo de v\u00e1rios questionamentos, cr\u00edticas e indigna\u00e7\u00e3o por pessoas de diversos segmentos da cidade. Nossa reportagem recebeu durante a semana v\u00e1rias reclama\u00e7\u00f5es da popula\u00e7\u00e3o irapuruense sobre o assunto. Tal fato resultou [&hellip;]<\/p>\n","protected":false},"author":1,"featured_media":28822,"comment_status":"closed","ping_status":"open","sticky":false,"template":"","format":"standard","meta":{"footnotes":""},"categories":[179,192,110],"tags":[],"class_list":["post-28821","post","type-post","status-publish","format-standard","has-post-thumbnail","hentry","category-cidadeseregiao","category-irapuru","category-noticiasdestaque"],"_links":{"self":[{"href":"https:\/\/jorgezanoni.com.br\/2019\/wp-json\/wp\/v2\/posts\/28821","targetHints":{"allow":["GET"]}}],"collection":[{"href":"https:\/\/jorgezanoni.com.br\/2019\/wp-json\/wp\/v2\/posts"}],"about":[{"href":"https:\/\/jorgezanoni.com.br\/2019\/wp-json\/wp\/v2\/types\/post"}],"author":[{"embeddable":true,"href":"https:\/\/jorgezanoni.com.br\/2019\/wp-json\/wp\/v2\/users\/1"}],"replies":[{"embeddable":true,"href":"https:\/\/jorgezanoni.com.br\/2019\/wp-json\/wp\/v2\/comments?post=28821"}],"version-history":[{"count":0,"href":"https:\/\/jorgezanoni.com.br\/2019\/wp-json\/wp\/v2\/posts\/28821\/revisions"}],"wp:featuredmedia":[{"embeddable":true,"href":"https:\/\/jorgezanoni.com.br\/2019\/wp-json\/wp\/v2\/media\/28822"}],"wp:attachment":[{"href":"https:\/\/jorgezanoni.com.br\/2019\/wp-json\/wp\/v2\/media?parent=28821"}],"wp:term":[{"taxonomy":"category","embeddable":true,"href":"https:\/\/jorgezanoni.com.br\/2019\/wp-json\/wp\/v2\/categories?post=28821"},{"taxonomy":"post_tag","embeddable":true,"href":"https:\/\/jorgezanoni.com.br\/2019\/wp-json\/wp\/v2\/tags?post=28821"}],"curies":[{"name":"wp","href":"https:\/\/api.w.org\/{rel}","templated":true}]}}