{"id":28793,"date":"2020-06-18T17:10:15","date_gmt":"2020-06-18T17:10:15","guid":{"rendered":"https:\/\/jorgezanoni.com.br\/2019\/?p=28793"},"modified":"2020-06-18T17:10:15","modified_gmt":"2020-06-18T17:10:15","slug":"deputado-mauro-bragato-informa-que-governo-do-estado-de-sao-paulo-enviou-dez-respiradores-para-dracena-e-rancharia","status":"publish","type":"post","link":"https:\/\/jorgezanoni.com.br\/2019\/deputado-mauro-bragato-informa-que-governo-do-estado-de-sao-paulo-enviou-dez-respiradores-para-dracena-e-rancharia\/","title":{"rendered":"Deputado Mauro Bragato informa que Governo do Estado de S\u00e3o Paulo enviou dez respiradores para Dracena e Rancharia"},"content":{"rendered":"<p style=\"text-align: justify;\">O deputado Mauro Bragato informa que o Governo de S\u00e3o Paulo enviou, nesta quarta-feira, 17\/06, cinco respiradores para a Santa Casa de Miseric\u00f3rdia de Dracena e cinco para Rancharia . Os novos equipamentos permitem a amplia\u00e7\u00e3o de UTIs (Unidades de Terapia Intensiva) para garantir atendimento a pacientes contaminados pelo coronav\u00edrus que est\u00e3o em estado grave.<\/p>\n<p style=\"text-align: justify;\">Bragato ainda busca junto ao Governo do Estado de S\u00e3o Paulo, a destina\u00e7\u00e3o dos respiradores para a Santa Casa de Adamantina e para o HR de Presidente Prudente. O parlamentar refor\u00e7ou o pedido ao vice-governador do Estado, Rodrigo Garcia, ao secret\u00e1rio estadual da Sa\u00fade, Jos\u00e9 Henrique Germann Ferreira, e ao secret\u00e1rio estadual de Desenvolvimento Regional, Marco Vinholi.<\/p>\n<p style=\"text-align: justify;\">Bragato explica que esses hospitais s\u00e3o refer\u00eancia em atendimento de alta complexidade da regi\u00e3o. \u201cEssas institui\u00e7\u00f5es atendem n\u00e3o s\u00f3 os moradores de seus respectivos munic\u00edpios, como muitos pacientes que v\u00eam de outras cidades buscando atendimento m\u00e9dico. E esses aparelhos s\u00e3o fundamentais para que possamos ampliar os leitos de UTI e cuidar dos casos mais graves\u201d, justificou.<\/p>\n<p style=\"text-align: justify;\">Fonte: Assessoria de Imprensa<\/p>\n","protected":false},"excerpt":{"rendered":"<p>O deputado Mauro Bragato informa que o Governo de S\u00e3o Paulo enviou, nesta quarta-feira, 17\/06, cinco respiradores para a Santa Casa de Miseric\u00f3rdia de Dracena e cinco para Rancharia . Os novos equipamentos permitem a amplia\u00e7\u00e3o de UTIs (Unidades de Terapia Intensiva) para garantir atendimento a pacientes contaminados pelo coronav\u00edrus que est\u00e3o em estado grave. [&hellip;]<\/p>\n","protected":false},"author":1,"featured_media":28794,"comment_status":"closed","ping_status":"open","sticky":false,"template":"","format":"standard","meta":{"footnotes":""},"categories":[116],"tags":[],"class_list":["post-28793","post","type-post","status-publish","format-standard","has-post-thumbnail","hentry","category-politicaeeconomia"],"_links":{"self":[{"href":"https:\/\/jorgezanoni.com.br\/2019\/wp-json\/wp\/v2\/posts\/28793","targetHints":{"allow":["GET"]}}],"collection":[{"href":"https:\/\/jorgezanoni.com.br\/2019\/wp-json\/wp\/v2\/posts"}],"about":[{"href":"https:\/\/jorgezanoni.com.br\/2019\/wp-json\/wp\/v2\/types\/post"}],"author":[{"embeddable":true,"href":"https:\/\/jorgezanoni.com.br\/2019\/wp-json\/wp\/v2\/users\/1"}],"replies":[{"embeddable":true,"href":"https:\/\/jorgezanoni.com.br\/2019\/wp-json\/wp\/v2\/comments?post=28793"}],"version-history":[{"count":0,"href":"https:\/\/jorgezanoni.com.br\/2019\/wp-json\/wp\/v2\/posts\/28793\/revisions"}],"wp:featuredmedia":[{"embeddable":true,"href":"https:\/\/jorgezanoni.com.br\/2019\/wp-json\/wp\/v2\/media\/28794"}],"wp:attachment":[{"href":"https:\/\/jorgezanoni.com.br\/2019\/wp-json\/wp\/v2\/media?parent=28793"}],"wp:term":[{"taxonomy":"category","embeddable":true,"href":"https:\/\/jorgezanoni.com.br\/2019\/wp-json\/wp\/v2\/categories?post=28793"},{"taxonomy":"post_tag","embeddable":true,"href":"https:\/\/jorgezanoni.com.br\/2019\/wp-json\/wp\/v2\/tags?post=28793"}],"curies":[{"name":"wp","href":"https:\/\/api.w.org\/{rel}","templated":true}]}}