{"id":28764,"date":"2020-06-18T14:20:17","date_gmt":"2020-06-18T14:20:17","guid":{"rendered":"https:\/\/jorgezanoni.com.br\/2019\/?p=28764"},"modified":"2020-06-18T14:21:21","modified_gmt":"2020-06-18T14:21:21","slug":"policia-civil-esclarece-incendio-em-tambor-de-lixo-e-dano-ocorrido-em-cameras-de-monitoramento-pertencentes-a-um-supermercado-em-dracena","status":"publish","type":"post","link":"https:\/\/jorgezanoni.com.br\/2019\/policia-civil-esclarece-incendio-em-tambor-de-lixo-e-dano-ocorrido-em-cameras-de-monitoramento-pertencentes-a-um-supermercado-em-dracena\/","title":{"rendered":"Pol\u00edcia Civil esclarece inc\u00eandio em tambor de lixo e dano ocorrido em c\u00e2meras de monitoramento pertencentes a um supermercado em Dracena"},"content":{"rendered":"<p style=\"text-align: justify;\"><strong>O suspeito um homem, de 39 anos, alegou que estava &#8220;b\u00eabedo e drogado&#8221; e que ainda teria discutido com uma ex-namorada.<\/strong><\/p>\n<p style=\"text-align: justify;\">A Pol\u00edcia Civil, por interm\u00e9dio de agentes das Unidades Especializadas (Delegacia de Investiga\u00e7\u00f5es Gerais &#8211; DIG e Delegacia de Investiga\u00e7\u00e3o Sobre Entorpecentes &#8211; DISE), esclareceu nesta quarta-feira (17), a autoria de um inc\u00eandio criminoso que queimou um tambor de lixo pertencente a um supermercado em Dracena, no \u00faltimo dia 8. O estabelecimento comercial tamb\u00e9m teve uma c\u00e2mera de monitoramento de seguran\u00e7a danificada.<br \/>\nAgentes do setor de investiga\u00e7\u00e3o, da Unidades Especializadas, iniciaram trabalho investigativo que resultou na identifica\u00e7\u00e3o do suposto autor do fato, sendo um homem de 39anos, que j\u00e1 possui diversas passagens criminais.<br \/>\nO homem prestou depoimento e, confessou ter sido ele quem ateu fogo em um lat\u00e3o de lixo que estava num estacionamento do supermercado, e que tamb\u00e9m danificou a c\u00e2mera de monitoramento de seguran\u00e7a para evitar que fosse filmado. Alegou ainda que agiu assim pois estaria b\u00eabado e drogado e que havia discutido com uma ex-namorada nas imedia\u00e7\u00f5es do estabelecimento comercial.<br \/>\nAp\u00f3s ser ouvido o homem foi liberado, as investiga\u00e7\u00f5es prosseguiram para materializa\u00e7\u00e3o do indiciamento do autor e, a finaliza\u00e7\u00e3o do inqu\u00e9rito policial para posterior encaminhamento a Justi\u00e7a.<br \/>\nAinda sobre o indiv\u00edduo recaia a suspeita de ser autor de outros casos de inc\u00eandio ocorridos na cidade, por\u00e9m ele negou.<\/p>\n<p>Fonte: Com. Social Pol\u00edcia Civil<\/p>\n","protected":false},"excerpt":{"rendered":"<p>O suspeito um homem, de 39 anos, alegou que estava &#8220;b\u00eabedo e drogado&#8221; e que ainda teria discutido com uma ex-namorada. A Pol\u00edcia Civil, por interm\u00e9dio de agentes das Unidades Especializadas (Delegacia de Investiga\u00e7\u00f5es Gerais &#8211; DIG e Delegacia de Investiga\u00e7\u00e3o Sobre Entorpecentes &#8211; DISE), esclareceu nesta quarta-feira (17), a autoria de um inc\u00eandio criminoso [&hellip;]<\/p>\n","protected":false},"author":1,"featured_media":28765,"comment_status":"closed","ping_status":"open","sticky":false,"template":"","format":"standard","meta":{"footnotes":""},"categories":[110,2],"tags":[],"class_list":["post-28764","post","type-post","status-publish","format-standard","has-post-thumbnail","hentry","category-noticiasdestaque","category-policial"],"_links":{"self":[{"href":"https:\/\/jorgezanoni.com.br\/2019\/wp-json\/wp\/v2\/posts\/28764","targetHints":{"allow":["GET"]}}],"collection":[{"href":"https:\/\/jorgezanoni.com.br\/2019\/wp-json\/wp\/v2\/posts"}],"about":[{"href":"https:\/\/jorgezanoni.com.br\/2019\/wp-json\/wp\/v2\/types\/post"}],"author":[{"embeddable":true,"href":"https:\/\/jorgezanoni.com.br\/2019\/wp-json\/wp\/v2\/users\/1"}],"replies":[{"embeddable":true,"href":"https:\/\/jorgezanoni.com.br\/2019\/wp-json\/wp\/v2\/comments?post=28764"}],"version-history":[{"count":0,"href":"https:\/\/jorgezanoni.com.br\/2019\/wp-json\/wp\/v2\/posts\/28764\/revisions"}],"wp:featuredmedia":[{"embeddable":true,"href":"https:\/\/jorgezanoni.com.br\/2019\/wp-json\/wp\/v2\/media\/28765"}],"wp:attachment":[{"href":"https:\/\/jorgezanoni.com.br\/2019\/wp-json\/wp\/v2\/media?parent=28764"}],"wp:term":[{"taxonomy":"category","embeddable":true,"href":"https:\/\/jorgezanoni.com.br\/2019\/wp-json\/wp\/v2\/categories?post=28764"},{"taxonomy":"post_tag","embeddable":true,"href":"https:\/\/jorgezanoni.com.br\/2019\/wp-json\/wp\/v2\/tags?post=28764"}],"curies":[{"name":"wp","href":"https:\/\/api.w.org\/{rel}","templated":true}]}}