{"id":28729,"date":"2020-06-18T01:51:24","date_gmt":"2020-06-18T01:51:24","guid":{"rendered":"https:\/\/jorgezanoni.com.br\/2019\/?p=28729"},"modified":"2020-06-18T01:51:24","modified_gmt":"2020-06-18T01:51:24","slug":"unifadra-fundec-abre-inscricoes-para-receber-transferencias-externas-para-o-curso-de-medicina-4","status":"publish","type":"post","link":"https:\/\/jorgezanoni.com.br\/2019\/unifadra-fundec-abre-inscricoes-para-receber-transferencias-externas-para-o-curso-de-medicina-4\/","title":{"rendered":"Unifadra\/Fundec abre inscri\u00e7\u00f5es para receber transfer\u00eancias externas para o curso de Medicina"},"content":{"rendered":"<p dir=\"ltr\" style=\"text-align: justify;\">A Faculdade Unifadra\/Fundec est\u00e1 com as inscri\u00e7\u00f5es abertas para receber transfer\u00eancias externas para o 2\u00ba, 4\u00ba, 6\u00ba e 8\u00ba semestres do curso de Medicina. As inscri\u00e7\u00f5es para esse processo seletivo poder\u00e3o ser feitas at\u00e9 o dia 15 de julho, pelo site <a href=\"http:\/\/www.fundec.edu.br\/\" target=\"_blank\" rel=\"noopener noreferrer\">www.fundec.edu.br<\/a>.<\/p>\n<p dir=\"ltr\" style=\"text-align: justify;\">Poder\u00e3o inscrever-se no processo seletivo de transfer\u00eancia alunos regularmente matriculados em cursos de gradua\u00e7\u00e3o em Medicina de institui\u00e7\u00f5es de ensino superior brasileiras reconhecidas pelo MEC ou pelos Conselhos Estaduais de Educa\u00e7\u00e3o. Os candidatos ter\u00e3o que, al\u00e9m de efetuar a inscri\u00e7\u00e3o pelo site, enviar por e-mail para a Unifadra a rela\u00e7\u00e3o de documentos pedida no edital. As provas escritas ser\u00e3o realizadas nos dias 23 e 24 de julho, na Fundec.<\/p>\n<p dir=\"ltr\" style=\"text-align: justify;\">O resultado final ser\u00e1 divulgado no dia 25\/07. As matr\u00edculas para os aprovados no processo seletivo de transfer\u00eancia dever\u00e3o ser feitas de 27\/07 a 03\/08.<\/p>\n<p dir=\"ltr\" style=\"text-align: justify;\">O diretor acad\u00eamico da Unifadra destacou que a Fundec tem tradi\u00e7\u00e3o na \u00e1rea educacional e oferece aos seus alunos uma infraestrutura de alta qualidade, com tecnologias inovadoras no ensino-aprendizagem.<\/p>\n<p style=\"text-align: justify;\"><span id=\"gmail-docs-internal-guid-d118217c-7fff-7a24-8f4c-ae1bccfcb1de\">Edital e informa\u00e7\u00f5es no site: <a href=\"http:\/\/www.fundec.edu.br\/unifadra\" target=\"_blank\" rel=\"noopener noreferrer\">www.fundec.edu.br\/unifadra<\/a> .<\/span><\/p>\n<p style=\"text-align: justify;\">Carolina Colnago<\/p>\n<div class=\"gmail_signature\" dir=\"ltr\">\n<div dir=\"ltr\" style=\"text-align: justify;\">Assistente de Comunica\u00e7\u00e3o<br \/>\nFunda\u00e7\u00e3o Dracenense de Educa\u00e7\u00e3o e Cultura<\/div>\n<\/div>\n","protected":false},"excerpt":{"rendered":"<p>A Faculdade Unifadra\/Fundec est\u00e1 com as inscri\u00e7\u00f5es abertas para receber transfer\u00eancias externas para o 2\u00ba, 4\u00ba, 6\u00ba e 8\u00ba semestres do curso de Medicina. As inscri\u00e7\u00f5es para esse processo seletivo poder\u00e3o ser feitas at\u00e9 o dia 15 de julho, pelo site www.fundec.edu.br. Poder\u00e3o inscrever-se no processo seletivo de transfer\u00eancia alunos regularmente matriculados em cursos de [&hellip;]<\/p>\n","protected":false},"author":1,"featured_media":28730,"comment_status":"closed","ping_status":"open","sticky":false,"template":"","format":"standard","meta":{"footnotes":""},"categories":[122],"tags":[],"class_list":["post-28729","post","type-post","status-publish","format-standard","has-post-thumbnail","hentry","category-saudeeducacaoeconcurso"],"_links":{"self":[{"href":"https:\/\/jorgezanoni.com.br\/2019\/wp-json\/wp\/v2\/posts\/28729","targetHints":{"allow":["GET"]}}],"collection":[{"href":"https:\/\/jorgezanoni.com.br\/2019\/wp-json\/wp\/v2\/posts"}],"about":[{"href":"https:\/\/jorgezanoni.com.br\/2019\/wp-json\/wp\/v2\/types\/post"}],"author":[{"embeddable":true,"href":"https:\/\/jorgezanoni.com.br\/2019\/wp-json\/wp\/v2\/users\/1"}],"replies":[{"embeddable":true,"href":"https:\/\/jorgezanoni.com.br\/2019\/wp-json\/wp\/v2\/comments?post=28729"}],"version-history":[{"count":0,"href":"https:\/\/jorgezanoni.com.br\/2019\/wp-json\/wp\/v2\/posts\/28729\/revisions"}],"wp:featuredmedia":[{"embeddable":true,"href":"https:\/\/jorgezanoni.com.br\/2019\/wp-json\/wp\/v2\/media\/28730"}],"wp:attachment":[{"href":"https:\/\/jorgezanoni.com.br\/2019\/wp-json\/wp\/v2\/media?parent=28729"}],"wp:term":[{"taxonomy":"category","embeddable":true,"href":"https:\/\/jorgezanoni.com.br\/2019\/wp-json\/wp\/v2\/categories?post=28729"},{"taxonomy":"post_tag","embeddable":true,"href":"https:\/\/jorgezanoni.com.br\/2019\/wp-json\/wp\/v2\/tags?post=28729"}],"curies":[{"name":"wp","href":"https:\/\/api.w.org\/{rel}","templated":true}]}}