{"id":28723,"date":"2020-06-18T00:52:43","date_gmt":"2020-06-18T00:52:43","guid":{"rendered":"https:\/\/jorgezanoni.com.br\/2019\/?p=28723"},"modified":"2020-06-18T00:52:43","modified_gmt":"2020-06-18T00:52:43","slug":"pandemia-fim-do-mundo-e-mentes-bovinas","status":"publish","type":"post","link":"https:\/\/jorgezanoni.com.br\/2019\/pandemia-fim-do-mundo-e-mentes-bovinas\/","title":{"rendered":"Pandemia, fim do mundo e mentes bovinas&#8230;"},"content":{"rendered":"<p style=\"text-align: justify;\"><strong>PANDEMIA, FIM DO MUNDO E MENTES BOVINAS&#8230;<\/strong><\/p>\n<p style=\"text-align: justify;\"><em>As minhas indiretas s\u00e3o diretas, n\u00e3o dou nomes aos bois por \u00e9tica. Sempre atinge o alvo desejado, e o indesej\u00e1vel tamb\u00e9m. N\u00e3o tenho culpa se o &#8220;alvo indesej\u00e1vel&#8221; se sentiu com &#8220;culpa no cart\u00f3rio&#8221; e se tornou &#8220;R\u00e9u confesso&#8221;. (<\/em><a href=\"https:\/\/www.pensador.com\/autor\/mauricio_ferreira\/\"><em>Mauricio Ferreira<\/em><\/a><em>)<\/em><\/p>\n<p style=\"text-align: justify;\"><strong><em>S\u00e9rgio Barbosa (*)<\/em><\/strong><\/p>\n<p style=\"text-align: justify;\">Ouvi dizer outro dia que o mundo est\u00e1 com os dias contados por causa desta tal PANDEMIA, assim, espero que estes \u00faltimos dias, talvez, anos ou s\u00e9culos possa aparecer para muitos desencontros com um NOVO MUNDO NOVO&#8230;<\/p>\n<p style=\"text-align: justify;\">Tais indaga\u00e7\u00f5es ocorrem por causa disto ou daquilo, ainda mais em tempo de BOATOS &amp; BOATOS sobre tudo e todos, por\u00e9m, como sempre, cada qual deve saber por onde andar ou sair&#8230;<\/p>\n<p style=\"text-align: justify;\">O momento exige modera\u00e7\u00e3o em todas as \u00e1reas do mercado e tudo deve seguir os PROTOCOLOS das autoridades sanit\u00e1rias e recomenda\u00e7\u00f5es m\u00e9dicas quanto aos procedimentos e tudo mais em meio ao tudo de menos com a PANDEMIA&#8230;<\/p>\n<p style=\"text-align: justify;\">O cen\u00e1rio continua nebuloso nos quatro cantos deste PA\u00cdS DO FAZ DE CONTA, portanto, faz-se necess\u00e1rio continuar em ESTADO DE ALERTA quanto \u00e0s normatiza\u00e7\u00f5es mediadas pelo PODER P\u00daBLICO nas \u00e1reas MUNICIPAL e ESTADUAL&#8230;<\/p>\n<p style=\"text-align: justify;\">No caso da esfera FEDERAL, n\u00e3o se pode esperar muita coisa por causa do COISO e sua turma de ALOPRADOS\/AS que atuam na \u00e1rea da SA\u00daDE, assim, melhor ficar com outras diretrizes e ponto quase final&#8230;<\/p>\n<p style=\"text-align: justify;\">Tamb\u00e9m, a PREVEN\u00c7\u00c3O continua sendo a BOLA DA VEZ nestes ocasos de um talvez, por isso, FIQUE EM CASA de um jeito ou de outro, tendo em vista que o CORONAV\u00cdRUS est\u00e1 circulando e n\u00e3o avisa quando vai te pegar&#8230;<\/p>\n<p style=\"text-align: justify;\">Tais recados s\u00e3o mais do que necess\u00e1rios neste cen\u00e1rio de CAOS patrocinado pelas a\u00e7\u00f5es do BOZZONARO com as MENTES BOVINAS espalhadas pela FAZENDA dos COISOS com COISAS&#8230;<\/p>\n<p style=\"text-align: justify;\">Ao toque do BERRANTE tudo pode mudar sem muitas considera\u00e7\u00f5es e quase sempre pela famigerada MP que o dito cujo publica como ATO OFICIAL, talvez, OFICIALESCO&#8230;<\/p>\n<p style=\"text-align: justify;\">Eis o nosso contexto atual em meio a PANDEMIA que continua em expans\u00e3o neste PA\u00cdS DO FAZ DE CONTA, desta forma, \u00e9 poss\u00edvel que o imposs\u00edvel possa estar se aproximando com as bandeiras do FIM DO MUNDO&#8230;<\/p>\n<p style=\"text-align: justify;\">A MANADA continua solta e sem controle quando o BERRANTE avisa que o COISO est\u00e1 na \u00e1rea, portanto, n\u00e3o se podem esperar a\u00e7\u00f5es estrat\u00e9gicas desta BOIADA MINISTERIAL em tempo de p\u00f3s-globaliza\u00e7\u00e3o das MENTES BOVINAS&#8230;<\/p>\n<p style=\"text-align: justify;\">QUEM SOBREVIVER VAI SABER&#8230;<\/p>\n<p style=\"text-align: justify;\">________________________<\/p>\n<p style=\"text-align: justify;\">(*) jornalista diplomado e professor universit\u00e1rio.<\/p>\n<p>&nbsp;<\/p>\n<p>&nbsp;<\/p>\n<p>&nbsp;<\/p>\n<p>&nbsp;<\/p>\n","protected":false},"excerpt":{"rendered":"<p>PANDEMIA, FIM DO MUNDO E MENTES BOVINAS&#8230; As minhas indiretas s\u00e3o diretas, n\u00e3o dou nomes aos bois por \u00e9tica. Sempre atinge o alvo desejado, e o indesej\u00e1vel tamb\u00e9m. N\u00e3o tenho culpa se o &#8220;alvo indesej\u00e1vel&#8221; se sentiu com &#8220;culpa no cart\u00f3rio&#8221; e se tornou &#8220;R\u00e9u confesso&#8221;. (Mauricio Ferreira) S\u00e9rgio Barbosa (*) Ouvi dizer outro dia [&hellip;]<\/p>\n","protected":false},"author":1,"featured_media":28724,"comment_status":"closed","ping_status":"open","sticky":false,"template":"","format":"standard","meta":{"footnotes":""},"categories":[175],"tags":[],"class_list":["post-28723","post","type-post","status-publish","format-standard","has-post-thumbnail","hentry","category-artigos"],"_links":{"self":[{"href":"https:\/\/jorgezanoni.com.br\/2019\/wp-json\/wp\/v2\/posts\/28723","targetHints":{"allow":["GET"]}}],"collection":[{"href":"https:\/\/jorgezanoni.com.br\/2019\/wp-json\/wp\/v2\/posts"}],"about":[{"href":"https:\/\/jorgezanoni.com.br\/2019\/wp-json\/wp\/v2\/types\/post"}],"author":[{"embeddable":true,"href":"https:\/\/jorgezanoni.com.br\/2019\/wp-json\/wp\/v2\/users\/1"}],"replies":[{"embeddable":true,"href":"https:\/\/jorgezanoni.com.br\/2019\/wp-json\/wp\/v2\/comments?post=28723"}],"version-history":[{"count":0,"href":"https:\/\/jorgezanoni.com.br\/2019\/wp-json\/wp\/v2\/posts\/28723\/revisions"}],"wp:featuredmedia":[{"embeddable":true,"href":"https:\/\/jorgezanoni.com.br\/2019\/wp-json\/wp\/v2\/media\/28724"}],"wp:attachment":[{"href":"https:\/\/jorgezanoni.com.br\/2019\/wp-json\/wp\/v2\/media?parent=28723"}],"wp:term":[{"taxonomy":"category","embeddable":true,"href":"https:\/\/jorgezanoni.com.br\/2019\/wp-json\/wp\/v2\/categories?post=28723"},{"taxonomy":"post_tag","embeddable":true,"href":"https:\/\/jorgezanoni.com.br\/2019\/wp-json\/wp\/v2\/tags?post=28723"}],"curies":[{"name":"wp","href":"https:\/\/api.w.org\/{rel}","templated":true}]}}