{"id":28709,"date":"2020-06-17T17:26:52","date_gmt":"2020-06-17T17:26:52","guid":{"rendered":"https:\/\/jorgezanoni.com.br\/2019\/?p=28709"},"modified":"2020-06-17T17:26:52","modified_gmt":"2020-06-17T17:26:52","slug":"em-abordagem-policia-militar-apreende-carro-trocado-em-dividas-no-trafico-de-drogas","status":"publish","type":"post","link":"https:\/\/jorgezanoni.com.br\/2019\/em-abordagem-policia-militar-apreende-carro-trocado-em-dividas-no-trafico-de-drogas\/","title":{"rendered":"Em abordagem, Pol\u00edcia Militar apreende carro trocado em d\u00edvidas no Tr\u00e1fico de Drogas"},"content":{"rendered":"<p style=\"font-weight: 400; text-align: justify;\">Na data de ontem (16) por volta das 19h30min durante patrulhamento de For\u00e7a T\u00e1tica pelo munic\u00edpio de Dracena, foi avistado no cruzamento das ruas Gast\u00e3o Vidigal x Janu\u00e1rio Bonito dois indiv\u00edduos um deles identificado como o menor de 17 anos e o outro um homem de 19 anos, sendo que ele carregava um gal\u00e3o de cinco litros de gasolina. Realizado abordagem foi localizado com o outro indiv\u00edduo uma chave &#8220;micha&#8221;, questionado respondeu que iria at\u00e9 um local pr\u00f3ximo colocar a gasolina no ve\u00edculo que o adolescente teria comprado pelo valor de R$500,00, sendo que o adolescente confirmou a vers\u00e3o do seu amigo informando que comprou de uma terceira pessoa.\u00a0\u00a0Realizado patrulhamento no local indicado pelos abordados, foi localizado o ve\u00edculo Ford\/Escort 1.8i GL, realizado consulta via Copom o ve\u00edculo n\u00e3o constava registro criminal, somente comunica\u00e7\u00e3o de venda em nome desse terceiro indiv\u00edduo de 37 anos. Realizado dilig\u00eancia foi localizado o terceiro indiv\u00edduo que informou ser dependente qu\u00edmico, e que dias atr\u00e1s o adolescente lhe vendeu aproximadamente R$70,00 em crack e por n\u00e3o ter pago, ele j\u00e1 havia ido em sua casa por duas vezes amea\u00e7a-lo de morte e dizia que pegaria o carro pela d\u00edvida, sendo que na manh\u00e3 do dia 15 foi em sua resid\u00eancia enquanto ele trabalhava utilizando chave falsa conseguiu abrir o ve\u00edculo que estava estacionado na via e subtrai-lo. Diante os fatos foram realizados dilig\u00eancias nas resid\u00eancias do adolescente e nada localizado.\u00a0\u00a0Durante apresenta\u00e7\u00e3o da ocorr\u00eancia o adolescente confessou o tr\u00e1fico e a troca do ve\u00edculo pela droga. As partes ouvidas liberadas e o ve\u00edculo permaneceu apreendido.<\/p>\n<p style=\"font-weight: 400; text-align: justify;\">\u00a0<strong>#25BPMI\u00a0 \u00a0 \u00a0 \u00a0 \u00a0 \u00a0 \u00a0 \u00a0 \u00a0<\/strong><\/p>\n<p style=\"font-weight: 400; text-align: justify;\"><strong>#POLICIAMILITARSP<\/strong><\/p>\n<p style=\"font-weight: 400; text-align: justify;\"><strong>#AFOR\u00c7AP\u00daBLICADES\u00c3OPAULO<\/strong><\/p>\n<p style=\"font-weight: 400; text-align: justify;\"><strong>COMUNICA\u00c7\u00c3O SOCIAL DO 25\u00ba BPM\/I &#8211; Dracena e regi\u00e3o.<\/strong><\/p>\n","protected":false},"excerpt":{"rendered":"<p>Na data de ontem (16) por volta das 19h30min durante patrulhamento de For\u00e7a T\u00e1tica pelo munic\u00edpio de Dracena, foi avistado no cruzamento das ruas Gast\u00e3o Vidigal x Janu\u00e1rio Bonito dois indiv\u00edduos um deles identificado como o menor de 17 anos e o outro um homem de 19 anos, sendo que ele carregava um gal\u00e3o de [&hellip;]<\/p>\n","protected":false},"author":1,"featured_media":28710,"comment_status":"closed","ping_status":"open","sticky":false,"template":"","format":"standard","meta":{"footnotes":""},"categories":[110,2],"tags":[],"class_list":["post-28709","post","type-post","status-publish","format-standard","has-post-thumbnail","hentry","category-noticiasdestaque","category-policial"],"_links":{"self":[{"href":"https:\/\/jorgezanoni.com.br\/2019\/wp-json\/wp\/v2\/posts\/28709","targetHints":{"allow":["GET"]}}],"collection":[{"href":"https:\/\/jorgezanoni.com.br\/2019\/wp-json\/wp\/v2\/posts"}],"about":[{"href":"https:\/\/jorgezanoni.com.br\/2019\/wp-json\/wp\/v2\/types\/post"}],"author":[{"embeddable":true,"href":"https:\/\/jorgezanoni.com.br\/2019\/wp-json\/wp\/v2\/users\/1"}],"replies":[{"embeddable":true,"href":"https:\/\/jorgezanoni.com.br\/2019\/wp-json\/wp\/v2\/comments?post=28709"}],"version-history":[{"count":0,"href":"https:\/\/jorgezanoni.com.br\/2019\/wp-json\/wp\/v2\/posts\/28709\/revisions"}],"wp:featuredmedia":[{"embeddable":true,"href":"https:\/\/jorgezanoni.com.br\/2019\/wp-json\/wp\/v2\/media\/28710"}],"wp:attachment":[{"href":"https:\/\/jorgezanoni.com.br\/2019\/wp-json\/wp\/v2\/media?parent=28709"}],"wp:term":[{"taxonomy":"category","embeddable":true,"href":"https:\/\/jorgezanoni.com.br\/2019\/wp-json\/wp\/v2\/categories?post=28709"},{"taxonomy":"post_tag","embeddable":true,"href":"https:\/\/jorgezanoni.com.br\/2019\/wp-json\/wp\/v2\/tags?post=28709"}],"curies":[{"name":"wp","href":"https:\/\/api.w.org\/{rel}","templated":true}]}}