{"id":28686,"date":"2020-06-17T12:40:04","date_gmt":"2020-06-17T12:40:04","guid":{"rendered":"https:\/\/jorgezanoni.com.br\/2019\/?p=28686"},"modified":"2020-06-17T12:40:04","modified_gmt":"2020-06-17T12:40:04","slug":"policia-civil-flagra-e-prende-motorista-dirigindo-embriagado-em-avenida-central-de-dracena","status":"publish","type":"post","link":"https:\/\/jorgezanoni.com.br\/2019\/policia-civil-flagra-e-prende-motorista-dirigindo-embriagado-em-avenida-central-de-dracena\/","title":{"rendered":"Pol\u00edcia Civil flagra e prende motorista dirigindo embriagado em avenida central de Dracena"},"content":{"rendered":"<p style=\"text-align: justify;\"><strong>O homem, de 32 anos, conduzia um ve\u00edculo de forma anormal na via p\u00fablica, realizando manobras irregulares conhecida popularmente como \u201czigue-zague\u201d<\/strong><\/p>\n<p style=\"text-align: justify;\">A Pol\u00edcia Civil, por interm\u00e9dio de agentes das Unidades Especializadas (Delegacia de Investiga\u00e7\u00f5es Gerais &#8211; DIG e Delegacia de Investiga\u00e7\u00e3o Sobre Entorpecentes &#8211; DISE), prendeu um condutor pelo crime de embriaguez ao volante, na tarde de ter\u00e7a-feira (16), na regi\u00e3o central de Dracena. O motorista, de 32 anos, estava acompanhado de uma passageira e no interior do ve\u00edculo foi encontrada uma garrafa pl\u00e1stica de bebida alco\u00f3lica do tipo \u201ccacha\u00e7a\u201d.<br \/>\nOs agentes, das Unidades Especializadas, estavam realizando trabalhos investigativos na avenida Jos\u00e9 Bonif\u00e1cio, pr\u00f3ximo ao trevo de entrada da cidade de Dracena, quando em dado momento perceberam que um condutor de um autom\u00f3vel de passeio, que seguia na mesma via, no sentido centro-bairro, conduzia o ve\u00edculo de forma anormal, realizando manobras irregulares conhecida como \u201czigue-zague\u201d, e ao perceber a presen\u00e7a da viatura da Pol\u00edcia Civil, o motorista realizou uma manobra r\u00e1pida de convers\u00e3o na via p\u00fablica, causando risco a transeuntes e a outros condutores que trafegavam na referida avenida. O motorista ainda avan\u00e7ou bruscamente com o carro sobre faixa de passagem elevada para pedestre, fazendo que as pessoas que estavam atravessando a faixa de seguran\u00e7a sa\u00edssem rapidamente. Em seguida, em continuidade com a sequ\u00eancia de manobras perigosas o condutor empreendeu fuga em dire\u00e7\u00e3o \u00e0 regi\u00e3o central de Dracena, quando ent\u00e3o a viatura da Pol\u00edcia Civil, realizou o acompanhamento do motorista em fuga.<br \/>\nDurante o trajeto o condutor ainda realizou outras manobras bruscas, causando risco de colis\u00e3o com demais ve\u00edculos que seguia pela avenida, e j\u00e1 pr\u00f3ximo a um posto de combust\u00edvel o ve\u00edculo em fuga, foi alcan\u00e7ado e abordado. Na abordagem os policiais civis perceberam que tanto o condutor, quanto a passageira, demonstravam sinais vis\u00edveis de embriaguez, apresentando os olhos avermelhados, andar cambaleante, certa confus\u00e3o nas falas proferidas e exalavam forte odor et\u00edlico. No interior do autom\u00f3vel foi encontrada uma garrafa pl\u00e1stica de bebida alco\u00f3lica do tipo \u201ccacha\u00e7a\u201d. Ainda no local da abordagem o motorista admitiu ter ingerido certa quantidade de bebida alco\u00f3lica, e que o ve\u00edculo que estava conduzindo pertencia a um cliente que havia lhe entregue para reparos, vez que ele tem a profiss\u00e3o de funileiro.<br \/>\nO condutor e a passageira foram conduzidos e apresentados no Plant\u00e3o Central da Pol\u00edcia Civil, onde foi requisitado o exame cl\u00ednico para constata\u00e7\u00e3o da embriaguez do motorista junto ao Instituto M\u00e9dico Legal &#8211; IML, cujo laudo provis\u00f3rio comprovou resultado positivo para embriaguez. E diante, da situa\u00e7\u00e3o f\u00e1tica foi dado voz de pris\u00e3o ao motorista, sendo atribu\u00edda fian\u00e7a no valor de um sal\u00e1rio m\u00ednimo, a qual n\u00e3o foi apresentada, permanecendo ent\u00e3o recolhido aguardando a manifesta\u00e7\u00e3o da Justi\u00e7a.<br \/>\nO ve\u00edculo que era conduzido pelo motorista foi apreendido, vez que o legitimo propriet\u00e1rio n\u00e3o havia se apresentado na delegacia. Tamb\u00e9m foi apreendida a garrafa pl\u00e1stica de bebida alco\u00f3lica do tipo \u201ccacha\u00e7a\u201d encontrada no interior do autom\u00f3vel, que ser\u00e1 encaminhada ao Instituto de Criminal\u00edstica &#8211; IC para elabora\u00e7\u00e3o de laudo pericial.<\/p>\n<p><img loading=\"lazy\" decoding=\"async\" class=\"alignnone size-full wp-image-28687\" src=\"https:\/\/jorgezanoni.com.br\/2019\/wp-content\/uploads\/2020\/06\/pinga.jpg\" alt=\"\" width=\"637\" height=\"1097\" srcset=\"https:\/\/jorgezanoni.com.br\/2019\/wp-content\/uploads\/2020\/06\/pinga.jpg 637w, https:\/\/jorgezanoni.com.br\/2019\/wp-content\/uploads\/2020\/06\/pinga-174x300.jpg 174w, https:\/\/jorgezanoni.com.br\/2019\/wp-content\/uploads\/2020\/06\/pinga-595x1024.jpg 595w, https:\/\/jorgezanoni.com.br\/2019\/wp-content\/uploads\/2020\/06\/pinga-244x420.jpg 244w\" sizes=\"auto, (max-width: 637px) 100vw, 637px\" \/><\/p>\n<p style=\"text-align: justify;\">Fonte: Com. Social Pol\u00edcia Civil<\/p>\n","protected":false},"excerpt":{"rendered":"<p>O homem, de 32 anos, conduzia um ve\u00edculo de forma anormal na via p\u00fablica, realizando manobras irregulares conhecida popularmente como \u201czigue-zague\u201d A Pol\u00edcia Civil, por interm\u00e9dio de agentes das Unidades Especializadas (Delegacia de Investiga\u00e7\u00f5es Gerais &#8211; DIG e Delegacia de Investiga\u00e7\u00e3o Sobre Entorpecentes &#8211; DISE), prendeu um condutor pelo crime de embriaguez ao volante, na [&hellip;]<\/p>\n","protected":false},"author":1,"featured_media":28688,"comment_status":"closed","ping_status":"open","sticky":false,"template":"","format":"standard","meta":{"footnotes":""},"categories":[110,2],"tags":[],"class_list":["post-28686","post","type-post","status-publish","format-standard","has-post-thumbnail","hentry","category-noticiasdestaque","category-policial"],"_links":{"self":[{"href":"https:\/\/jorgezanoni.com.br\/2019\/wp-json\/wp\/v2\/posts\/28686","targetHints":{"allow":["GET"]}}],"collection":[{"href":"https:\/\/jorgezanoni.com.br\/2019\/wp-json\/wp\/v2\/posts"}],"about":[{"href":"https:\/\/jorgezanoni.com.br\/2019\/wp-json\/wp\/v2\/types\/post"}],"author":[{"embeddable":true,"href":"https:\/\/jorgezanoni.com.br\/2019\/wp-json\/wp\/v2\/users\/1"}],"replies":[{"embeddable":true,"href":"https:\/\/jorgezanoni.com.br\/2019\/wp-json\/wp\/v2\/comments?post=28686"}],"version-history":[{"count":0,"href":"https:\/\/jorgezanoni.com.br\/2019\/wp-json\/wp\/v2\/posts\/28686\/revisions"}],"wp:featuredmedia":[{"embeddable":true,"href":"https:\/\/jorgezanoni.com.br\/2019\/wp-json\/wp\/v2\/media\/28688"}],"wp:attachment":[{"href":"https:\/\/jorgezanoni.com.br\/2019\/wp-json\/wp\/v2\/media?parent=28686"}],"wp:term":[{"taxonomy":"category","embeddable":true,"href":"https:\/\/jorgezanoni.com.br\/2019\/wp-json\/wp\/v2\/categories?post=28686"},{"taxonomy":"post_tag","embeddable":true,"href":"https:\/\/jorgezanoni.com.br\/2019\/wp-json\/wp\/v2\/tags?post=28686"}],"curies":[{"name":"wp","href":"https:\/\/api.w.org\/{rel}","templated":true}]}}