{"id":28662,"date":"2020-06-17T00:32:42","date_gmt":"2020-06-17T00:32:42","guid":{"rendered":"https:\/\/jorgezanoni.com.br\/2019\/?p=28662"},"modified":"2020-06-17T00:32:42","modified_gmt":"2020-06-17T00:32:42","slug":"mae-e-recem-nascido-morrem-durante-parto-em-hospital-de-assis","status":"publish","type":"post","link":"https:\/\/jorgezanoni.com.br\/2019\/mae-e-recem-nascido-morrem-durante-parto-em-hospital-de-assis\/","title":{"rendered":"M\u00e3e e rec\u00e9m-nascido morrem durante parto em hospital de Assis"},"content":{"rendered":"<h2 class=\"content-head__subtitle\" style=\"text-align: justify;\"><strong>Segundo o Hospital Regional da cidade, causa das mortes n\u00e3o foi definida. Jovem de 21 anos era moradora de Palmital.<\/strong><\/h2>\n<div class=\"mc-column content-text active-extra-styles \" data-block-type=\"unstyled\" data-block-weight=\"24\" data-block-id=\"2\">\n<p class=\"content-text__container \" style=\"text-align: justify;\" data-track-category=\"Link no Texto\" data-track-links=\"\">Uma jovem de 21 anos e o filho rec\u00e9m-nascido morreram durante o parto, na madrugada desta segunda-feira (15), no Hospital Regional da cidade.<\/p>\n<\/div>\n<div class=\"wall protected-content\">\n<div class=\"mc-column content-text active-extra-styles \" style=\"text-align: justify;\" data-block-type=\"unstyled\" data-block-weight=\"32\" data-block-id=\"3\">\n<p class=\"content-text__container \" data-track-category=\"Link no Texto\" data-track-links=\"\">De acordo com o boletim de ocorr\u00eancia, a m\u00e9dica alegou que La\u00eds Meire Pereira, moradora de Palmital, teve uma parada card\u00edaca no centro cir\u00fargico e foi feita a ces\u00e1rea de emerg\u00eancia.<\/p>\n<\/div>\n<div class=\"mc-column content-text active-extra-styles \" style=\"text-align: justify;\" data-block-type=\"unstyled\" data-block-weight=\"31\" data-block-id=\"4\">\n<p class=\"content-text__container \" data-track-category=\"Link no Texto\" data-track-links=\"\">A m\u00e9dica explicou ainda em seu depoimento que, logo depois de nascer, o beb\u00ea tamb\u00e9m teve parada cardiorrespirat\u00f3ria. Os dois n\u00e3o resistiram e morreram. A causa das mortes n\u00e3o foi definida.<\/p>\n<\/div>\n<div class=\"mc-column content-text active-extra-styles \" style=\"text-align: justify;\" data-block-type=\"unstyled\" data-block-weight=\"50\" data-block-id=\"5\">\n<p class=\"content-text__container \" data-track-category=\"Link no Texto\" data-track-links=\"\">O marido da mulher foi questionado sobre poss\u00edveis problemas anteriores da v\u00edtima. Em seu depoimento, ele lembrou de uma reclama\u00e7\u00e3o dela de dor nas costas e de que, h\u00e1 20 dias, eles se assustaram quando a mulher quase caiu de uma cadeira que se quebrou quando ela estava sentada.<\/p>\n<\/div>\n<div class=\"mc-column content-text active-extra-styles \" data-block-type=\"unstyled\" data-block-weight=\"18\" data-block-id=\"6\">\n<p class=\"content-text__container \" style=\"text-align: justify;\" data-track-category=\"Link no Texto\" data-track-links=\"\">A reportagem questionou a Secretaria Estadual de Sa\u00fade sobre o caso, mas ainda n\u00e3o obteve retorno.<\/p>\n<p style=\"text-align: justify;\" data-track-category=\"Link no Texto\" data-track-links=\"\">Fonte: G1<\/p>\n<\/div>\n<\/div>\n","protected":false},"excerpt":{"rendered":"<p>Segundo o Hospital Regional da cidade, causa das mortes n\u00e3o foi definida. Jovem de 21 anos era moradora de Palmital. Uma jovem de 21 anos e o filho rec\u00e9m-nascido morreram durante o parto, na madrugada desta segunda-feira (15), no Hospital Regional da cidade. De acordo com o boletim de ocorr\u00eancia, a m\u00e9dica alegou que La\u00eds [&hellip;]<\/p>\n","protected":false},"author":1,"featured_media":28663,"comment_status":"closed","ping_status":"open","sticky":false,"template":"","format":"standard","meta":{"footnotes":""},"categories":[110,2],"tags":[],"class_list":["post-28662","post","type-post","status-publish","format-standard","has-post-thumbnail","hentry","category-noticiasdestaque","category-policial"],"_links":{"self":[{"href":"https:\/\/jorgezanoni.com.br\/2019\/wp-json\/wp\/v2\/posts\/28662","targetHints":{"allow":["GET"]}}],"collection":[{"href":"https:\/\/jorgezanoni.com.br\/2019\/wp-json\/wp\/v2\/posts"}],"about":[{"href":"https:\/\/jorgezanoni.com.br\/2019\/wp-json\/wp\/v2\/types\/post"}],"author":[{"embeddable":true,"href":"https:\/\/jorgezanoni.com.br\/2019\/wp-json\/wp\/v2\/users\/1"}],"replies":[{"embeddable":true,"href":"https:\/\/jorgezanoni.com.br\/2019\/wp-json\/wp\/v2\/comments?post=28662"}],"version-history":[{"count":0,"href":"https:\/\/jorgezanoni.com.br\/2019\/wp-json\/wp\/v2\/posts\/28662\/revisions"}],"wp:featuredmedia":[{"embeddable":true,"href":"https:\/\/jorgezanoni.com.br\/2019\/wp-json\/wp\/v2\/media\/28663"}],"wp:attachment":[{"href":"https:\/\/jorgezanoni.com.br\/2019\/wp-json\/wp\/v2\/media?parent=28662"}],"wp:term":[{"taxonomy":"category","embeddable":true,"href":"https:\/\/jorgezanoni.com.br\/2019\/wp-json\/wp\/v2\/categories?post=28662"},{"taxonomy":"post_tag","embeddable":true,"href":"https:\/\/jorgezanoni.com.br\/2019\/wp-json\/wp\/v2\/tags?post=28662"}],"curies":[{"name":"wp","href":"https:\/\/api.w.org\/{rel}","templated":true}]}}