{"id":28656,"date":"2020-06-16T23:53:46","date_gmt":"2020-06-16T23:53:46","guid":{"rendered":"https:\/\/jorgezanoni.com.br\/2019\/?p=28656"},"modified":"2020-06-16T23:53:46","modified_gmt":"2020-06-16T23:53:46","slug":"presidente-prudente-tem-mais-20-casos-positivos-de-covid-19-e-total-de-infectados-salta-para-283","status":"publish","type":"post","link":"https:\/\/jorgezanoni.com.br\/2019\/presidente-prudente-tem-mais-20-casos-positivos-de-covid-19-e-total-de-infectados-salta-para-283\/","title":{"rendered":"Presidente Prudente tem mais 20 casos positivos de Covid-19 e total de infectados salta para 283"},"content":{"rendered":"<h2 class=\"content-head__subtitle\" style=\"text-align: justify;\"><strong>Conforme a Vigil\u00e2ncia Epidemiol\u00f3gica, o munic\u00edpio repetiu nesta ter\u00e7a-feira (16) pelo segundo dia consecutivo a maior quantidade de confirma\u00e7\u00f5es no intervalo de 24 horas.<\/strong><\/h2>\n<div class=\"mc-column content-text active-extra-styles \" data-block-type=\"unstyled\" data-block-weight=\"39\" data-block-id=\"2\">\n<p class=\"content-text__container \" style=\"text-align: justify;\" data-track-category=\"Link no Texto\" data-track-links=\"\">Mais 20 casos positivos de Covid-19 foram divulgados pela Vigil\u00e2ncia Epidemiol\u00f3gica Municipal (VEM) de\u00a0<a href=\"https:\/\/g1.globo.com\/sp\/presidente-prudente-regiao\/cidade\/presidente-prudente\/\">Presidente Prudente<\/a>. Nesta ter\u00e7a-feira (16), o munic\u00edpio recebeu mais 115 diagn\u00f3sticos para coronav\u00edrus. Com os novos registros, a cidade chegou a 283 confirma\u00e7\u00f5es da doen\u00e7a.<\/p>\n<\/div>\n<div class=\"wall protected-content\">\n<div class=\"mc-column content-text active-extra-styles \" style=\"text-align: justify;\" data-block-type=\"unstyled\" data-block-weight=\"26\" data-block-id=\"3\">\n<p class=\"content-text__container \" data-track-category=\"Link no Texto\" data-track-links=\"\">O munic\u00edpio repetiu pelo segundo dia consecutivo a maior quantidade de confirma\u00e7\u00f5es di\u00e1rias. Nesta segunda-feira (15), a\u00a0<a href=\"https:\/\/g1.globo.com\/sp\/presidente-prudente-regiao\/noticia\/2020\/06\/15\/com-mais-20-casos-positivos-presidente-prudente-bate-novo-recorde-diario-de-covid-19-e-total-chega-a-263.ghtml\">VEM tamb\u00e9m havia informado 20 casos positivos da doen\u00e7a<\/a>.<\/p>\n<\/div>\n<div class=\"mc-column content-text active-extra-styles \" style=\"text-align: justify;\" data-block-type=\"unstyled\" data-block-weight=\"50\" data-block-id=\"4\">\n<p class=\"content-text__container \" data-track-category=\"Link no Texto\" data-track-links=\"\">Entre os casos desta ter\u00e7a-feira (16), duas mulheres seguem hospitalizadas, sendo uma de 57 anos, que teve in\u00edcio dos sintomas no dia 4 deste m\u00eas, e outra de 49 anos, cujos sintomas tiveram in\u00edcio no dia 5 deste m\u00eas. As demais pessoas confirmadas com a doen\u00e7a seguem em isolamento social.<\/p>\n<\/div>\n<div class=\"mc-column content-text active-extra-styles \" style=\"text-align: justify;\" data-block-type=\"unstyled\" data-block-weight=\"137\" data-block-id=\"5\">\n<p class=\"content-text__container \" data-track-category=\"Link no Texto\" data-track-links=\"\">O boletim de hoje tem ainda duas crian\u00e7as de 8 anos, sendo um menino e uma menina. Ambos apresentaram sintomas no dia 4 deste m\u00eas. Os demais foram confirmados em nove homens, com as seguintes idades: 17 e 59 anos (sintomas no dia 1\u00ba deste m\u00eas), 25 anos (dia 4 deste m\u00eas), 29 anos (dia 6 deste m\u00eas), 34 anos (dia 3 deste m\u00eas), 51 anos (dia 2 deste m\u00eas), 53 anos (dia 8 deste m\u00eas), 59 anos (dia 30 de maio), e 74 anos (dia 10 deste m\u00eas); bem como em sete mulheres, com as seguintes idades: 24, 37 e 62 anos (as tr\u00eas com sintomas no dia 7 deste m\u00eas), 28 anos (dia 22 de maio), 51 anos (dia 4 deste m\u00eas), 57 anos (dia 24 de maio), e 64 anos (dia 1\u00b0 deste m\u00eas).<\/p>\n<\/div>\n<div class=\"mc-column content-text active-extra-styles \" style=\"text-align: justify;\" data-block-type=\"unstyled\" data-block-weight=\"16\" data-block-id=\"7\">\n<p class=\"content-text__container \" data-track-category=\"Link no Texto\" data-track-links=\"\">A VEM informa que 28 pacientes seguem hospitalizados, sendo oito em Unidade de Terapia Intensiva (UTI).<\/p>\n<\/div>\n<div class=\"mc-column content-text active-extra-styles \" style=\"text-align: justify;\" data-block-type=\"unstyled\" data-block-weight=\"26\" data-block-id=\"8\">\n<p class=\"content-text__container \" data-track-category=\"Link no Texto\" data-track-links=\"\">At\u00e9 o momento, Presidente Prudente j\u00e1 registrou 1.436 notifica\u00e7\u00f5es da doen\u00e7a, sendo 1.032 resultados negativos, outros 283 positivos e 13 \u00f3bitos. Agora, 121 exames aguardam diagn\u00f3sticos.<\/p>\n<\/div>\n<div class=\"mc-column content-text active-extra-styles\" data-block-type=\"raw\" data-block-weight=\"18\" data-block-id=\"9\">\n<ul class=\"content-unordered-list\" style=\"text-align: justify;\">\n<li><a href=\"https:\/\/g1.globo.com\/sp\/presidente-prudente-regiao\/noticia\/2020\/06\/15\/com-mais-20-casos-positivos-presidente-prudente-bate-novo-recorde-diario-de-covid-19-e-total-chega-a-263.ghtml\">Com mais 20 casos positivos, Presidente Prudente bate novo recorde di\u00e1rio de Covid-19 e total chega a 263<\/a><\/li>\n<\/ul>\n<p style=\"text-align: justify;\">Fonte: G1<\/p>\n<\/div>\n<div class=\"row medium-uncollapsed content-media content-photo\" data-block-type=\"backstage-photo\" data-block-id=\"10\">\n<div class=\"column medium-22 large-20 medium-centered content-media__container\"><\/div>\n<\/div>\n<\/div>\n","protected":false},"excerpt":{"rendered":"<p>Conforme a Vigil\u00e2ncia Epidemiol\u00f3gica, o munic\u00edpio repetiu nesta ter\u00e7a-feira (16) pelo segundo dia consecutivo a maior quantidade de confirma\u00e7\u00f5es no intervalo de 24 horas. Mais 20 casos positivos de Covid-19 foram divulgados pela Vigil\u00e2ncia Epidemiol\u00f3gica Municipal (VEM) de\u00a0Presidente Prudente. Nesta ter\u00e7a-feira (16), o munic\u00edpio recebeu mais 115 diagn\u00f3sticos para coronav\u00edrus. Com os novos registros, a [&hellip;]<\/p>\n","protected":false},"author":1,"featured_media":28657,"comment_status":"closed","ping_status":"open","sticky":false,"template":"","format":"standard","meta":{"footnotes":""},"categories":[110,122],"tags":[],"class_list":["post-28656","post","type-post","status-publish","format-standard","has-post-thumbnail","hentry","category-noticiasdestaque","category-saudeeducacaoeconcurso"],"_links":{"self":[{"href":"https:\/\/jorgezanoni.com.br\/2019\/wp-json\/wp\/v2\/posts\/28656","targetHints":{"allow":["GET"]}}],"collection":[{"href":"https:\/\/jorgezanoni.com.br\/2019\/wp-json\/wp\/v2\/posts"}],"about":[{"href":"https:\/\/jorgezanoni.com.br\/2019\/wp-json\/wp\/v2\/types\/post"}],"author":[{"embeddable":true,"href":"https:\/\/jorgezanoni.com.br\/2019\/wp-json\/wp\/v2\/users\/1"}],"replies":[{"embeddable":true,"href":"https:\/\/jorgezanoni.com.br\/2019\/wp-json\/wp\/v2\/comments?post=28656"}],"version-history":[{"count":0,"href":"https:\/\/jorgezanoni.com.br\/2019\/wp-json\/wp\/v2\/posts\/28656\/revisions"}],"wp:featuredmedia":[{"embeddable":true,"href":"https:\/\/jorgezanoni.com.br\/2019\/wp-json\/wp\/v2\/media\/28657"}],"wp:attachment":[{"href":"https:\/\/jorgezanoni.com.br\/2019\/wp-json\/wp\/v2\/media?parent=28656"}],"wp:term":[{"taxonomy":"category","embeddable":true,"href":"https:\/\/jorgezanoni.com.br\/2019\/wp-json\/wp\/v2\/categories?post=28656"},{"taxonomy":"post_tag","embeddable":true,"href":"https:\/\/jorgezanoni.com.br\/2019\/wp-json\/wp\/v2\/tags?post=28656"}],"curies":[{"name":"wp","href":"https:\/\/api.w.org\/{rel}","templated":true}]}}