{"id":28632,"date":"2020-06-16T21:29:15","date_gmt":"2020-06-16T21:29:15","guid":{"rendered":"https:\/\/jorgezanoni.com.br\/2019\/?p=28632"},"modified":"2020-06-16T21:32:21","modified_gmt":"2020-06-16T21:32:21","slug":"promotor-de-justica-prepara-acao-civil-para-suspender-novo-decreto-municipal","status":"publish","type":"post","link":"https:\/\/jorgezanoni.com.br\/2019\/promotor-de-justica-prepara-acao-civil-para-suspender-novo-decreto-municipal\/","title":{"rendered":"Promotor de justi\u00e7a prepara a\u00e7\u00e3o civil para suspender novo decreto municipal em Dracena"},"content":{"rendered":"<p style=\"text-align: justify;\">O promotor de justi\u00e7a Antonio Simini Junior, respons\u00e1vel pela 1\u00aa Promotoria de Justi\u00e7a de Dracena confirmou que est\u00e1 preparando a\u00e7\u00e3o civil p\u00fablica, visando suspender o novo decreto municipal (n.\u00ba 7.280\/2020) que estabelece medidas de enfrentamento ao coronav\u00edrus na cidade.<\/p>\n<p style=\"text-align: justify;\">Dr. Simini informou que tamb\u00e9m ingressar\u00e1 com representa\u00e7\u00e3o ao Tribunal de Justi\u00e7a (TJ\/SP) para que seja reconhecida a inconstitucionalidade do decreto e representa\u00e7\u00e3o geral para verificar a pr\u00e1tica em tese de crime de desrespeito do prefeito Juliano Bertolini, em rela\u00e7\u00e3o \u00e0 nova classifica\u00e7\u00e3o imposta pelo Governo do Estado (fase vermelha) a regi\u00e3o do Oeste Paulista.<\/p>\n<p style=\"text-align: justify;\">Fonte: Portal Regional<\/p>\n","protected":false},"excerpt":{"rendered":"<p>O promotor de justi\u00e7a Antonio Simini Junior, respons\u00e1vel pela 1\u00aa Promotoria de Justi\u00e7a de Dracena confirmou que est\u00e1 preparando a\u00e7\u00e3o civil p\u00fablica, visando suspender o novo decreto municipal (n.\u00ba 7.280\/2020) que estabelece medidas de enfrentamento ao coronav\u00edrus na cidade. Dr. Simini informou que tamb\u00e9m ingressar\u00e1 com representa\u00e7\u00e3o ao Tribunal de Justi\u00e7a (TJ\/SP) para que seja [&hellip;]<\/p>\n","protected":false},"author":1,"featured_media":28633,"comment_status":"closed","ping_status":"open","sticky":false,"template":"","format":"standard","meta":{"footnotes":""},"categories":[120,110],"tags":[],"class_list":["post-28632","post","type-post","status-publish","format-standard","has-post-thumbnail","hentry","category-justicahabitacaotecnologia","category-noticiasdestaque"],"_links":{"self":[{"href":"https:\/\/jorgezanoni.com.br\/2019\/wp-json\/wp\/v2\/posts\/28632","targetHints":{"allow":["GET"]}}],"collection":[{"href":"https:\/\/jorgezanoni.com.br\/2019\/wp-json\/wp\/v2\/posts"}],"about":[{"href":"https:\/\/jorgezanoni.com.br\/2019\/wp-json\/wp\/v2\/types\/post"}],"author":[{"embeddable":true,"href":"https:\/\/jorgezanoni.com.br\/2019\/wp-json\/wp\/v2\/users\/1"}],"replies":[{"embeddable":true,"href":"https:\/\/jorgezanoni.com.br\/2019\/wp-json\/wp\/v2\/comments?post=28632"}],"version-history":[{"count":0,"href":"https:\/\/jorgezanoni.com.br\/2019\/wp-json\/wp\/v2\/posts\/28632\/revisions"}],"wp:featuredmedia":[{"embeddable":true,"href":"https:\/\/jorgezanoni.com.br\/2019\/wp-json\/wp\/v2\/media\/28633"}],"wp:attachment":[{"href":"https:\/\/jorgezanoni.com.br\/2019\/wp-json\/wp\/v2\/media?parent=28632"}],"wp:term":[{"taxonomy":"category","embeddable":true,"href":"https:\/\/jorgezanoni.com.br\/2019\/wp-json\/wp\/v2\/categories?post=28632"},{"taxonomy":"post_tag","embeddable":true,"href":"https:\/\/jorgezanoni.com.br\/2019\/wp-json\/wp\/v2\/tags?post=28632"}],"curies":[{"name":"wp","href":"https:\/\/api.w.org\/{rel}","templated":true}]}}