{"id":28608,"date":"2020-06-16T17:13:40","date_gmt":"2020-06-16T17:13:40","guid":{"rendered":"https:\/\/jorgezanoni.com.br\/2019\/?p=28608"},"modified":"2020-06-16T17:19:10","modified_gmt":"2020-06-16T17:19:10","slug":"novo-decreto-municipal-mantem-lojas-e-comercio-de-dracena-aberto-das-8-as-12-hs","status":"publish","type":"post","link":"https:\/\/jorgezanoni.com.br\/2019\/novo-decreto-municipal-mantem-lojas-e-comercio-de-dracena-aberto-das-8-as-12-hs\/","title":{"rendered":"Novo Decreto Municipal mant\u00e9m lojas e com\u00e9rcio de Dracena aberto das 8 \u00e0s 12 Hs."},"content":{"rendered":"<p style=\"text-align: justify;\"><strong>Leia atentamento o Decreto que permite que o com\u00e9rcio e loja permane\u00e7am abertos das 08 \u00e0s 12 Hs. de segunda \u00e0 sexta-feira e 9 \u00e0s 13 Hs. no s\u00e1bado. Bares, Lanchonetes e restaurante por exemplo, ter\u00e3o hor\u00e1rios especiais.<\/strong><\/p>\n<p style=\"text-align: justify;\"><strong>Jorge Zanoni<\/strong><\/p>\n<p style=\"text-align: justify;\"><strong>Novo Decreto Municipal (n.\u00ba 7.280\/2020) com medidas de enfrentamento ao coronav\u00edrus em Dracena<\/strong><\/p>\n<p style=\"font-weight: 400; text-align: justify;\">Disp\u00f5e sobre as medidas\u00a0adotadas no Decreto de SITUA\u00c7\u00c3O DE EMERG\u00caNCIA no Munic\u00edpio de Dracena, bem de outras medidas tempor\u00e1rias de enfrentamento da pandemia\u00a0decorrente do coronav\u00edrus (COVID-19).<\/p>\n<p style=\"font-weight: 400; text-align: justify;\">JULIANO BRITO BERTOLINI, Prefeito Municipal de Dracena, Estado de S\u00e3o Paulo, no uso de suas atribui\u00e7\u00f5es legais, conferidas pelo inciso VII, do artigo 58 da Lei Org\u00e2nica do Munic\u00edpio e pelo inciso VI do artigo 8\u00ba, da Lei Federal n\u00ba 12.608, de 10 de abril de 2012 e,<\/p>\n<p style=\"font-weight: 400; text-align: justify;\">CONSIDERANDO a classifica\u00e7\u00e3o pela Organiza\u00e7\u00e3o Mundial de Sa\u00fade, no dia 11 de mar\u00e7o de 2020, como pandemia do COVID19;<\/p>\n<p style=\"font-weight: 400; text-align: justify;\">CONSIDERANDO a Lei Federal n\u00ba 13.979, de 06 de fevereiro de 2020, que disp\u00f5e sobre as medidas para enfrentamento da emerg\u00eancia de sa\u00fade p\u00fablica de import\u00e2ncia internacional decorrente do coronav\u00edrus;<em>\u00a0<\/em><\/p>\n<p style=\"font-weight: 400; text-align: justify;\">CONSIDERANDO o Decreto Federal n\u00ba 10.344, de 2020, alterado pelo Decreto Federal n\u00ba 10.282, de 2020, que regulamente a Lei n\u00ba 13.979, de 6 de fevereiro de 2020, para definir os servi\u00e7os p\u00fablicos e as atividades essenciais;<\/p>\n<p style=\"font-weight: 400; text-align: justify;\">CONSIDERANDO o Decreto n\u00ba 7.244, de 16 de mar\u00e7o de 2020, que disp\u00f5e sobre a ado\u00e7\u00e3o no \u00e2mbito da Administra\u00e7\u00e3o P\u00fablica Municipal Direta e Indireta, de medidas tempor\u00e1rias e emerg\u00eancias de preven\u00e7\u00e3o de cont\u00e1gio pelo COVID-19 (Novo Coronav\u00edrus), bem como sobre recomenda\u00e7\u00f5es no setor privado municipal;<\/p>\n<p style=\"font-weight: 400; text-align: justify;\">CONSIDERANDO o Decreto n\u00ba 7.245, de 20 de mar\u00e7o, que declarou Situa\u00e7\u00e3o de Emerg\u00eancia no munic\u00edpio de Dracena;<\/p>\n<p style=\"font-weight: 400; text-align: justify;\">CONSIDERANDO a disponibilidade de leitos hospitalares para a regi\u00e3o de Presidente Prudente via Central de Regula\u00e7\u00e3o de Ofertas e Servi\u00e7os de Sa\u00fade \u2013 CROSS, al\u00e9m dos leitos disponibilizados pelo Munic\u00edpio de Dracena na Santa Casa local, totalizando de 11 (onze) leitos de isolamentos, na unidade de tratamento intensivo (UTI), com respiradores para o tratamento de pacientes com COVID-19;<\/p>\n<p style=\"font-weight: 400; text-align: justify;\">CONSIDERANDO que como forma de preven\u00e7\u00e3o e combate a COVID o munic\u00edpio de Dracena realiza testes r\u00e1pidos e laboratoriais e coleta de amostras cl\u00ednicas destinadas \u00e0 identifica\u00e7\u00e3o da presen\u00e7a do material gen\u00e9tico do v\u00edrus SARS-CoV-2 ou de anticorpos espec\u00edficos;<\/p>\n<p style=\"font-weight: 400; text-align: justify;\">CONSIDERANDO que Dracena implantou um Centro de Triagem COVID-19 para atendimento exclusivo de pacientes com suspeita da COVID-19;<\/p>\n<p style=\"font-weight: 400; text-align: justify;\">CONSIDERANDO que a rede de tratamento de sa\u00fade implementada no munic\u00edpio de Dracena tem alcan\u00e7ado um alto percentual de cura dos pacientes acometidos pela COVID-19;<\/p>\n<p style=\"font-weight: 400; text-align: justify;\">CONSIDERANDO o n\u00famero de casos confirmados, suspeitos e descartados de COVID-19, em especial sem utiliza\u00e7\u00e3o de UTI;<\/p>\n<p style=\"font-weight: 400; text-align: justify;\">CONSIDERANDO que as medidas de enfrentamento adotadas pelo Munic\u00edpio em especial pelos profissionais da sa\u00fade, entre eles, m\u00e9dicos, enfermeiros, auxiliares de enfermagem, agentes epidemiol\u00f3gicos da Rede Municipal, como da Santa Casa local, com excelente planejamento e resultados para manter o controle da transmiss\u00e3o do v\u00edrus e o seu combate, bem como o tratamento de sa\u00fade adequada aos infectados;<\/p>\n<p style=\"font-weight: 400; text-align: justify;\">CONSIDERANDO o esfor\u00e7o conjunto na gest\u00e3o de ado\u00e7\u00e3o das medidas urgentes e necess\u00e1rias \u00e0 preven\u00e7\u00e3o da doen\u00e7a e diminui\u00e7\u00e3o dos riscos e danos \u00e0 sa\u00fade p\u00fablica;<\/p>\n<p style=\"font-weight: 400; text-align: justify;\">CONSIDERANDO que o Departamento de Vigil\u00e2ncia em Sa\u00fade apresenta an\u00e1lise epidemiol\u00f3gica da situa\u00e7\u00e3o atual para implementa\u00e7\u00e3o de medidas de sa\u00fade p\u00fablica proporcional e restrita aos riscos em cada fase da pandemia;<\/p>\n<p style=\"font-weight: 400; text-align: justify;\">CONSIDERANDO que o Munic\u00edpio atualiza e informa \u00e0 popula\u00e7\u00e3o diariamente a situa\u00e7\u00e3o dos casos confirmados, suspeitos e curados em Dracena, com a finalidade de conscientiza\u00e7\u00e3o dos mun\u00edcipes;<\/p>\n<p style=\"font-weight: 400; text-align: justify;\">CONSIDERANDO que em decorr\u00eancia das a\u00e7\u00f5es j\u00e1 implementadas pelo munic\u00edpio de Dracena, sobretudo o isolamento social, com aumento gradativo das restri\u00e7\u00f5es, houve resultado satisfat\u00f3rio, de modo que a situa\u00e7\u00e3o epidemiol\u00f3gica relacionada a COVID-19 mant\u00e9m-se est\u00e1vel;<\/p>\n<p style=\"font-weight: 400; text-align: justify;\">CONSIDERANDO a conscientiza\u00e7\u00e3o dos mun\u00edcipes do uso de m\u00e1scara de prote\u00e7\u00e3o facial, e na import\u00e2ncia do seu uso como forma de preven\u00e7\u00e3o no cont\u00e1gio e transmissibilidade da COVID 19;<\/p>\n<p style=\"font-weight: 400; text-align: justify;\">CONSIDERANDO a elabora\u00e7\u00e3o de estudos ou de investiga\u00e7\u00f5es epidemiol\u00f3gicas no munic\u00edpio de Dracena;<\/p>\n<p style=\"font-weight: 400; text-align: justify;\">CONSIDERANDO que no munic\u00edpio de Dracena n\u00e3o existe grande empresa que gere emprego, sendo dependente economicamente do com\u00e9rcio local e presta\u00e7\u00e3o de servi\u00e7os;<\/p>\n<p style=\"font-weight: 400; text-align: justify;\">CONSIDERANDO que a veda\u00e7\u00e3o de atividades n\u00e3o essenciais, comprometem seriamente a atividade econ\u00f4mica no Munic\u00edpio e na regi\u00e3o da Alta Paulista, com sequelas graves, principalmente, para as micros e pequenas empresas, e consequentemente, na manuten\u00e7\u00e3o do emprego e renda de milhares de trabalhadores, inclusive nas arrecada\u00e7\u00f5es p\u00fablicas, prejudicando inclusive os recursos necess\u00e1rios ao enfrentamento da pandemia, conforme demonstrado no Plano de Vulnerabilidade Econ\u00f4mica Municipal (S\u00e3o Paulo), disponibilizado no endere\u00e7o eletr\u00f4nico\u00a0<a href=\"http:\/\/www.saopaulo.sp.gov.br\/coronavirus\/planosp\">www.saopaulo.sp.gov.br\/coronavirus\/planosp<\/a>;<\/p>\n<p style=\"font-weight: 400; text-align: justify;\">CONSIDERANDO que o funcionamento do setor produtivo \u00e9 necess\u00e1rio no munic\u00edpio de Dracena com o objetivo de evitar o colapso econ\u00f4mico e, consequente, o social e da pr\u00f3pria sa\u00fade p\u00fablica;<\/p>\n<p style=\"font-weight: 400; text-align: justify;\">CONSIDERANDO que o Munic\u00edpio tem estabelecido termos de compromissos com lideran\u00e7as e setores da sociedade no intuito do cumprimento dos Protocolos Sanit\u00e1rios em sua integralidade.<\/p>\n<p style=\"font-weight: 400; text-align: justify;\"><b><strong>D E C R E T A:<\/strong><\/b><\/p>\n<p style=\"font-weight: 400; text-align: justify;\"><b><strong>&#8212;&#8212;&#8212;&#8212;&#8212;&#8212;&#8211;<\/strong><\/b><\/p>\n<p style=\"font-weight: 400; text-align: justify;\">Art.1\u00ba Permanece suspenso o funcionamento dos seguintes estabelecimentos e atividades:<\/p>\n<p style=\"font-weight: 400; text-align: justify;\">I \u2013 casas noturnas, boates,\u00a0<em>buffets\u00a0<\/em>e demais casa de eventos e similares;<\/p>\n<p style=\"font-weight: 400; text-align: justify;\">II \u2013 clubes sociais e de lazer, associa\u00e7\u00f5es recreativas e afins, parques e equipamentos esportivos no munic\u00edpio, piscinas p\u00fablicas e equipamentos p\u00fablicos;<\/p>\n<p style=\"font-weight: 400; text-align: justify;\">III \u2013 eventos, a exemplos de casamentos, bailes, festas, formaturas, anivers\u00e1rios e afins que cumulem nas aglomera\u00e7\u00f5es;<\/p>\n<p style=\"font-weight: 400; text-align: justify;\">IV \u2013 atividades e eventos em centros comunit\u00e1rios.<\/p>\n<p style=\"font-weight: 400; text-align: justify;\">Art. 2\u00ba Permanece suspenso o funcionamento de saunas.<\/p>\n<p style=\"font-weight: 400; text-align: justify;\">Art. 3\u00ba Fica proibido \u00e0 expedi\u00e7\u00e3o de autoriza\u00e7\u00f5es e emiss\u00f5es de alvar\u00e1s para eventos p\u00fablicos ou privados e tempor\u00e1rios.<\/p>\n<p style=\"font-weight: 400; text-align: justify;\">Art. 4\u00ba Permanecem suspensos os protestos extrajudiciais e as execu\u00e7\u00f5es fiscais dos \u00f3rg\u00e3os da Administra\u00e7\u00e3o Direta por 120 (cento e vinte) dias, a contar de 29 de maio de 2020, ressalvados os sujeitos \u00e0 prescri\u00e7\u00e3o e urg\u00eancias.<\/p>\n<p style=\"font-weight: 400; text-align: justify;\">Art. 5\u00ba Permanece suspenso, at\u00e9 o dia 30 de junho de 2020, o atendimento pessoal no posto banc\u00e1rio Santander localizado no Pa\u00e7o Municipal.<\/p>\n<p style=\"font-weight: 400; text-align: justify;\">Art. 6\u00ba Permanece suspensa, por tempo indeterminado, a cobran\u00e7a de zona azul.<\/p>\n<p style=\"font-weight: 400; text-align: justify;\">Art. 7\u00ba Os prazos administrativos relacionados \u00e0s multas, autua\u00e7\u00f5es e processos administrativos, permanecem suspensos at\u00e9 o dia 30 de junho de 2020, exceto quanto \u00e0s medidas urgentes e recursos em processos licitat\u00f3rios.<b><strong>\u00a0<\/strong><\/b><\/p>\n<p style=\"font-weight: 400; text-align: justify;\">Art. 8\u00ba Fica autorizado o funcionamento no munic\u00edpio de Dracena, dos seguintes estabelecimentos e atividades, com restri\u00e7\u00e3o, e observadas \u00e0s medidas sanit\u00e1rias:<\/p>\n<p style=\"font-weight: 400; text-align: justify;\">I \u2013 galerias, com\u00e9rcios varejistas e atacadistas;<\/p>\n<p style=\"font-weight: 400; text-align: justify;\">II &#8211; restaurantes, bares e similares (lanchonetes, pastelarias,\u00a0<em>rotisseries,\u00a0<\/em>sorveterias, pizzarias, com\u00e9rcio food truck, carrinhos de lanches,\u00a0<em>lan house (cyber caf\u00e9), trailers de lanches, casa de caf\u00e9;<\/em><em>\u00a0<\/em><\/p>\n<p style=\"font-weight: 400; text-align: justify;\">III &#8211; sal\u00e3o de beleza, espa\u00e7os de beleza e est\u00e9tica, barbearias, pod\u00f3logo;<\/p>\n<p style=\"font-weight: 400; text-align: justify;\">IV \u2013 atividades imobili\u00e1rias;<\/p>\n<p style=\"font-weight: 400; text-align: justify;\">V \u2013 concession\u00e1rias e estabelecimentos de revenda de ve\u00edculos;<\/p>\n<p style=\"font-weight: 400; text-align: justify;\">VI \u2013 escrit\u00f3rios (advocacia, despachante, contabilidade, engenharia e similares);<\/p>\n<p style=\"font-weight: 400; text-align: justify;\">Art. 9\u00ba Fica autorizado o atendimento presencial do com\u00e9rcio no munic\u00edpio de Dracena ao limite de 20% (vinte por cento) da capacidade local, no hor\u00e1rio das 8 \u00e0s 12h, de segunda-feira a sexta-feira, e das 9h \u00e0s 13h aos s\u00e1bados, sem preju\u00edzo do atendimento delivery e drive thru.<\/p>\n<p style=\"font-weight: 400; text-align: justify;\">Art. 10. A ocupa\u00e7\u00e3o simult\u00e2nea dos bares, restaurantes e similares deve ser limitada a 20% (vinte por cento) no m\u00e1ximo da capacidade local, inclusive quanto \u00e0s pessoas sentadas, especialmente quando prevista no alvar\u00e1 de funcionamento ou no auto de vistoria do Corpo de Bombeiros, observado o distanciamento social de no m\u00ednimo 2 (dois) metros, aglomera\u00e7\u00f5es, medidas de higiene do estabelecimento, banheiros e funcion\u00e1rios.<\/p>\n<ul style=\"text-align: justify;\">\n<li style=\"font-weight: 400;\">1\u00ba Fica vedado show, som mec\u00e2nico\/ambiente ou ao vivo nos restaurantes, bares e similares.<\/li>\n<\/ul>\n<ul style=\"text-align: justify;\">\n<li style=\"font-weight: 400;\">2\u00ba O hor\u00e1rio de funcionamento di\u00e1rio dos restaurantes, lanchonetes, pastelarias,<em>rotisseries,<\/em>sorveterias, pizzarias, com\u00e9rcio food truck, carrinhos de lanches,\u00a0<em>lan house (cyber caf\u00e9), trailers de lanches,\u00a0<\/em>dever\u00e1 ser das 11h \u00e0s 14h ou das 19h \u00e0s 23h, sem preju\u00edzo do atendimento delivery e drive thru, bem como ado\u00e7\u00e3o de todas as instru\u00e7\u00f5es de seguran\u00e7a, distanciamento m\u00ednimo e higiene, e do Protocolo Sanit\u00e1rio dispon\u00edveis no endere\u00e7o eletr\u00f4nico do Governo do Estado de S\u00e3o Paulo,\u00a0<a href=\"http:\/\/www.saopaulo.sp.gov.br\/coronavirus\/planosp\">www.saopaulo.sp.gov.br\/coronavirus\/planosp<\/a>.<\/li>\n<\/ul>\n<ul style=\"text-align: justify;\">\n<li style=\"font-weight: 400;\">3\u00ba O hor\u00e1rio de funcionamento dos bares e similares, considerando a atividade de fato, dever\u00e1 ser das 18h \u00e0s 21h, sem preju\u00edzo do atendimento delivery e drive thru, bem como ado\u00e7\u00e3o de todas as instru\u00e7\u00f5es de seguran\u00e7a, distanciamento m\u00ednimo e higiene, e do Protocolo Sanit\u00e1rio dispon\u00edveis no endere\u00e7o eletr\u00f4nico do Governo do Estado de S\u00e3o Paulo,<a href=\"http:\/\/www.saopaulo.sp.gov.br\/coronavirus\/planosp\">www.saopaulo.sp.gov.br\/coronavirus\/planosp<\/a>.<\/li>\n<\/ul>\n<p style=\"font-weight: 400; text-align: justify;\">Art.11. Os sal\u00f5es de beleza, os espa\u00e7os de beleza e est\u00e9tica, as barbearias, os pod\u00f3logos, atividades imobili\u00e1rias, escrit\u00f3rios e similares, dever\u00e3o adotar o atendimento individual com hora agendada, com\u00a0espa\u00e7o de marca\u00e7\u00f5es para garantir um menor fluxo de pessoas no local, uso de m\u00e1scara obrigat\u00f3ria pelos clientes, profissionais e funcion\u00e1rios, disponibilizar \u00e1lcool em gel 70%, observadas as medidas de distanciamento social e higiene previstas no Protocolo Sanit\u00e1rio\u00a0dispon\u00edveis no endere\u00e7o eletr\u00f4nico do Governo do Estado de S\u00e3o Paulo,\u00a0<a href=\"http:\/\/www.saopaulo.sp.gov.br\/coronavirus\/planosp\">www.saopaulo.sp.gov.br\/coronavirus\/planosp<\/a>,\u00a0vedado o consumo de bebidas e alimentos no estabelecimento.<\/p>\n<p style=\"font-weight: 400; text-align: justify;\">Art. 12. A fim de conter o avan\u00e7o do novo coronav\u00edrus, todos os estabelecimentos comerciais e prestadores de servi\u00e7os autorizados a funcionar no munic\u00edpio de Dracena dever\u00e3o adotar integralmente as medidas de distanciamento social, higiene pessoal, limpeza e higieniza\u00e7\u00e3o de ambientes e de comunica\u00e7\u00e3o previstas nos Protocolos Sanit\u00e1rios dos respectivos setores e subsetores dispon\u00edveis no endere\u00e7o eletr\u00f4nico do Governo do Estado de S\u00e3o Paulo,\u00a0<a href=\"http:\/\/www.saopaulo.sp.gov.br\/coronavirus\/planosp\">www.saopaulo.sp.gov.br\/coronavirus\/planosp<\/a>.<\/p>\n<p style=\"font-weight: 400; text-align: justify;\">Art.13.\u00a0Fica autorizado o funcionamento das academias de esporte de toda a modalidade, considerada atividade essencial pelo Decreto Federal n\u00ba 10.282, de 2020, desde que obedecidas rigidamente \u00e0s recomenda\u00e7\u00f5es do Protocolo Sanit\u00e1rio dispon\u00edvel\u00a0no endere\u00e7o eletr\u00f4nico do Governo do Estado de S\u00e3o Paulo,\u00a0<a href=\"http:\/\/www.saopaulo.sp.gov.br\/coronavirus\/planosp\">www.saopaulo.sp.gov.br\/coronavirus\/planosp<\/a>\u00a0bem como as recomenda\u00e7\u00f5es do Conselho Regional de Educa\u00e7\u00e3o F\u00edsica.<\/p>\n<ul style=\"text-align: justify;\">\n<li style=\"font-weight: 400;\">1\u00ba O hor\u00e1rio de funcionamento das atividades descritas no<em>caput<\/em>deste artigo dever\u00e1 ser das 6h \u00e0s 10h de segunda feira a s\u00e1bado e das 17h \u00e0s 21h de segunda-feira \u00e0 sexta-feira, observado o acesso, circula\u00e7\u00e3o e perman\u00eancia de no m\u00e1ximo uma pessoa para cada oito metros quadrados de \u00e1rea total interna.<\/li>\n<li style=\"font-weight: 400;\">2\u00ba Fica vedado o ingresso de usu\u00e1rios com idade igual ou superior a 60 (sessenta) anos e os considerados grupos de risco, salvo apresenta\u00e7\u00e3o de recomenda\u00e7\u00e3o m\u00e9dica para a pr\u00e1tica de exerc\u00edcios.<\/li>\n<\/ul>\n<p style=\"font-weight: 400; text-align: justify;\">Art. 14. Fica autorizada aula presencial individual nas escolas de m\u00fasica, observadas as medidas de distanciamento entre professor e aluno, vedada a presen\u00e7a de idosos acima de 60 anos e pessoas do grupo de risco, uso obrigat\u00f3rio de m\u00e1scara de prote\u00e7\u00e3o facial, distanciamento social m\u00ednimo de 2 (dois) metros, disponibiliza\u00e7\u00e3o de \u00e1lcool em gel 70% e demais normas de higieniza\u00e7\u00e3o.<\/p>\n<p style=\"font-weight: 400; text-align: justify;\">Art. 15. Fica autorizada atividades religiosas, limitada a ocupa\u00e7\u00e3o simult\u00e2nea do local a 40% (quarenta por cento) de sua capacidade, observado o distanciamento m\u00ednimo de 2 (dois) metros entre as pessoas, uso obrigat\u00f3rio de m\u00e1scara facial de prote\u00e7\u00e3o, disponibiliza\u00e7\u00e3o de \u00e1lcool em gel 70% e demais normas de higieniza\u00e7\u00e3o.<\/p>\n<ul style=\"text-align: justify;\">\n<li style=\"font-weight: 400;\">1\u00ba Fica vedado o ingresso no interior do espa\u00e7o religioso, de crian\u00e7as de 0 (zero) a 12 (doze) anos, acompanhadas ou n\u00e3o, e idosos com idade igual ou superior a 60 (sessenta) anos, e os considerados grupo de risco.<\/li>\n<\/ul>\n<ul style=\"text-align: justify;\">\n<li style=\"font-weight: 400;\">2\u00ba A autoriza\u00e7\u00e3o que trata o<em>caput<\/em>deste artigo, fica limitada a dura\u00e7\u00e3o m\u00e1xima de 1 (uma) hora, n\u00e3o sendo permitido a\u00e7\u00f5es que promovam, abra\u00e7os, aperto de m\u00e3o e gestos similares.<\/li>\n<\/ul>\n<ul style=\"text-align: justify;\">\n<li style=\"font-weight: 400;\">3\u00b0 Ao t\u00e9rmino de cada atividade religiosa, fica determinado os procedimentos de higieniza\u00e7\u00e3o do local, nos termos dos protocolos sanit\u00e1rios e combate \u00e0 pandemia.<\/li>\n<\/ul>\n<p style=\"font-weight: 400; text-align: justify;\">Art. 16. O atendimento no Pa\u00e7o Municipal e nas demais reparti\u00e7\u00f5es p\u00fablicas municipais dever\u00e3o ser observadas as seguintes disposi\u00e7\u00f5es:<\/p>\n<p style=\"font-weight: 400; text-align: justify;\">I \u2013 o acesso ao Pa\u00e7o Municipal ser\u00e1 controlado, sendo o atendimento por meio de agendamento, atendendo as normas de distanciamento e demais medidas de higieniza\u00e7\u00e3o;<\/p>\n<p style=\"font-weight: 400; text-align: justify;\">II \u2013 somente ser\u00e1 autorizada a entrada da pessoa que estiver usando m\u00e1scara de prote\u00e7\u00e3o, profissional ou n\u00e3o;<\/p>\n<p style=\"font-weight: 400; text-align: justify;\">III \u2013 no ingresso ao Pa\u00e7o Municipal e nas reparti\u00e7\u00f5es, todos os indiv\u00edduos dever\u00e3o realizar a assepsia com \u00e1lcool em gel 70%;<\/p>\n<p style=\"font-weight: 400; text-align: justify;\">IV \u2013 no caso de pessoas acompanhadas, somente uma delas poder\u00e1 adentrar ao Pa\u00e7o Municipal e as reparti\u00e7\u00f5es, ressalvada a necessidade excepcional justific\u00e1vel do acompanhamento;<\/p>\n<p style=\"font-weight: 400; text-align: justify;\">V \u2013 fica proibida a entrada de crian\u00e7as de 0 a 12 anos, acompanhadas ou n\u00e3o, ressalvada a hip\u00f3tese excepcional de crian\u00e7a que estejam acompanhando seus respons\u00e1veis por motivos justific\u00e1veis;<\/p>\n<p style=\"font-weight: 400; text-align: justify;\">VI &#8211; no atendimento ao p\u00fablico deve-se observar estritamente, as determina\u00e7\u00f5es e recomenda\u00e7\u00f5es quanto ao distanciamento e higieniza\u00e7\u00e3o, previstas nos Protocolos Sanit\u00e1rios, do Plano S\u00e3o Paulo, no enfrentamento da COVID 19 e nas normas do Minist\u00e9rio da Sa\u00fade.<\/p>\n<p style=\"font-weight: 400; text-align: justify;\">Art. 17. Fica obrigat\u00f3rio o uso de m\u00e1scara de prote\u00e7\u00e3o facial no \u00e2mbito do munic\u00edpio de Dracena, por toda e qualquer pessoa durante a circula\u00e7\u00e3o em vias e logradouros p\u00fablicos, ingresso em reparti\u00e7\u00f5es p\u00fablicas e privadas, e ingresso em estabelecimentos comerciais, nos termos do Decreto n\u00ba 7.266, de 11 de maio de 2020.<\/p>\n<p style=\"font-weight: 400; text-align: justify;\">Art. 18. Fica obrigat\u00f3rio o uso de m\u00e1scara de prote\u00e7\u00e3o facial pelos funcion\u00e1rios, colaboradores e prestadores de servi\u00e7os dos estabelecimentos comerciais, bem como pelos prestadores de servi\u00e7os da constru\u00e7\u00e3o civil e aos servidores municipais e empregados p\u00fablicos da Administra\u00e7\u00e3o P\u00fablica Direta e Indireta, durante todo o per\u00edodo de trabalho, previsto no Decreto n\u00ba 7.266, de 2020, sem preju\u00edzo das demais medidas de higieniza\u00e7\u00e3o e distanciamento previstas nos Protocolos Sanit\u00e1rios do Plano S\u00e3o Paulo, disponibilizados no endere\u00e7o eletr\u00f4nico\u00a0<a href=\"http:\/\/www.saopaulo.sp.gov.br\/coronavirus\/planosp\">www.saopaulo.sp.gov.br\/coronavirus\/planosp<\/a>.<\/p>\n<p style=\"font-weight: 400; text-align: justify;\">Art. 19. O descumprimento das medidas previstas neste Decreto e nos demais Decretos Municipais de medidas de enfrentamento da COVID 19 implicar\u00e1 ao estabelecimento infrator a aplica\u00e7\u00e3o das seguintes penalidades, sem preju\u00edzo da responsabiliza\u00e7\u00e3o civil e criminal:<\/p>\n<p style=\"font-weight: 400; text-align: justify;\">I \u2013 aplica\u00e7\u00e3o de multa no valor de R$ 1.028,65 (um mil e vinte e oito reais e sessenta e cinco centavos);<\/p>\n<p style=\"font-weight: 400; text-align: justify;\">II \u2013 em caso de reincid\u00eancia ser\u00e1 suspenso\/cassado o alvar\u00e1, sem preju\u00edzo da multa aplicada.<\/p>\n<p style=\"font-weight: 400; text-align: justify;\">Art. 20.\u00a0Os estabelecimentos a que se referem \u00e0s atividades mencionadas neste Decreto dever\u00e3o manter em local vis\u00edvel aviso contendo as regras de utiliza\u00e7\u00e3o dos locais.<\/p>\n<p style=\"font-weight: 400; text-align: justify;\">Art. 21. As medidas previstas neste decreto poder\u00e3o ser reavaliadas a qualquer momento.<\/p>\n<p style=\"font-weight: 400; text-align: justify;\">Art. 22. Fica recomendado a toda popula\u00e7\u00e3o que, se poss\u00edvel, permane\u00e7a em suas casas e que, caso seja necess\u00e1rio o deslocamento para qualquer local, em decorr\u00eancia de eventual urg\u00eancia ou necessidade, que sejam tomadas as precau\u00e7\u00f5es, de forma a evitar aglomera\u00e7\u00f5es, adotando a compra solid\u00e1ria, em favor de vizinhos, parentes, amigos, evitando-se a exposi\u00e7\u00e3o, principalmente, de idosos, crian\u00e7as e outras pessoas consideradas grupo de risco, por uma s\u00f3 pessoa.<\/p>\n<p style=\"font-weight: 400; text-align: justify;\">Art. 23.\u00a0A \u00edntegra do Plano S\u00e3o Paulo e Protocolos Sanit\u00e1rios Setoriais podem ser consultados no s\u00edtio eletr\u00f4nico\u00a0<a href=\"http:\/\/www.saopaulo.sp.gov.br\/coronavirus\/planosp\">www.saopaulo.sp.gov.br\/coronavirus\/planosp<\/a>.<\/p>\n<p style=\"font-weight: 400; text-align: justify;\">Art. 24. Ficam mantidas, no que couber e n\u00e3o conflitar com o presente Decreto, as medidas determinadas no Decreto 7.244, de 16 de mar\u00e7o de 2020 e no Decreto n\u00ba 7.245, de 20 de mar\u00e7o de 2020.<\/p>\n<p style=\"font-weight: 400; text-align: justify;\">Art. 25. Fica expressamente revogado o Decreto Municipal n\u00ba 7.274, de 29 de maio de 2020, publicado em 30 de maio de 2020 e republicado em 2 de junho de 2020.<\/p>\n<p style=\"font-weight: 400; text-align: justify;\">Art. 26. Este Decreto entra em vigor na data da sua publica\u00e7\u00e3o, retroagindo os seus efeitos a 16 de junho de 2020.<\/p>\n<p style=\"font-weight: 400; text-align: justify;\">Gabinete do Prefeito Municipal<\/p>\n<p style=\"font-weight: 400; text-align: justify;\">Dracena, 15 de junho de 2020.<\/p>\n<p style=\"font-weight: 400; text-align: justify;\">JULIANO BRITO BERTOLINI<\/p>\n<p style=\"font-weight: 400; text-align: justify;\">Prefeito Municipal<\/p>\n<p style=\"font-weight: 400; text-align: justify;\">Registrado e publicado por afixa\u00e7\u00e3o, no lugar p\u00fablico do costume desta Prefeitura e na imprensa local. Dracena, data supra.<\/p>\n<p style=\"font-weight: 400; text-align: justify;\">ALESSANDRA SCARPINI ALVES<\/p>\n<p style=\"font-weight: 400; text-align: justify;\">Secret\u00e1ria de Assuntos Jur\u00eddicos<\/p>\n<p>Foto Jorge Zanoni<\/p>\n","protected":false},"excerpt":{"rendered":"<p>Leia atentamento o Decreto que permite que o com\u00e9rcio e loja permane\u00e7am abertos das 08 \u00e0s 12 Hs. de segunda \u00e0 sexta-feira e 9 \u00e0s 13 Hs. no s\u00e1bado. Bares, Lanchonetes e restaurante por exemplo, ter\u00e3o hor\u00e1rios especiais. Jorge Zanoni Novo Decreto Municipal (n.\u00ba 7.280\/2020) com medidas de enfrentamento ao coronav\u00edrus em Dracena Disp\u00f5e sobre [&hellip;]<\/p>\n","protected":false},"author":1,"featured_media":28609,"comment_status":"closed","ping_status":"open","sticky":false,"template":"","format":"standard","meta":{"footnotes":""},"categories":[179,184,110],"tags":[],"class_list":["post-28608","post","type-post","status-publish","format-standard","has-post-thumbnail","hentry","category-cidadeseregiao","category-dracena","category-noticiasdestaque"],"_links":{"self":[{"href":"https:\/\/jorgezanoni.com.br\/2019\/wp-json\/wp\/v2\/posts\/28608","targetHints":{"allow":["GET"]}}],"collection":[{"href":"https:\/\/jorgezanoni.com.br\/2019\/wp-json\/wp\/v2\/posts"}],"about":[{"href":"https:\/\/jorgezanoni.com.br\/2019\/wp-json\/wp\/v2\/types\/post"}],"author":[{"embeddable":true,"href":"https:\/\/jorgezanoni.com.br\/2019\/wp-json\/wp\/v2\/users\/1"}],"replies":[{"embeddable":true,"href":"https:\/\/jorgezanoni.com.br\/2019\/wp-json\/wp\/v2\/comments?post=28608"}],"version-history":[{"count":0,"href":"https:\/\/jorgezanoni.com.br\/2019\/wp-json\/wp\/v2\/posts\/28608\/revisions"}],"wp:featuredmedia":[{"embeddable":true,"href":"https:\/\/jorgezanoni.com.br\/2019\/wp-json\/wp\/v2\/media\/28609"}],"wp:attachment":[{"href":"https:\/\/jorgezanoni.com.br\/2019\/wp-json\/wp\/v2\/media?parent=28608"}],"wp:term":[{"taxonomy":"category","embeddable":true,"href":"https:\/\/jorgezanoni.com.br\/2019\/wp-json\/wp\/v2\/categories?post=28608"},{"taxonomy":"post_tag","embeddable":true,"href":"https:\/\/jorgezanoni.com.br\/2019\/wp-json\/wp\/v2\/tags?post=28608"}],"curies":[{"name":"wp","href":"https:\/\/api.w.org\/{rel}","templated":true}]}}