{"id":28604,"date":"2020-06-16T17:32:54","date_gmt":"2020-06-16T17:32:54","guid":{"rendered":"https:\/\/jorgezanoni.com.br\/2019\/?p=28604"},"modified":"2020-06-16T17:32:54","modified_gmt":"2020-06-16T17:32:54","slug":"irmas-dracenenses-tem-bebes-no-mesmo-dia-na-santa-casa-local","status":"publish","type":"post","link":"https:\/\/jorgezanoni.com.br\/2019\/irmas-dracenenses-tem-bebes-no-mesmo-dia-na-santa-casa-local\/","title":{"rendered":"Irm\u00e3s dracenenses tem beb\u00eas no mesmo dia na Santa Casa Local"},"content":{"rendered":"<p style=\"text-align: justify;\">As irm\u00e3s dracenenses Cl\u00e1udia e Helen Ramos Lopes, tiveram os beb\u00eas no dia 7 de abril de 2020, com uma hora de diferen\u00e7a e foram cuidadas pela m\u00e3e Rita que as acompanhou na Santa Casa de Dracena.<\/p>\n<p style=\"text-align: justify;\">Em abril as duas irm\u00e3s que ficaram gr\u00e1vidas em \u00e9pocas diferentes, o beb\u00ea da Helen, Isaac Yudi que foi prematuro e ainda gemeo (o outro beb\u00ea acabou falecendo), e o beb\u00ea da Cl\u00e1udia, Arthur Miguel, vieram ao mundo com pouco tempo de diferen\u00e7a.<\/p>\n<p style=\"text-align: justify;\">Os pais do do Isaac Yudi, Marcelo e do Arthur Miguel, Rafael tamb\u00e9m estiveram presentes nesse momento t\u00e3o feliz e \u00fanico da fam\u00edlia.<\/p>\n<p style=\"text-align: justify;\">Veja como foi a alegria em uma rede social dos familiares:<br \/>\n<img loading=\"lazy\" decoding=\"async\" class=\"alignnone size-full wp-image-28605\" src=\"https:\/\/jorgezanoni.com.br\/2019\/wp-content\/uploads\/2020\/06\/helen.jpg\" alt=\"\" width=\"606\" height=\"1280\" srcset=\"https:\/\/jorgezanoni.com.br\/2019\/wp-content\/uploads\/2020\/06\/helen.jpg 606w, https:\/\/jorgezanoni.com.br\/2019\/wp-content\/uploads\/2020\/06\/helen-142x300.jpg 142w, https:\/\/jorgezanoni.com.br\/2019\/wp-content\/uploads\/2020\/06\/helen-485x1024.jpg 485w, https:\/\/jorgezanoni.com.br\/2019\/wp-content\/uploads\/2020\/06\/helen-199x420.jpg 199w\" sizes=\"auto, (max-width: 606px) 100vw, 606px\" \/> <img loading=\"lazy\" decoding=\"async\" class=\"alignnone size-full wp-image-28606\" src=\"https:\/\/jorgezanoni.com.br\/2019\/wp-content\/uploads\/2020\/06\/helle1.jpg\" alt=\"\" width=\"606\" height=\"1280\" srcset=\"https:\/\/jorgezanoni.com.br\/2019\/wp-content\/uploads\/2020\/06\/helle1.jpg 606w, https:\/\/jorgezanoni.com.br\/2019\/wp-content\/uploads\/2020\/06\/helle1-142x300.jpg 142w, https:\/\/jorgezanoni.com.br\/2019\/wp-content\/uploads\/2020\/06\/helle1-485x1024.jpg 485w, https:\/\/jorgezanoni.com.br\/2019\/wp-content\/uploads\/2020\/06\/helle1-199x420.jpg 199w\" sizes=\"auto, (max-width: 606px) 100vw, 606px\" \/> <img loading=\"lazy\" decoding=\"async\" class=\"alignnone size-full wp-image-28607\" src=\"https:\/\/jorgezanoni.com.br\/2019\/wp-content\/uploads\/2020\/06\/hellen2.jpg\" alt=\"\" width=\"606\" height=\"1280\" srcset=\"https:\/\/jorgezanoni.com.br\/2019\/wp-content\/uploads\/2020\/06\/hellen2.jpg 606w, https:\/\/jorgezanoni.com.br\/2019\/wp-content\/uploads\/2020\/06\/hellen2-142x300.jpg 142w, https:\/\/jorgezanoni.com.br\/2019\/wp-content\/uploads\/2020\/06\/hellen2-485x1024.jpg 485w, https:\/\/jorgezanoni.com.br\/2019\/wp-content\/uploads\/2020\/06\/hellen2-199x420.jpg 199w\" sizes=\"auto, (max-width: 606px) 100vw, 606px\" \/><\/p>\n","protected":false},"excerpt":{"rendered":"<p>As irm\u00e3s dracenenses Cl\u00e1udia e Helen Ramos Lopes, tiveram os beb\u00eas no dia 7 de abril de 2020, com uma hora de diferen\u00e7a e foram cuidadas pela m\u00e3e Rita que as acompanhou na Santa Casa de Dracena. Em abril as duas irm\u00e3s que ficaram gr\u00e1vidas em \u00e9pocas diferentes, o beb\u00ea da Helen, Isaac Yudi que [&hellip;]<\/p>\n","protected":false},"author":1,"featured_media":28613,"comment_status":"closed","ping_status":"open","sticky":false,"template":"","format":"standard","meta":{"footnotes":""},"categories":[179,184,110],"tags":[],"class_list":["post-28604","post","type-post","status-publish","format-standard","has-post-thumbnail","hentry","category-cidadeseregiao","category-dracena","category-noticiasdestaque"],"_links":{"self":[{"href":"https:\/\/jorgezanoni.com.br\/2019\/wp-json\/wp\/v2\/posts\/28604","targetHints":{"allow":["GET"]}}],"collection":[{"href":"https:\/\/jorgezanoni.com.br\/2019\/wp-json\/wp\/v2\/posts"}],"about":[{"href":"https:\/\/jorgezanoni.com.br\/2019\/wp-json\/wp\/v2\/types\/post"}],"author":[{"embeddable":true,"href":"https:\/\/jorgezanoni.com.br\/2019\/wp-json\/wp\/v2\/users\/1"}],"replies":[{"embeddable":true,"href":"https:\/\/jorgezanoni.com.br\/2019\/wp-json\/wp\/v2\/comments?post=28604"}],"version-history":[{"count":0,"href":"https:\/\/jorgezanoni.com.br\/2019\/wp-json\/wp\/v2\/posts\/28604\/revisions"}],"wp:featuredmedia":[{"embeddable":true,"href":"https:\/\/jorgezanoni.com.br\/2019\/wp-json\/wp\/v2\/media\/28613"}],"wp:attachment":[{"href":"https:\/\/jorgezanoni.com.br\/2019\/wp-json\/wp\/v2\/media?parent=28604"}],"wp:term":[{"taxonomy":"category","embeddable":true,"href":"https:\/\/jorgezanoni.com.br\/2019\/wp-json\/wp\/v2\/categories?post=28604"},{"taxonomy":"post_tag","embeddable":true,"href":"https:\/\/jorgezanoni.com.br\/2019\/wp-json\/wp\/v2\/tags?post=28604"}],"curies":[{"name":"wp","href":"https:\/\/api.w.org\/{rel}","templated":true}]}}