{"id":28597,"date":"2020-06-16T15:11:03","date_gmt":"2020-06-16T15:11:03","guid":{"rendered":"https:\/\/jorgezanoni.com.br\/2019\/?p=28597"},"modified":"2020-06-16T15:20:55","modified_gmt":"2020-06-16T15:20:55","slug":"morre-morador-de-dracena-com-suspeita-da-covid-19","status":"publish","type":"post","link":"https:\/\/jorgezanoni.com.br\/2019\/morre-morador-de-dracena-com-suspeita-da-covid-19\/","title":{"rendered":"Morre morador de Dracena com suspeita da COVID-19"},"content":{"rendered":"<p style=\"text-align: justify;\"><strong>Sandro Rog\u00e9rio Milanez de 51 anos, morador do Parque Dracena, faleceu na Santa Casa de Dracena na manh\u00e3 desta ter\u00e7a-feira (16) com suspeita da COVID-19, se for confirmado, ser\u00e1 o 3\u00ba \u00f3bito ocasionado pelo V\u00edrus.<\/strong><\/p>\n<p style=\"text-align: justify;\">Segundo informa\u00e7\u00f5es obtidas pela reportagem do Site JZ, Milanez deu entrada ontem na Santa Casa local, ele estava sendo tratado do caso como COVID-19 em sua pr\u00f3rpia resid\u00eancia, hoje pela manh\u00e3 teve complica\u00e7\u00f5es e n\u00e3o resistiu.<\/p>\n<p style=\"text-align: justify;\">O sepultamento ocorreu ainda nesta manh\u00e3 no Cemit\u00e9rio Municipal de Dracena, como recomenda os \u00f3rg\u00e3os de Sa\u00fade, informou a Mutu\u00e1ria Dracenense.<\/p>\n<p style=\"text-align: justify;\">Jorge Zanoni<\/p>\n<p style=\"text-align: justify;\">NOTA OFICIAL DA PREFEITURA DE DRACENA.<\/p>\n<p style=\"text-align: justify;\">A Prefeitura de Dracena, por meio da Secretaria Municipal de Sa\u00fade e Higiene P\u00fablica, confirma o falecimento de um morador de Dracena com 51 anos de idade. A morte do paciente \u00e9 considerada SUSPEITA de Covid-19.<\/p>\n<p style=\"text-align: justify;\">O falecimento ocorreu \u00e0s 8h e a Prefeitura foi comunicada oficialmente \u00e0s 10h50.<\/p>\n<p style=\"text-align: justify;\">O paciente havia feito exame de teste r\u00e1pido no s\u00e1bado (13), por\u00e9m o resultado deu negativo, pois n\u00e3o estava no tempo recomendado de coleta (07 dias ap\u00f3s in\u00edcio dos sintomas). Diante disso, foi colhido material SWAB hoje pela manh\u00e3 (antes do \u00f3bito) para exame de PCR e enviado para o laborat\u00f3rio do Instituto Adolfo Lutz de S\u00e3o Paulo.<\/p>\n<p style=\"text-align: justify;\">A Prefeitura aguardar\u00e1 resultado do exame PCR para poss\u00edvel confirma\u00e7\u00e3o.<\/p>\n<p style=\"text-align: justify;\">Ele estava internado no leito de isolamento da UTI da Santa Casa de Dracena desde ontem (15), devido agravamento dos sintomas. Segundo o prontu\u00e1rio m\u00e9dico do paciente, ele n\u00e3o apresentava nenhuma comorbidade e n\u00e3o fazia parte do grupo de risco.<\/p>\n<p style=\"text-align: justify;\">A Prefeitura, atrav\u00e9s do prefeito, lamenta o ocorrido e externa solidariedade aos familiares e amigos da v\u00edtima.<\/p>\n<p style=\"text-align: justify;\">O prefeito ainda pede a colabora\u00e7\u00e3o de toda a popula\u00e7\u00e3o para seguir com rigor a todas as recomenda\u00e7\u00f5es dadas pela OMS, Minist\u00e9rio da Sa\u00fade e Secretaria Municipal de Sa\u00fade, e, seguir tamb\u00e9m, todas as orienta\u00e7\u00f5es e determina\u00e7\u00f5es previstas no Decreto Municipal n\u00ba 7.820\/2020.<\/p>\n<p style=\"text-align: justify;\">Fonte: https:\/\/www.facebook.com\/prefeituradracena\/<\/p>\n<p>&nbsp;<\/p>\n<p>&nbsp;<\/p>\n","protected":false},"excerpt":{"rendered":"<p>Sandro Rog\u00e9rio Milanez de 51 anos, morador do Parque Dracena, faleceu na Santa Casa de Dracena na manh\u00e3 desta ter\u00e7a-feira (16) com suspeita da COVID-19, se for confirmado, ser\u00e1 o 3\u00ba \u00f3bito ocasionado pelo V\u00edrus. Segundo informa\u00e7\u00f5es obtidas pela reportagem do Site JZ, Milanez deu entrada ontem na Santa Casa local, ele estava sendo tratado [&hellip;]<\/p>\n","protected":false},"author":1,"featured_media":28598,"comment_status":"closed","ping_status":"open","sticky":false,"template":"","format":"standard","meta":{"footnotes":""},"categories":[178,110],"tags":[],"class_list":["post-28597","post","type-post","status-publish","format-standard","has-post-thumbnail","hentry","category-notadefalecimento","category-noticiasdestaque"],"_links":{"self":[{"href":"https:\/\/jorgezanoni.com.br\/2019\/wp-json\/wp\/v2\/posts\/28597","targetHints":{"allow":["GET"]}}],"collection":[{"href":"https:\/\/jorgezanoni.com.br\/2019\/wp-json\/wp\/v2\/posts"}],"about":[{"href":"https:\/\/jorgezanoni.com.br\/2019\/wp-json\/wp\/v2\/types\/post"}],"author":[{"embeddable":true,"href":"https:\/\/jorgezanoni.com.br\/2019\/wp-json\/wp\/v2\/users\/1"}],"replies":[{"embeddable":true,"href":"https:\/\/jorgezanoni.com.br\/2019\/wp-json\/wp\/v2\/comments?post=28597"}],"version-history":[{"count":0,"href":"https:\/\/jorgezanoni.com.br\/2019\/wp-json\/wp\/v2\/posts\/28597\/revisions"}],"wp:featuredmedia":[{"embeddable":true,"href":"https:\/\/jorgezanoni.com.br\/2019\/wp-json\/wp\/v2\/media\/28598"}],"wp:attachment":[{"href":"https:\/\/jorgezanoni.com.br\/2019\/wp-json\/wp\/v2\/media?parent=28597"}],"wp:term":[{"taxonomy":"category","embeddable":true,"href":"https:\/\/jorgezanoni.com.br\/2019\/wp-json\/wp\/v2\/categories?post=28597"},{"taxonomy":"post_tag","embeddable":true,"href":"https:\/\/jorgezanoni.com.br\/2019\/wp-json\/wp\/v2\/tags?post=28597"}],"curies":[{"name":"wp","href":"https:\/\/api.w.org\/{rel}","templated":true}]}}