{"id":28587,"date":"2020-06-16T00:48:51","date_gmt":"2020-06-16T00:48:51","guid":{"rendered":"https:\/\/jorgezanoni.com.br\/2019\/?p=28587"},"modified":"2020-06-16T00:48:51","modified_gmt":"2020-06-16T00:48:51","slug":"com-equipamento-de-protecao-individual-completo-equipe-da-educacao-municipal-reforca-as-medidas-protetivas-contra-o-covid-19","status":"publish","type":"post","link":"https:\/\/jorgezanoni.com.br\/2019\/com-equipamento-de-protecao-individual-completo-equipe-da-educacao-municipal-reforca-as-medidas-protetivas-contra-o-covid-19\/","title":{"rendered":"Com equipamento de prote\u00e7\u00e3o individual completo, equipe da Educa\u00e7\u00e3o Municipal refor\u00e7a as medidas protetivas contra o Covid-19"},"content":{"rendered":"<p style=\"font-weight: 400; text-align: justify;\">As atividades letivas v\u00eam sendo realizadas remotamente, a fim de atender o decreto municipal do Isolamento Social e as medidas impostas pelo Governo do Estado em preven\u00e7\u00e3o ao Covid-19.<\/p>\n<p style=\"font-weight: 400; text-align: justify;\">Apesar disso, a equipe da Educa\u00e7\u00e3o Municipal segue com o planejamento das aulas \u00e0 dist\u00e2ncia e trabalho interno na secretaria, a fim de dar suporte aos pais, alunos e professores durante este per\u00edodo at\u00edpico.<\/p>\n<p style=\"font-weight: 400; text-align: justify;\">Para refor\u00e7ar os cuidados preventivos entre a equipe, a Secretaria de Educa\u00e7\u00e3o adquiriu EPI (Equipamentos de Prote\u00e7\u00e3o Individual) completos para todos os profissionais atuantes da EMEFEI Prof. Armando Lopes Moreno.<\/p>\n<p style=\"font-weight: 400; text-align: justify;\">Al\u00e9m de m\u00e1scaras, foram entregues aventais e luvas, que ser\u00e3o utilizados a cada encontro da equipe.<\/p>\n<p style=\"text-align: justify;\">Fonte: Prefeitura Municipal Flora Rica<\/p>\n","protected":false},"excerpt":{"rendered":"<p>As atividades letivas v\u00eam sendo realizadas remotamente, a fim de atender o decreto municipal do Isolamento Social e as medidas impostas pelo Governo do Estado em preven\u00e7\u00e3o ao Covid-19. Apesar disso, a equipe da Educa\u00e7\u00e3o Municipal segue com o planejamento das aulas \u00e0 dist\u00e2ncia e trabalho interno na secretaria, a fim de dar suporte aos [&hellip;]<\/p>\n","protected":false},"author":1,"featured_media":28588,"comment_status":"closed","ping_status":"open","sticky":false,"template":"","format":"standard","meta":{"footnotes":""},"categories":[179,193],"tags":[],"class_list":["post-28587","post","type-post","status-publish","format-standard","has-post-thumbnail","hentry","category-cidadeseregiao","category-florarica"],"_links":{"self":[{"href":"https:\/\/jorgezanoni.com.br\/2019\/wp-json\/wp\/v2\/posts\/28587","targetHints":{"allow":["GET"]}}],"collection":[{"href":"https:\/\/jorgezanoni.com.br\/2019\/wp-json\/wp\/v2\/posts"}],"about":[{"href":"https:\/\/jorgezanoni.com.br\/2019\/wp-json\/wp\/v2\/types\/post"}],"author":[{"embeddable":true,"href":"https:\/\/jorgezanoni.com.br\/2019\/wp-json\/wp\/v2\/users\/1"}],"replies":[{"embeddable":true,"href":"https:\/\/jorgezanoni.com.br\/2019\/wp-json\/wp\/v2\/comments?post=28587"}],"version-history":[{"count":0,"href":"https:\/\/jorgezanoni.com.br\/2019\/wp-json\/wp\/v2\/posts\/28587\/revisions"}],"wp:featuredmedia":[{"embeddable":true,"href":"https:\/\/jorgezanoni.com.br\/2019\/wp-json\/wp\/v2\/media\/28588"}],"wp:attachment":[{"href":"https:\/\/jorgezanoni.com.br\/2019\/wp-json\/wp\/v2\/media?parent=28587"}],"wp:term":[{"taxonomy":"category","embeddable":true,"href":"https:\/\/jorgezanoni.com.br\/2019\/wp-json\/wp\/v2\/categories?post=28587"},{"taxonomy":"post_tag","embeddable":true,"href":"https:\/\/jorgezanoni.com.br\/2019\/wp-json\/wp\/v2\/tags?post=28587"}],"curies":[{"name":"wp","href":"https:\/\/api.w.org\/{rel}","templated":true}]}}