{"id":28559,"date":"2020-06-15T15:13:52","date_gmt":"2020-06-15T15:13:52","guid":{"rendered":"https:\/\/jorgezanoni.com.br\/2019\/?p=28559"},"modified":"2020-06-15T15:13:52","modified_gmt":"2020-06-15T15:13:52","slug":"morador-de-pauliceia-se-envolve-em-capotamento-de-veiculo-em-curva-na-sp-294-em-santa-mercedes","status":"publish","type":"post","link":"https:\/\/jorgezanoni.com.br\/2019\/morador-de-pauliceia-se-envolve-em-capotamento-de-veiculo-em-curva-na-sp-294-em-santa-mercedes\/","title":{"rendered":"Morador de Paulic\u00e9ia se envolve em capotamento de ve\u00edculo em curva na SP-294 em Santa Mercedes"},"content":{"rendered":"<p style=\"text-align: justify;\"><span style=\"font-size: x-large;\">O Setor de Resgate da Eixo SP atendeu na manh\u00e3 desta segunda-feira (15), um capotamento de carro na curva do motel em Santa Mercedes. Condutor foi mobilizado e conduzido \u00e0 unidade de socorro pr\u00f3xima.\u00a0<\/span><\/p>\n<div style=\"text-align: justify;\"><span style=\"font-size: x-large;\">\u00a0<\/span><\/div>\n<div style=\"text-align: justify;\"><span style=\"font-size: x-large;\">Segundo o Pronto Atendimento de Panorama a v\u00edtima um homem que seria morador de Paulic\u00e9ia deu entrada na unidade de socorro, consciente, conversando, a princ\u00edpio nada grave.\u00a0<\/span><span style=\"font-size: x-large;\">Paciente passaria pelo raio x.\u00a0<\/span><\/div>\n<div><\/div>\n<div><img loading=\"lazy\" decoding=\"async\" class=\"alignnone size-full wp-image-28560\" src=\"https:\/\/jorgezanoni.com.br\/2019\/wp-content\/uploads\/2020\/06\/capote.jpg\" alt=\"\" width=\"640\" height=\"360\" srcset=\"https:\/\/jorgezanoni.com.br\/2019\/wp-content\/uploads\/2020\/06\/capote.jpg 640w, https:\/\/jorgezanoni.com.br\/2019\/wp-content\/uploads\/2020\/06\/capote-300x169.jpg 300w\" sizes=\"auto, (max-width: 640px) 100vw, 640px\" \/> <img loading=\"lazy\" decoding=\"async\" class=\"alignnone size-full wp-image-28561\" src=\"https:\/\/jorgezanoni.com.br\/2019\/wp-content\/uploads\/2020\/06\/capote2.jpg\" alt=\"\" width=\"640\" height=\"360\" srcset=\"https:\/\/jorgezanoni.com.br\/2019\/wp-content\/uploads\/2020\/06\/capote2.jpg 640w, https:\/\/jorgezanoni.com.br\/2019\/wp-content\/uploads\/2020\/06\/capote2-300x169.jpg 300w\" sizes=\"auto, (max-width: 640px) 100vw, 640px\" \/> <img loading=\"lazy\" decoding=\"async\" class=\"alignnone size-full wp-image-28562\" src=\"https:\/\/jorgezanoni.com.br\/2019\/wp-content\/uploads\/2020\/06\/capote3.jpg\" alt=\"\" width=\"640\" height=\"360\" srcset=\"https:\/\/jorgezanoni.com.br\/2019\/wp-content\/uploads\/2020\/06\/capote3.jpg 640w, https:\/\/jorgezanoni.com.br\/2019\/wp-content\/uploads\/2020\/06\/capote3-300x169.jpg 300w\" sizes=\"auto, (max-width: 640px) 100vw, 640px\" \/> <img loading=\"lazy\" decoding=\"async\" class=\"alignnone size-full wp-image-28563\" src=\"https:\/\/jorgezanoni.com.br\/2019\/wp-content\/uploads\/2020\/06\/capote4.jpg\" alt=\"\" width=\"360\" height=\"640\" srcset=\"https:\/\/jorgezanoni.com.br\/2019\/wp-content\/uploads\/2020\/06\/capote4.jpg 360w, https:\/\/jorgezanoni.com.br\/2019\/wp-content\/uploads\/2020\/06\/capote4-169x300.jpg 169w, https:\/\/jorgezanoni.com.br\/2019\/wp-content\/uploads\/2020\/06\/capote4-236x420.jpg 236w\" sizes=\"auto, (max-width: 360px) 100vw, 360px\" \/> <img loading=\"lazy\" decoding=\"async\" class=\"alignnone size-full wp-image-28564\" src=\"https:\/\/jorgezanoni.com.br\/2019\/wp-content\/uploads\/2020\/06\/capote5.jpg\" alt=\"\" width=\"360\" height=\"640\" srcset=\"https:\/\/jorgezanoni.com.br\/2019\/wp-content\/uploads\/2020\/06\/capote5.jpg 360w, https:\/\/jorgezanoni.com.br\/2019\/wp-content\/uploads\/2020\/06\/capote5-169x300.jpg 169w, https:\/\/jorgezanoni.com.br\/2019\/wp-content\/uploads\/2020\/06\/capote5-236x420.jpg 236w\" sizes=\"auto, (max-width: 360px) 100vw, 360px\" \/> <img loading=\"lazy\" decoding=\"async\" class=\"alignnone size-full wp-image-28566\" src=\"https:\/\/jorgezanoni.com.br\/2019\/wp-content\/uploads\/2020\/06\/capote8.jpg\" alt=\"\" width=\"180\" height=\"320\" srcset=\"https:\/\/jorgezanoni.com.br\/2019\/wp-content\/uploads\/2020\/06\/capote8.jpg 180w, https:\/\/jorgezanoni.com.br\/2019\/wp-content\/uploads\/2020\/06\/capote8-169x300.jpg 169w\" sizes=\"auto, (max-width: 180px) 100vw, 180px\" \/><\/div>\n<div style=\"text-align: justify;\"><\/div>\n<div style=\"text-align: justify;\">Fonte: Panorama Not\u00edcias<\/div>\n<div style=\"text-align: justify;\">Fotos de Internauta<\/div>\n<div><span style=\"font-size: x-large;\">\u00a0<\/span><\/div>\n<div><\/div>\n<div><\/div>\n","protected":false},"excerpt":{"rendered":"<p>O Setor de Resgate da Eixo SP atendeu na manh\u00e3 desta segunda-feira (15), um capotamento de carro na curva do motel em Santa Mercedes. Condutor foi mobilizado e conduzido \u00e0 unidade de socorro pr\u00f3xima.\u00a0 \u00a0 Segundo o Pronto Atendimento de Panorama a v\u00edtima um homem que seria morador de Paulic\u00e9ia deu entrada na unidade de [&hellip;]<\/p>\n","protected":false},"author":1,"featured_media":28567,"comment_status":"closed","ping_status":"open","sticky":false,"template":"","format":"standard","meta":{"footnotes":""},"categories":[170,110],"tags":[],"class_list":["post-28559","post","type-post","status-publish","format-standard","has-post-thumbnail","hentry","category-acidentes","category-noticiasdestaque"],"_links":{"self":[{"href":"https:\/\/jorgezanoni.com.br\/2019\/wp-json\/wp\/v2\/posts\/28559","targetHints":{"allow":["GET"]}}],"collection":[{"href":"https:\/\/jorgezanoni.com.br\/2019\/wp-json\/wp\/v2\/posts"}],"about":[{"href":"https:\/\/jorgezanoni.com.br\/2019\/wp-json\/wp\/v2\/types\/post"}],"author":[{"embeddable":true,"href":"https:\/\/jorgezanoni.com.br\/2019\/wp-json\/wp\/v2\/users\/1"}],"replies":[{"embeddable":true,"href":"https:\/\/jorgezanoni.com.br\/2019\/wp-json\/wp\/v2\/comments?post=28559"}],"version-history":[{"count":0,"href":"https:\/\/jorgezanoni.com.br\/2019\/wp-json\/wp\/v2\/posts\/28559\/revisions"}],"wp:featuredmedia":[{"embeddable":true,"href":"https:\/\/jorgezanoni.com.br\/2019\/wp-json\/wp\/v2\/media\/28567"}],"wp:attachment":[{"href":"https:\/\/jorgezanoni.com.br\/2019\/wp-json\/wp\/v2\/media?parent=28559"}],"wp:term":[{"taxonomy":"category","embeddable":true,"href":"https:\/\/jorgezanoni.com.br\/2019\/wp-json\/wp\/v2\/categories?post=28559"},{"taxonomy":"post_tag","embeddable":true,"href":"https:\/\/jorgezanoni.com.br\/2019\/wp-json\/wp\/v2\/tags?post=28559"}],"curies":[{"name":"wp","href":"https:\/\/api.w.org\/{rel}","templated":true}]}}