{"id":28556,"date":"2020-06-15T14:38:53","date_gmt":"2020-06-15T14:38:53","guid":{"rendered":"https:\/\/jorgezanoni.com.br\/2019\/?p=28556"},"modified":"2020-06-15T14:38:53","modified_gmt":"2020-06-15T14:38:53","slug":"morador-de-tupi-paulista-sofre-acidente-grave-na-sp-294","status":"publish","type":"post","link":"https:\/\/jorgezanoni.com.br\/2019\/morador-de-tupi-paulista-sofre-acidente-grave-na-sp-294\/","title":{"rendered":"Morador de Tupi Paulista sofre acidente grave na SP-294"},"content":{"rendered":"<p style=\"text-align: justify;\"><strong>Condutor de 28 anos teria perdido o controle do ve\u00edculo e chocado contra uma \u00e1rvore.<\/strong><\/p>\n<p style=\"text-align: justify;\">No in\u00edcio da noite de ontem, a Pol\u00edcia Militar Rodovi\u00e1ria base operacional de Adamantina, registrou um acidente na Rodovia Comandante Jo\u00e3o Ribeiro de Barros, SP-294, Km 653+800.<\/p>\n<p style=\"text-align: justify;\">Segundo informa\u00e7\u00f5es obtidas pela reportagem do Site JZ, T.V.S.C. de 28 anos morador de Tupi Paulista\/SP, que dirigia um ve\u00edculo Honra Civic, fazia o sentido Tupi Paulista a Dracena, quando por motivos a serem esclarecidos, perdeu o controle da dire\u00e7\u00e3o, chocando-se contra uma \u00e1rvore al\u00e9m do acostamento \u00e0 sua direita.<\/p>\n<p style=\"text-align: justify;\">Com a chegada da viatura, foi constatado que o condutor estava fora do ve\u00edculo com ferimentos considerados de natureza grave, sendo socorrido por uma Unidade de Resgate do Corpo de Bombeiros at\u00e9 o Pronto Atendimento Municipal de Dracena.<\/p>\n<p style=\"text-align: justify;\">H\u00e1 informa\u00e7\u00f5es que ainda ontem o rapaz foi transferido para Presidente Prudente dado a gravidade do seu estado de sa\u00fade.<\/p>\n<p style=\"text-align: justify;\">Al\u00e9m da Pol\u00edcia Rodovi\u00e1ria e Corpo de Bombeiros, compareceu no local a Pol\u00edcia T\u00e9cnica pra levantamento dos fatos e apurar as reais causas do acidente. Funcion\u00e1rios da Concession\u00e1ria Eixo sinalizaram e controlaram o tr\u00e2nsito no local<\/p>\n<p style=\"text-align: justify;\">Jorge Zanoni<\/p>\n<p>&nbsp;<\/p>\n","protected":false},"excerpt":{"rendered":"<p>Condutor de 28 anos teria perdido o controle do ve\u00edculo e chocado contra uma \u00e1rvore. No in\u00edcio da noite de ontem, a Pol\u00edcia Militar Rodovi\u00e1ria base operacional de Adamantina, registrou um acidente na Rodovia Comandante Jo\u00e3o Ribeiro de Barros, SP-294, Km 653+800. Segundo informa\u00e7\u00f5es obtidas pela reportagem do Site JZ, T.V.S.C. de 28 anos morador [&hellip;]<\/p>\n","protected":false},"author":1,"featured_media":28557,"comment_status":"closed","ping_status":"open","sticky":false,"template":"","format":"standard","meta":{"footnotes":""},"categories":[170,110],"tags":[],"class_list":["post-28556","post","type-post","status-publish","format-standard","has-post-thumbnail","hentry","category-acidentes","category-noticiasdestaque"],"_links":{"self":[{"href":"https:\/\/jorgezanoni.com.br\/2019\/wp-json\/wp\/v2\/posts\/28556","targetHints":{"allow":["GET"]}}],"collection":[{"href":"https:\/\/jorgezanoni.com.br\/2019\/wp-json\/wp\/v2\/posts"}],"about":[{"href":"https:\/\/jorgezanoni.com.br\/2019\/wp-json\/wp\/v2\/types\/post"}],"author":[{"embeddable":true,"href":"https:\/\/jorgezanoni.com.br\/2019\/wp-json\/wp\/v2\/users\/1"}],"replies":[{"embeddable":true,"href":"https:\/\/jorgezanoni.com.br\/2019\/wp-json\/wp\/v2\/comments?post=28556"}],"version-history":[{"count":0,"href":"https:\/\/jorgezanoni.com.br\/2019\/wp-json\/wp\/v2\/posts\/28556\/revisions"}],"wp:featuredmedia":[{"embeddable":true,"href":"https:\/\/jorgezanoni.com.br\/2019\/wp-json\/wp\/v2\/media\/28557"}],"wp:attachment":[{"href":"https:\/\/jorgezanoni.com.br\/2019\/wp-json\/wp\/v2\/media?parent=28556"}],"wp:term":[{"taxonomy":"category","embeddable":true,"href":"https:\/\/jorgezanoni.com.br\/2019\/wp-json\/wp\/v2\/categories?post=28556"},{"taxonomy":"post_tag","embeddable":true,"href":"https:\/\/jorgezanoni.com.br\/2019\/wp-json\/wp\/v2\/tags?post=28556"}],"curies":[{"name":"wp","href":"https:\/\/api.w.org\/{rel}","templated":true}]}}