{"id":28553,"date":"2020-06-15T14:18:17","date_gmt":"2020-06-15T14:18:17","guid":{"rendered":"https:\/\/jorgezanoni.com.br\/2019\/?p=28553"},"modified":"2020-06-15T14:18:17","modified_gmt":"2020-06-15T14:18:17","slug":"com-indicios-de-legitima-defesa-justica-concede-liberdade-ao-autor-de-homicidio","status":"publish","type":"post","link":"https:\/\/jorgezanoni.com.br\/2019\/com-indicios-de-legitima-defesa-justica-concede-liberdade-ao-autor-de-homicidio\/","title":{"rendered":"Com ind\u00edcios de \u201cleg\u00edtima defesa\u201d, Justi\u00e7a concede liberdade ao autor de homic\u00eddio"},"content":{"rendered":"<p style=\"text-align: justify;\">O vendedor e ex-jogador de Futsal, Cl\u00e1pis ganhou a liberdade no final da tarde deste domingo (14). O Judici\u00e1rio reconheceu ind\u00edcios de leg\u00edtima defesa e n\u00e3o viu motiva\u00e7\u00e3o para mant\u00ea-lo preso, ap\u00f3s o homem de 53 anos ter matado com dois golpes de faca a Evandro Kova, 41, no s\u00e1bado (13) \u00e0 tarde na Avenida Brasil, proximidades da Pra\u00e7a \u201cLucas Nogueira Garcez\u201d.<\/p>\n<p style=\"text-align: justify;\">Os ind\u00edcios apontam que Cl\u00e1pis estaria sendo amea\u00e7ado por Evandro e que apenas teria se defendido de uma agress\u00e3o que a v\u00edtima teria feito contra ele antes do crime acontecer. Testemunhas presenciaram a cena.<\/p>\n<p style=\"text-align: justify;\">Tamb\u00e9m no s\u00e1bado mesmo v\u00e1rios ind\u00edcios vieram \u00e0 tona que Cl\u00e1pis estaria sendo amea\u00e7ado por Evandro e que o autor do assassinato teria agido em leg\u00edtima defesa ao utilizar uma faca de aproximadamente 19 cent\u00edmetros (foto).<\/p>\n<p style=\"text-align: justify;\"><b>O CASO<\/b><\/p>\n<p style=\"text-align: justify;\">Segundo a Pol\u00edcia Militar, Cl\u00e1pis e testemunhas disseram que j\u00e1 vinha ocorrendo um desentendimento e amea\u00e7as entre os dois por causa da separa\u00e7\u00e3o entre o o autor e sua ex-mulher, que atualmente era companheira do homem que morreu.<\/p>\n<p style=\"text-align: justify;\">No dia do crime houve mais um desentendimento e agress\u00e3o por parte da v\u00edtima em rela\u00e7\u00e3o a Cl\u00e1pis. O autor alegou aos policiais que deu duas facadas para se defender. Evandro foi atingido na coxa.<\/p>\n<p style=\"text-align: justify;\">Durante a briga, o autor tamb\u00e9m se feriu e apresentava pequenas les\u00f5es nos joelhos. Ele foi atendido tamb\u00e9m na Santa Casa e liberado. A v\u00edtima chegou a ser socorrida, mas morreu no hospital durante uma cirurgia.<\/p>\n<p style=\"text-align: justify;\">Ainda de acordo com a pol\u00edcia, duas mulheres tamb\u00e9m se feriram enquanto tentavam apartar a briga. Elas tiveram cortes nos dedos, foram medicadas e liberadas.<\/p>\n<p style=\"text-align: justify;\">O caso foi registrado pela Pol\u00edcia Civil como homic\u00eddio simples. Cl\u00e1pis permaneceu \u00e0 disposi\u00e7\u00e3o da Justi\u00e7a na Cadeia de Adamantina, at\u00e9 ser colocado em liberdade neste domingo.<\/p>\n<p style=\"text-align: justify;\">Fonte: Ocnet<\/p>\n<p style=\"text-align: justify;\">Foto: Pol\u00edcia Civil\/cedida<\/p>\n","protected":false},"excerpt":{"rendered":"<p>O vendedor e ex-jogador de Futsal, Cl\u00e1pis ganhou a liberdade no final da tarde deste domingo (14). O Judici\u00e1rio reconheceu ind\u00edcios de leg\u00edtima defesa e n\u00e3o viu motiva\u00e7\u00e3o para mant\u00ea-lo preso, ap\u00f3s o homem de 53 anos ter matado com dois golpes de faca a Evandro Kova, 41, no s\u00e1bado (13) \u00e0 tarde na Avenida [&hellip;]<\/p>\n","protected":false},"author":1,"featured_media":28554,"comment_status":"closed","ping_status":"open","sticky":false,"template":"","format":"standard","meta":{"footnotes":""},"categories":[110,2],"tags":[],"class_list":["post-28553","post","type-post","status-publish","format-standard","has-post-thumbnail","hentry","category-noticiasdestaque","category-policial"],"_links":{"self":[{"href":"https:\/\/jorgezanoni.com.br\/2019\/wp-json\/wp\/v2\/posts\/28553","targetHints":{"allow":["GET"]}}],"collection":[{"href":"https:\/\/jorgezanoni.com.br\/2019\/wp-json\/wp\/v2\/posts"}],"about":[{"href":"https:\/\/jorgezanoni.com.br\/2019\/wp-json\/wp\/v2\/types\/post"}],"author":[{"embeddable":true,"href":"https:\/\/jorgezanoni.com.br\/2019\/wp-json\/wp\/v2\/users\/1"}],"replies":[{"embeddable":true,"href":"https:\/\/jorgezanoni.com.br\/2019\/wp-json\/wp\/v2\/comments?post=28553"}],"version-history":[{"count":0,"href":"https:\/\/jorgezanoni.com.br\/2019\/wp-json\/wp\/v2\/posts\/28553\/revisions"}],"wp:featuredmedia":[{"embeddable":true,"href":"https:\/\/jorgezanoni.com.br\/2019\/wp-json\/wp\/v2\/media\/28554"}],"wp:attachment":[{"href":"https:\/\/jorgezanoni.com.br\/2019\/wp-json\/wp\/v2\/media?parent=28553"}],"wp:term":[{"taxonomy":"category","embeddable":true,"href":"https:\/\/jorgezanoni.com.br\/2019\/wp-json\/wp\/v2\/categories?post=28553"},{"taxonomy":"post_tag","embeddable":true,"href":"https:\/\/jorgezanoni.com.br\/2019\/wp-json\/wp\/v2\/tags?post=28553"}],"curies":[{"name":"wp","href":"https:\/\/api.w.org\/{rel}","templated":true}]}}