{"id":28549,"date":"2020-06-15T13:54:21","date_gmt":"2020-06-15T13:54:21","guid":{"rendered":"https:\/\/jorgezanoni.com.br\/2019\/?p=28549"},"modified":"2020-06-15T13:54:49","modified_gmt":"2020-06-15T13:54:49","slug":"padrasto-e-acusado-de-abuso-sexual-de-menina-de-9-anos","status":"publish","type":"post","link":"https:\/\/jorgezanoni.com.br\/2019\/padrasto-e-acusado-de-abuso-sexual-de-menina-de-9-anos\/","title":{"rendered":"Padrasto \u00e9 acusado de abuso sexual de menina de 9 anos"},"content":{"rendered":"<p style=\"text-align: justify;\">A Pol\u00edcia Militar de Fl\u00f3rida Paulista registrou na noite deste domingo (14), uma ocorr\u00eancia de estupro de vulner\u00e1vel.<\/p>\n<p style=\"text-align: justify;\">Segundo informou a Pol\u00edcia Militar, \u00e0 reportagem do jornal e site Folha Regional, a viatura foi acionada e compareceu ao Jardim Bela Vista onde deparou-se com a m\u00e3e e a crian\u00e7a que tem 9 anos de idade bastante alteradas emocionalmente, onde a crian\u00e7a chorava muito.<\/p>\n<p style=\"text-align: justify;\">Durante o contato com os policiais, a m\u00e3e e a crian\u00e7a teriam relatado que o padrasto que tem 33 anos de idade estaria em casa sozinho com a menina e que teria pedido para que a crian\u00e7a ligasse para a genitora e que perguntasse se a mesma iria demorar para voltar para casa sendo que ap\u00f3s a liga\u00e7\u00e3o o autor teria cometido abusos contra a menor.<\/p>\n<p style=\"text-align: justify;\">Diante das informa\u00e7\u00f5es, a equipe da PM passou a realizar patrulhamento e localizou o acusado que estava a algumas quadras da resid\u00eancia. Ele foi detido e juntamente com as demais partes conduzido para o Plant\u00e3o Permanente de Pol\u00edcia de Adamantina.<\/p>\n<p style=\"text-align: justify;\">Ainda segundo a Pol\u00edcia Militar, no Plant\u00e3o Policial, mais calmas e seguras da pris\u00e3o do acusado, a m\u00e3e e a crian\u00e7a passaram a relatar que os fatos ocorreram no come\u00e7o deste m\u00eas (3\/6).<\/p>\n<p style=\"text-align: justify;\">Diante dos fatos, o delegado plantonista ouviu os envolvidos nesta ocorr\u00eancia e liberou autor para responder o processo em liberdade, haja vista que n\u00e3o se tratava de um crime em flagrante.<\/p>\n<p style=\"text-align: justify;\">O Conselho Tutelar acompanhou a ocorr\u00eancia e tomou as provid\u00eancias cab\u00edveis. A Pol\u00edcia Militar de Fl\u00f3rida Paulista vai investigar o caso.<\/p>\n<p style=\"text-align: justify;\"><strong>SEGUNDO CASO EM MENOS DE 15 DIAS<br \/>\n<\/strong><br \/>\nEste \u00e9 o segundo caso registrado pelas autoridades de estupro de vulner\u00e1vel em menos de 15 dias em Fl\u00f3rida Paulista.<\/p>\n<p style=\"text-align: justify;\">O caso anterior ocorreu no dia 30 de maio, quando uma crian\u00e7a de 8 anos de idade teria sido abusada por um idoso de 63 anos que foi preso e permanece detido \u00e0 disposi\u00e7\u00e3o da Justi\u00e7a.<\/p>\n<p style=\"text-align: justify;\">Fonte: Folha Regional<\/p>\n<p style=\"text-align: justify;\">Imagem Ilustrativa<\/p>\n<p style=\"text-align: justify;\">\n","protected":false},"excerpt":{"rendered":"<p>A Pol\u00edcia Militar de Fl\u00f3rida Paulista registrou na noite deste domingo (14), uma ocorr\u00eancia de estupro de vulner\u00e1vel. Segundo informou a Pol\u00edcia Militar, \u00e0 reportagem do jornal e site Folha Regional, a viatura foi acionada e compareceu ao Jardim Bela Vista onde deparou-se com a m\u00e3e e a crian\u00e7a que tem 9 anos de idade [&hellip;]<\/p>\n","protected":false},"author":1,"featured_media":28550,"comment_status":"closed","ping_status":"open","sticky":false,"template":"","format":"standard","meta":{"footnotes":""},"categories":[110,2],"tags":[],"class_list":["post-28549","post","type-post","status-publish","format-standard","has-post-thumbnail","hentry","category-noticiasdestaque","category-policial"],"_links":{"self":[{"href":"https:\/\/jorgezanoni.com.br\/2019\/wp-json\/wp\/v2\/posts\/28549","targetHints":{"allow":["GET"]}}],"collection":[{"href":"https:\/\/jorgezanoni.com.br\/2019\/wp-json\/wp\/v2\/posts"}],"about":[{"href":"https:\/\/jorgezanoni.com.br\/2019\/wp-json\/wp\/v2\/types\/post"}],"author":[{"embeddable":true,"href":"https:\/\/jorgezanoni.com.br\/2019\/wp-json\/wp\/v2\/users\/1"}],"replies":[{"embeddable":true,"href":"https:\/\/jorgezanoni.com.br\/2019\/wp-json\/wp\/v2\/comments?post=28549"}],"version-history":[{"count":0,"href":"https:\/\/jorgezanoni.com.br\/2019\/wp-json\/wp\/v2\/posts\/28549\/revisions"}],"wp:featuredmedia":[{"embeddable":true,"href":"https:\/\/jorgezanoni.com.br\/2019\/wp-json\/wp\/v2\/media\/28550"}],"wp:attachment":[{"href":"https:\/\/jorgezanoni.com.br\/2019\/wp-json\/wp\/v2\/media?parent=28549"}],"wp:term":[{"taxonomy":"category","embeddable":true,"href":"https:\/\/jorgezanoni.com.br\/2019\/wp-json\/wp\/v2\/categories?post=28549"},{"taxonomy":"post_tag","embeddable":true,"href":"https:\/\/jorgezanoni.com.br\/2019\/wp-json\/wp\/v2\/tags?post=28549"}],"curies":[{"name":"wp","href":"https:\/\/api.w.org\/{rel}","templated":true}]}}