{"id":28512,"date":"2020-06-14T18:36:08","date_gmt":"2020-06-14T18:36:08","guid":{"rendered":"https:\/\/jorgezanoni.com.br\/2019\/?p=28512"},"modified":"2020-06-14T18:36:08","modified_gmt":"2020-06-14T18:36:08","slug":"policiais-desconfiam-de-nervosismo-de-motorista-e-encontram-223-quilos-de-maconha-em-caminhao-bau","status":"publish","type":"post","link":"https:\/\/jorgezanoni.com.br\/2019\/policiais-desconfiam-de-nervosismo-de-motorista-e-encontram-223-quilos-de-maconha-em-caminhao-bau\/","title":{"rendered":"Policiais desconfiam de nervosismo de motorista e encontram 223 quilos de maconha em caminh\u00e3o-ba\u00fa"},"content":{"rendered":"<h2 class=\"content-head__subtitle\" style=\"text-align: justify;\"><strong>Conforme a Pol\u00edcia Rodovi\u00e1ria, 391 tabletes da droga estavam escondidos entre m\u00f3veis usados. Flagrante foi registrado na manh\u00e3 deste domingo (14), em Presidente Prudente.<\/strong><\/h2>\n<div class=\"mc-column content-text active-extra-styles \" data-block-type=\"unstyled\" data-block-weight=\"43\" data-block-id=\"2\">\n<p class=\"content-text__container \" style=\"text-align: justify;\" data-track-category=\"Link no Texto\" data-track-links=\"\">Um homem de 37 anos foi flagrado transportando 223,779 quilos de maconha em um caminh\u00e3o-ba\u00fa neste domingo (14). De acordo com a Pol\u00edcia Rodovi\u00e1ria, a abordagem foi feita por volta das 8h30, no km 561, da Rodovia Raposo Tavares (SP-270), em\u00a0<a href=\"https:\/\/g1.globo.com\/sp\/presidente-prudente-regiao\/cidade\/presidente-prudente\/\">Presidente Prudente<\/a>.<\/p>\n<\/div>\n<div class=\"wall protected-content\">\n<div class=\"mc-column content-text active-extra-styles \" style=\"text-align: justify;\" data-block-type=\"unstyled\" data-block-weight=\"36\" data-block-id=\"3\">\n<p class=\"content-text__container \" data-track-category=\"Link no Texto\" data-track-links=\"\">O flagrante foi feito durante a Opera\u00e7\u00e3o Corpus Christi, em combate ao tr\u00e1fico de drogas. Os policiais pararam o caminh\u00e3o com placas de Camb\u00e9 (PR), categoria aluguel, que era conduzido por um homem de 37 anos.<\/p>\n<\/div>\n<div class=\"mc-column content-text active-extra-styles \" style=\"text-align: justify;\" data-block-type=\"unstyled\" data-block-weight=\"31\" data-block-id=\"4\">\n<p class=\"content-text__container \" data-track-category=\"Link no Texto\" data-track-links=\"\">Ainda segundo a pol\u00edcia, o motorista apresentou nervosismo e deu respostas desencontradas sobre os motivos da viagem, o que levou a uma vistoria minuciosa em seus pertences pessoais e no ve\u00edculo.<\/p>\n<\/div>\n<div class=\"mc-column content-text active-extra-styles \" style=\"text-align: justify;\" data-block-type=\"unstyled\" data-block-weight=\"14\" data-block-id=\"5\">\n<p class=\"content-text__container \" data-track-category=\"Link no Texto\" data-track-links=\"\">Os policiais encontraram no compartimento de carga, entre m\u00f3veis usados, 391 tabletes de maconha.<\/p>\n<\/div>\n<div class=\"mc-column content-text active-extra-styles \" style=\"text-align: justify;\" data-block-type=\"unstyled\" data-block-weight=\"18\" data-block-id=\"6\">\n<p class=\"content-text__container \" data-track-category=\"Link no Texto\" data-track-links=\"\">O homem foi preso em flagrante por tr\u00e1fico de drogas e levado para a Delegacia de Pol\u00edcia Civil.<\/p>\n<\/div>\n<div class=\"row medium-uncollapsed content-media content-photo\" style=\"text-align: justify;\" data-block-type=\"backstage-photo\" data-block-id=\"7\">\n<div class=\"mc-column content-media__container\">\n<figure><img decoding=\"async\" class=\"i-amphtml-fill-content i-amphtml-replaced-content\" src=\"https:\/\/s2.glbimg.com\/V9utv0yCXXTDuXQMfh-2Bp9prcY=\/0x0:1280x590\/984x0\/smart\/filters:strip_icc()\/i.s3.glbimg.com\/v1\/AUTH_59edd422c0c84a879bd37670ae4f538a\/internal_photos\/bs\/2020\/A\/J\/uBBRqcRmyJQkixiWqbfA\/whatsapp-image-2020-06-14-at-09.43.55-2-.jpeg\" sizes=\"(max-width: 1242px) 648px, 100vw\" srcset=\"https:\/\/s2.glbimg.com\/Zt5Wcv3mXuQHGN0EZmeZ_ksFbDs=\/0x0:1280x590\/1000x0\/smart\/filters:strip_icc()\/i.s3.glbimg.com\/v1\/AUTH_59edd422c0c84a879bd37670ae4f538a\/internal_photos\/bs\/2020\/A\/J\/uBBRqcRmyJQkixiWqbfA\/whatsapp-image-2020-06-14-at-09.43.55-2-.jpeg 1000w, https:\/\/s2.glbimg.com\/V9utv0yCXXTDuXQMfh-2Bp9prcY=\/0x0:1280x590\/984x0\/smart\/filters:strip_icc()\/i.s3.glbimg.com\/v1\/AUTH_59edd422c0c84a879bd37670ae4f538a\/internal_photos\/bs\/2020\/A\/J\/uBBRqcRmyJQkixiWqbfA\/whatsapp-image-2020-06-14-at-09.43.55-2-.jpeg 984w, https:\/\/s2.glbimg.com\/N6rQ0-Q0cqYO-b-nTlClgTFj_5c=\/0x0:1280x590\/640x0\/smart\/filters:strip_icc()\/i.s3.glbimg.com\/v1\/AUTH_59edd422c0c84a879bd37670ae4f538a\/internal_photos\/bs\/2020\/A\/J\/uBBRqcRmyJQkixiWqbfA\/whatsapp-image-2020-06-14-at-09.43.55-2-.jpeg 640w, https:\/\/s2.glbimg.com\/CQwJqLQzuz5a_PmFv00FCsxer5Y=\/0x0:1280x590\/600x0\/smart\/filters:strip_icc()\/i.s3.glbimg.com\/v1\/AUTH_59edd422c0c84a879bd37670ae4f538a\/internal_photos\/bs\/2020\/A\/J\/uBBRqcRmyJQkixiWqbfA\/whatsapp-image-2020-06-14-at-09.43.55-2-.jpeg 600w\" alt=\"Tabletes de maconha estavam escondidos em um caminh\u00e3o-ba\u00fa \u2014 Foto: Pol\u00edcia Rodovi\u00e1ria\" \/><\/figure>\n<p class=\"content-media__description \">Tabletes de maconha estavam escondidos em um caminh\u00e3o-ba\u00fa \u2014 Foto: Pol\u00edcia Rodovi\u00e1ria<\/p>\n<\/div>\n<\/div>\n<div class=\"content-ads content-ads--reveal\" style=\"text-align: justify;\" data-block-type=\"ads\" data-block-id=\"8\">\n<div id=\"banner_materia2\" class=\"tag-manager-publicidade-container mc-has-reveal mc-has-ad-lazyload tag-manager-publicidade-banner_materia2 tag-manager-publicidade-container--carregado tag-manager-publicidade-container--visivel\" data-id=\"banner_materia2\" data-google-query-id=\"CMDqhP74geoCFXoGuQYdPfQITQ\" data-cid=\"138313595761\" data-lid=\"5388179951\">\n<div id=\"google_ads_iframe_\/95377733\/tvg_G1\/Sua_Regiao&gt;Sudeste&gt;Sao_Paulo_(Pres_Prudente)_2__container__\" style=\"box-sizing: inherit; margin: auto; padding: 0px; border: 0pt none; font: inherit; vertical-align: baseline; width: 970px; max-width: 100%; text-align: center;\"><img decoding=\"async\" class=\"i-amphtml-fill-content i-amphtml-replaced-content\" src=\"https:\/\/s2.glbimg.com\/X65-9Vwd2GFNs6A0MtgJA2GmC7E=\/0x0:1280x590\/984x0\/smart\/filters:strip_icc()\/i.s3.glbimg.com\/v1\/AUTH_59edd422c0c84a879bd37670ae4f538a\/internal_photos\/bs\/2020\/P\/F\/NGloSIRjy3FcH6eXD1Ag\/whatsapp-image-2020-06-14-at-09.43.56.jpeg\" sizes=\"(max-width: 1242px) 648px, 100vw\" srcset=\"https:\/\/s2.glbimg.com\/2DoToO5yyFx90DGLvqYKDeOoxSk=\/0x0:1280x590\/1000x0\/smart\/filters:strip_icc()\/i.s3.glbimg.com\/v1\/AUTH_59edd422c0c84a879bd37670ae4f538a\/internal_photos\/bs\/2020\/P\/F\/NGloSIRjy3FcH6eXD1Ag\/whatsapp-image-2020-06-14-at-09.43.56.jpeg 1000w, https:\/\/s2.glbimg.com\/X65-9Vwd2GFNs6A0MtgJA2GmC7E=\/0x0:1280x590\/984x0\/smart\/filters:strip_icc()\/i.s3.glbimg.com\/v1\/AUTH_59edd422c0c84a879bd37670ae4f538a\/internal_photos\/bs\/2020\/P\/F\/NGloSIRjy3FcH6eXD1Ag\/whatsapp-image-2020-06-14-at-09.43.56.jpeg 984w, https:\/\/s2.glbimg.com\/1gdxeYwvQnhPMGfEVKza0Er5hmU=\/0x0:1280x590\/640x0\/smart\/filters:strip_icc()\/i.s3.glbimg.com\/v1\/AUTH_59edd422c0c84a879bd37670ae4f538a\/internal_photos\/bs\/2020\/P\/F\/NGloSIRjy3FcH6eXD1Ag\/whatsapp-image-2020-06-14-at-09.43.56.jpeg 640w, https:\/\/s2.glbimg.com\/OnuhuaUWYuqJ2E3HnW7AYIpspPo=\/0x0:1280x590\/600x0\/smart\/filters:strip_icc()\/i.s3.glbimg.com\/v1\/AUTH_59edd422c0c84a879bd37670ae4f538a\/internal_photos\/bs\/2020\/P\/F\/NGloSIRjy3FcH6eXD1Ag\/whatsapp-image-2020-06-14-at-09.43.56.jpeg 600w\" alt=\"Pol\u00edcia Rodovi\u00e1ria apreendeu 391 tabletes de maconha \u2014 Foto: Pol\u00edcia Rodovi\u00e1ria\" \/><\/div>\n<\/div>\n<\/div>\n<div class=\"row medium-uncollapsed content-media content-photo\" data-block-type=\"backstage-photo\" data-block-id=\"9\">\n<div class=\"mc-column content-media__container\">\n<p class=\"content-media__description \" style=\"text-align: justify;\">Pol\u00edcia Rodovi\u00e1ria apreendeu 391 tabletes de maconha \u2014 Foto: Pol\u00edcia Rodovi\u00e1ria<\/p>\n<\/div>\n<\/div>\n<\/div>\n","protected":false},"excerpt":{"rendered":"<p>Conforme a Pol\u00edcia Rodovi\u00e1ria, 391 tabletes da droga estavam escondidos entre m\u00f3veis usados. Flagrante foi registrado na manh\u00e3 deste domingo (14), em Presidente Prudente. Um homem de 37 anos foi flagrado transportando 223,779 quilos de maconha em um caminh\u00e3o-ba\u00fa neste domingo (14). De acordo com a Pol\u00edcia Rodovi\u00e1ria, a abordagem foi feita por volta das [&hellip;]<\/p>\n","protected":false},"author":1,"featured_media":28513,"comment_status":"closed","ping_status":"open","sticky":false,"template":"","format":"standard","meta":{"footnotes":""},"categories":[110,2],"tags":[],"class_list":["post-28512","post","type-post","status-publish","format-standard","has-post-thumbnail","hentry","category-noticiasdestaque","category-policial"],"_links":{"self":[{"href":"https:\/\/jorgezanoni.com.br\/2019\/wp-json\/wp\/v2\/posts\/28512","targetHints":{"allow":["GET"]}}],"collection":[{"href":"https:\/\/jorgezanoni.com.br\/2019\/wp-json\/wp\/v2\/posts"}],"about":[{"href":"https:\/\/jorgezanoni.com.br\/2019\/wp-json\/wp\/v2\/types\/post"}],"author":[{"embeddable":true,"href":"https:\/\/jorgezanoni.com.br\/2019\/wp-json\/wp\/v2\/users\/1"}],"replies":[{"embeddable":true,"href":"https:\/\/jorgezanoni.com.br\/2019\/wp-json\/wp\/v2\/comments?post=28512"}],"version-history":[{"count":0,"href":"https:\/\/jorgezanoni.com.br\/2019\/wp-json\/wp\/v2\/posts\/28512\/revisions"}],"wp:featuredmedia":[{"embeddable":true,"href":"https:\/\/jorgezanoni.com.br\/2019\/wp-json\/wp\/v2\/media\/28513"}],"wp:attachment":[{"href":"https:\/\/jorgezanoni.com.br\/2019\/wp-json\/wp\/v2\/media?parent=28512"}],"wp:term":[{"taxonomy":"category","embeddable":true,"href":"https:\/\/jorgezanoni.com.br\/2019\/wp-json\/wp\/v2\/categories?post=28512"},{"taxonomy":"post_tag","embeddable":true,"href":"https:\/\/jorgezanoni.com.br\/2019\/wp-json\/wp\/v2\/tags?post=28512"}],"curies":[{"name":"wp","href":"https:\/\/api.w.org\/{rel}","templated":true}]}}