{"id":28501,"date":"2020-06-14T17:21:15","date_gmt":"2020-06-14T17:21:15","guid":{"rendered":"https:\/\/jorgezanoni.com.br\/2019\/?p=28501"},"modified":"2020-06-14T17:21:15","modified_gmt":"2020-06-14T17:21:15","slug":"rapaz-morre-em-batida-entre-motocicleta-e-carro-na-rodovia-angelo-rena","status":"publish","type":"post","link":"https:\/\/jorgezanoni.com.br\/2019\/rapaz-morre-em-batida-entre-motocicleta-e-carro-na-rodovia-angelo-rena\/","title":{"rendered":"Rapaz morre em batida entre motocicleta e carro na Rodovia \u00c2ngelo Rena"},"content":{"rendered":"<h2 class=\"content-head__subtitle\" style=\"text-align: justify;\"><strong>Conforme a Pol\u00edcia Militar, o acidente foi registrado na manh\u00e3 deste domingo (14), em Presidente Prudente. Per\u00edcia vai apurar as causas da colis\u00e3o.<\/strong><\/h2>\n<div class=\"mc-column content-text active-extra-styles \" data-block-type=\"unstyled\" data-block-weight=\"38\" data-block-id=\"2\">\n<p class=\"content-text__container \" style=\"text-align: justify;\" data-track-category=\"Link no Texto\" data-track-links=\"\">Um acidente entre uma motocicleta e um carro foi registrado na manh\u00e3 deste domingo (14), na Rodovia \u00c2ngelo Rena, pr\u00f3ximo ao km 6, em\u00a0<a href=\"https:\/\/g1.globo.com\/sp\/presidente-prudente-regiao\/cidade\/presidente-prudente\/\">Presidente Prudente<\/a>. De acordo com a Pol\u00edcia Militar, o motociclista de 27 anos morreu.<\/p>\n<\/div>\n<div class=\"wall protected-content\">\n<div class=\"mc-column content-text active-extra-styles \" style=\"text-align: justify;\" data-block-type=\"unstyled\" data-block-weight=\"44\" data-block-id=\"3\">\n<p class=\"content-text__container \" data-track-category=\"Link no Texto\" data-track-links=\"\">Ainda de acordo com a corpora\u00e7\u00e3o, o carro seguia sentido Presidente Prudente a Regente Feij\u00f3 quando o motociclista bateu na traseira e foi arremessado no acostamento. A v\u00edtima foi socorrida em estado grave, com politraumatismo, pelo Corpo de Bombeiros e levada ao Hospital Regional.<\/p>\n<\/div>\n<div class=\"mc-column content-text active-extra-styles \" style=\"text-align: justify;\" data-block-type=\"unstyled\" data-block-weight=\"27\" data-block-id=\"4\">\n<p class=\"content-text__container \" data-track-category=\"Link no Texto\" data-track-links=\"\">A PM informou que o rapaz, morador de Regente Feij\u00f3, n\u00e3o resistiu aos ferimentos e morreu. A per\u00edcia foi acionada e vai apurar as causas do acidente.<\/p>\n<\/div>\n<div class=\"row medium-uncollapsed content-media content-photo\" style=\"text-align: justify;\" data-block-type=\"backstage-photo\" data-block-id=\"5\">\n<div class=\"mc-column content-media__container\">\n<figure><img decoding=\"async\" class=\"i-amphtml-fill-content i-amphtml-replaced-content\" src=\"https:\/\/s2.glbimg.com\/zvEZqlFeG8eV4LL8RqwIjAhjkCQ=\/0x0:1257x813\/984x0\/smart\/filters:strip_icc()\/i.s3.glbimg.com\/v1\/AUTH_59edd422c0c84a879bd37670ae4f538a\/internal_photos\/bs\/2020\/X\/k\/hyKDdqTFSdnhOZlSLoaA\/acidente-4.jpg\" sizes=\"(max-width: 1242px) 648px, 100vw\" srcset=\"https:\/\/s2.glbimg.com\/xYzF9YHvOXMrLOXzAFAbG7-ufio=\/0x0:1257x813\/1000x0\/smart\/filters:strip_icc()\/i.s3.glbimg.com\/v1\/AUTH_59edd422c0c84a879bd37670ae4f538a\/internal_photos\/bs\/2020\/X\/k\/hyKDdqTFSdnhOZlSLoaA\/acidente-4.jpg 1000w, https:\/\/s2.glbimg.com\/zvEZqlFeG8eV4LL8RqwIjAhjkCQ=\/0x0:1257x813\/984x0\/smart\/filters:strip_icc()\/i.s3.glbimg.com\/v1\/AUTH_59edd422c0c84a879bd37670ae4f538a\/internal_photos\/bs\/2020\/X\/k\/hyKDdqTFSdnhOZlSLoaA\/acidente-4.jpg 984w, https:\/\/s2.glbimg.com\/Mmu9HEpBj6-IL0avAuEE4rOUjkE=\/0x0:1257x813\/640x0\/smart\/filters:strip_icc()\/i.s3.glbimg.com\/v1\/AUTH_59edd422c0c84a879bd37670ae4f538a\/internal_photos\/bs\/2020\/X\/k\/hyKDdqTFSdnhOZlSLoaA\/acidente-4.jpg 640w, https:\/\/s2.glbimg.com\/pOG8YYIUZ2SVISdCWhNrkzW_9uI=\/0x0:1257x813\/600x0\/smart\/filters:strip_icc()\/i.s3.glbimg.com\/v1\/AUTH_59edd422c0c84a879bd37670ae4f538a\/internal_photos\/bs\/2020\/X\/k\/hyKDdqTFSdnhOZlSLoaA\/acidente-4.jpg 600w\" alt=\"Acidente foi registrado na Rodovia \u00c2ngelo Rena, em Presidente Prudente \u2014 Foto: Pol\u00edcia Militar\" \/><\/figure>\n<p class=\"content-media__description \">Acidente foi registrado na Rodovia \u00c2ngelo Rena, em Presidente Prudente \u2014 Foto: Pol\u00edcia Militar<\/p>\n<\/div>\n<\/div>\n<div class=\"row medium-uncollapsed content-media content-photo\" style=\"text-align: justify;\" data-block-type=\"backstage-photo\" data-block-id=\"7\">\n<div class=\"mc-column content-media__container\">\n<figure><img decoding=\"async\" class=\"i-amphtml-fill-content i-amphtml-replaced-content\" src=\"https:\/\/s2.glbimg.com\/ki33o7ayaQGpGftfc-Ew9Zly8wg=\/0x0:932x638\/984x0\/smart\/filters:strip_icc()\/i.s3.glbimg.com\/v1\/AUTH_59edd422c0c84a879bd37670ae4f538a\/internal_photos\/bs\/2020\/x\/W\/PwP7GmTPCisaLKjZ0LPw\/acidente.jpg\" sizes=\"(max-width: 1242px) 648px, 100vw\" srcset=\"https:\/\/s2.glbimg.com\/KyuG_uOYAwhL6Okz04-oJFC9fgc=\/0x0:932x638\/1000x0\/smart\/filters:strip_icc()\/i.s3.glbimg.com\/v1\/AUTH_59edd422c0c84a879bd37670ae4f538a\/internal_photos\/bs\/2020\/x\/W\/PwP7GmTPCisaLKjZ0LPw\/acidente.jpg 1000w, https:\/\/s2.glbimg.com\/ki33o7ayaQGpGftfc-Ew9Zly8wg=\/0x0:932x638\/984x0\/smart\/filters:strip_icc()\/i.s3.glbimg.com\/v1\/AUTH_59edd422c0c84a879bd37670ae4f538a\/internal_photos\/bs\/2020\/x\/W\/PwP7GmTPCisaLKjZ0LPw\/acidente.jpg 984w, https:\/\/s2.glbimg.com\/yEpvEcqoUi9LHTysMWOgmpt9Z3w=\/0x0:932x638\/640x0\/smart\/filters:strip_icc()\/i.s3.glbimg.com\/v1\/AUTH_59edd422c0c84a879bd37670ae4f538a\/internal_photos\/bs\/2020\/x\/W\/PwP7GmTPCisaLKjZ0LPw\/acidente.jpg 640w, https:\/\/s2.glbimg.com\/a50TlHQ6J6eVUPqTOlIGetYpI4Y=\/0x0:932x638\/600x0\/smart\/filters:strip_icc()\/i.s3.glbimg.com\/v1\/AUTH_59edd422c0c84a879bd37670ae4f538a\/internal_photos\/bs\/2020\/x\/W\/PwP7GmTPCisaLKjZ0LPw\/acidente.jpg 600w\" alt=\"Acidente foi registrado na Rodovia \u00c2ngelo Rena, em Presidente Prudente \u2014 Foto: Pol\u00edcia Militar\" \/><\/figure>\n<p class=\"content-media__description \">Acidente foi registrado na Rodovia \u00c2ngelo Rena, em Presidente Prudente \u2014 Foto: Pol\u00edcia Militar<\/p>\n<\/div>\n<\/div>\n<div class=\"row medium-uncollapsed content-media content-photo\" data-block-type=\"backstage-photo\" data-block-id=\"8\">\n<div class=\"mc-column content-media__container\">\n<figure style=\"text-align: justify;\"><img decoding=\"async\" class=\"i-amphtml-fill-content i-amphtml-replaced-content\" src=\"https:\/\/s2.glbimg.com\/81-gTpVB2XVqYQR1_vwpBey8BGQ=\/0x0:1091x729\/984x0\/smart\/filters:strip_icc()\/i.s3.glbimg.com\/v1\/AUTH_59edd422c0c84a879bd37670ae4f538a\/internal_photos\/bs\/2020\/r\/5\/cbP42XSz68YTzS61emvQ\/acidente-3.jpg\" sizes=\"(max-width: 1242px) 648px, 100vw\" srcset=\"https:\/\/s2.glbimg.com\/xysfUOjCn0hCKWnbGGZ47G0Qvc4=\/0x0:1091x729\/1000x0\/smart\/filters:strip_icc()\/i.s3.glbimg.com\/v1\/AUTH_59edd422c0c84a879bd37670ae4f538a\/internal_photos\/bs\/2020\/r\/5\/cbP42XSz68YTzS61emvQ\/acidente-3.jpg 1000w, https:\/\/s2.glbimg.com\/81-gTpVB2XVqYQR1_vwpBey8BGQ=\/0x0:1091x729\/984x0\/smart\/filters:strip_icc()\/i.s3.glbimg.com\/v1\/AUTH_59edd422c0c84a879bd37670ae4f538a\/internal_photos\/bs\/2020\/r\/5\/cbP42XSz68YTzS61emvQ\/acidente-3.jpg 984w, https:\/\/s2.glbimg.com\/NwEJKhCR0_3o9YvFb5WTtZ96dbU=\/0x0:1091x729\/640x0\/smart\/filters:strip_icc()\/i.s3.glbimg.com\/v1\/AUTH_59edd422c0c84a879bd37670ae4f538a\/internal_photos\/bs\/2020\/r\/5\/cbP42XSz68YTzS61emvQ\/acidente-3.jpg 640w, https:\/\/s2.glbimg.com\/ko3J7Q2Xvxt3Fa0hQM8Rryb66Ro=\/0x0:1091x729\/600x0\/smart\/filters:strip_icc()\/i.s3.glbimg.com\/v1\/AUTH_59edd422c0c84a879bd37670ae4f538a\/internal_photos\/bs\/2020\/r\/5\/cbP42XSz68YTzS61emvQ\/acidente-3.jpg 600w\" alt=\"Acidente foi registrado na Rodovia \u00c2ngelo Rena, em Presidente Prudente \u2014 Foto: Pol\u00edcia Militar\" \/><\/figure>\n<p class=\"content-media__description \" style=\"text-align: justify;\">Acidente foi registrado na Rodovia \u00c2ngelo Rena, em Presidente Prudente \u2014 Foto: Pol\u00edcia Militar<\/p>\n<p>Fonte: G1<\/p>\n<\/div>\n<\/div>\n<\/div>\n","protected":false},"excerpt":{"rendered":"<p>Conforme a Pol\u00edcia Militar, o acidente foi registrado na manh\u00e3 deste domingo (14), em Presidente Prudente. Per\u00edcia vai apurar as causas da colis\u00e3o. Um acidente entre uma motocicleta e um carro foi registrado na manh\u00e3 deste domingo (14), na Rodovia \u00c2ngelo Rena, pr\u00f3ximo ao km 6, em\u00a0Presidente Prudente. De acordo com a Pol\u00edcia Militar, o [&hellip;]<\/p>\n","protected":false},"author":1,"featured_media":28502,"comment_status":"closed","ping_status":"open","sticky":false,"template":"","format":"standard","meta":{"footnotes":""},"categories":[170,110],"tags":[],"class_list":["post-28501","post","type-post","status-publish","format-standard","has-post-thumbnail","hentry","category-acidentes","category-noticiasdestaque"],"_links":{"self":[{"href":"https:\/\/jorgezanoni.com.br\/2019\/wp-json\/wp\/v2\/posts\/28501","targetHints":{"allow":["GET"]}}],"collection":[{"href":"https:\/\/jorgezanoni.com.br\/2019\/wp-json\/wp\/v2\/posts"}],"about":[{"href":"https:\/\/jorgezanoni.com.br\/2019\/wp-json\/wp\/v2\/types\/post"}],"author":[{"embeddable":true,"href":"https:\/\/jorgezanoni.com.br\/2019\/wp-json\/wp\/v2\/users\/1"}],"replies":[{"embeddable":true,"href":"https:\/\/jorgezanoni.com.br\/2019\/wp-json\/wp\/v2\/comments?post=28501"}],"version-history":[{"count":0,"href":"https:\/\/jorgezanoni.com.br\/2019\/wp-json\/wp\/v2\/posts\/28501\/revisions"}],"wp:featuredmedia":[{"embeddable":true,"href":"https:\/\/jorgezanoni.com.br\/2019\/wp-json\/wp\/v2\/media\/28502"}],"wp:attachment":[{"href":"https:\/\/jorgezanoni.com.br\/2019\/wp-json\/wp\/v2\/media?parent=28501"}],"wp:term":[{"taxonomy":"category","embeddable":true,"href":"https:\/\/jorgezanoni.com.br\/2019\/wp-json\/wp\/v2\/categories?post=28501"},{"taxonomy":"post_tag","embeddable":true,"href":"https:\/\/jorgezanoni.com.br\/2019\/wp-json\/wp\/v2\/tags?post=28501"}],"curies":[{"name":"wp","href":"https:\/\/api.w.org\/{rel}","templated":true}]}}