{"id":28493,"date":"2020-06-14T14:13:15","date_gmt":"2020-06-14T14:13:15","guid":{"rendered":"https:\/\/jorgezanoni.com.br\/2019\/?p=28493"},"modified":"2020-06-14T14:23:18","modified_gmt":"2020-06-14T14:23:18","slug":"ex-jogador-de-basquete-e-morto-a-facadas-por-ex-jogador-de-futsal","status":"publish","type":"post","link":"https:\/\/jorgezanoni.com.br\/2019\/ex-jogador-de-basquete-e-morto-a-facadas-por-ex-jogador-de-futsal\/","title":{"rendered":"Ex-jogador de basquete \u00e9 morto a facadas por ex-jogador de futsal que j\u00e1 atuou por Dracena"},"content":{"rendered":"<p style=\"text-align: justify;\">Um desentendimento no final da tarde de ontem, 13, terminou com a morte do ex-jogador de basquete, Evandro Jos\u00e9 Cova (41 anos). O autor do homic\u00eddio \u00e9 o ex-jogador de futsal Carlos C\u00e9sar Clapis.<\/p>\n<p><img loading=\"lazy\" decoding=\"async\" class=\"alignnone size-full wp-image-28498\" src=\"https:\/\/jorgezanoni.com.br\/2019\/wp-content\/uploads\/2020\/06\/vitima-fatal-1.jpg\" alt=\"\" width=\"1536\" height=\"948\" srcset=\"https:\/\/jorgezanoni.com.br\/2019\/wp-content\/uploads\/2020\/06\/vitima-fatal-1.jpg 1536w, https:\/\/jorgezanoni.com.br\/2019\/wp-content\/uploads\/2020\/06\/vitima-fatal-1-300x185.jpg 300w, https:\/\/jorgezanoni.com.br\/2019\/wp-content\/uploads\/2020\/06\/vitima-fatal-1-1024x632.jpg 1024w, https:\/\/jorgezanoni.com.br\/2019\/wp-content\/uploads\/2020\/06\/vitima-fatal-1-768x474.jpg 768w, https:\/\/jorgezanoni.com.br\/2019\/wp-content\/uploads\/2020\/06\/vitima-fatal-1-356x220.jpg 356w, https:\/\/jorgezanoni.com.br\/2019\/wp-content\/uploads\/2020\/06\/vitima-fatal-1-696x430.jpg 696w, https:\/\/jorgezanoni.com.br\/2019\/wp-content\/uploads\/2020\/06\/vitima-fatal-1-1068x659.jpg 1068w, https:\/\/jorgezanoni.com.br\/2019\/wp-content\/uploads\/2020\/06\/vitima-fatal-1-681x420.jpg 681w\" sizes=\"auto, (max-width: 1536px) 100vw, 1536px\" \/><\/p>\n<p style=\"text-align: justify;\">O fato aconteceu na avenida Brasil, defronte a Igreja Universal do Reino de Deus, em Osvaldo Cruz. Segundo consta no Boletim de Ocorr\u00eancia (B.O.) da Pol\u00edcia Militar, Clapis declarou que j\u00e1 vinha ocorrendo v\u00e1rios desentendimentos entre ele e a v\u00edtima devido a separa\u00e7\u00e3o de Clapis e sua ex-mulher, M\u00e1rcia, que era a atual esposa do ex-atleta de basquete.<\/p>\n<p style=\"text-align: justify;\">Na tarde de ontem, 13, Clapis e Evandro voltaram a se desentender entrando em luta corporal. Segundo Clapis, para se defender, ele desferiu dois golpes com uma faca que estava em sua posse na regi\u00e3o das pernas da v\u00edtima que veio a cair ao solo.<\/p>\n<p style=\"text-align: justify;\">A v\u00edtima chegou a ser socorrida no Pronto Socorro da Santa Casa de Osvaldo Cruz, mas n\u00e3o resistiu os ferimentos devido \u00e0 perda de sangue e veio a \u00f3bito.<\/p>\n<p style=\"text-align: justify;\">O ex-jogador de futsal foi preso em flagrante pela Pol\u00edcia Militar e encaminhado para o plant\u00e3o policial onde a Dra. Patr\u00edcia Vasconcelo ratificou a pris\u00e3o por homic\u00eddio simples onde, caso venha a ser condenado, pode gerar uma pena de seis a 20 anos de pris\u00e3o.<\/p>\n<p style=\"text-align: justify;\">Carlos C\u00e9sar Clapis atuou no futsal regional no passado. Destaque por onde passou, o ex-jogador Clapis teve passagem no futsal por v\u00e1rias equipes da regi\u00e3o, como Adamantina e Dracena, al\u00e9m de j\u00e1 ter jogado por Osvaldo Cruz.<\/p>\n<p style=\"text-align: justify;\">Atualmente, fora das quadras, Clapis \u00e9 vendedor no com\u00e9rcio local.<\/p>\n<p style=\"text-align: justify;\"><strong>A v\u00edtima fatal<\/strong><\/p>\n<p style=\"text-align: justify;\">Evandro Jos\u00e9 Cova tamb\u00e9m teve seus tempos de gl\u00f3ria em quadra, mas pelo basquete. Com passagens em grandes equipes cariocas, como Flamengo e Vasco da Gama, Evandro tamb\u00e9m atuou em equipes internacionais.<\/p>\n<p style=\"text-align: justify;\">Em entrevista ao\u00a0<em>Jornal Cidade Aberta<\/em>\u00a0em 2010, Evandro fez um breve resumo de sua hist\u00f3ria dentro do basquete.<\/p>\n<p style=\"text-align: justify;\">\u201cComecei [no basquete] com o professor Douglas Modon\u00e9si na escolinha do Gin\u00e1sio de Esportes e a\u00ed eu comecei a me destacar. Foi quando o Marcelo Crepaldi [Lelo] me levou para o time do Clube das Bandeiras, onde eu tive uma evolu\u00e7\u00e3o muito grande. Eu fui daquele garoto que entre a bola e o estudo, ficou com a bola. Fui embora quando eu tinha aproximadamente 12 ou 13 anos. O Adilson [Adilson \u00c9dson Mathias, o conhecido Adilson Investigador] me levou para os Jogos Regionais em Pen\u00e1polis e l\u00e1 estava um dos melhores times, em estrutura: Jales, que era patrocinado pelo Banespa e o Adilson me encaminhou. Eu estava este ano [2010] aqui na cidade meio que perdido, sem saber para onde ir. Ai houve uma conversa entre o Adilson e o ex-jogador Gerson Victalino (campe\u00e3o Pan-Americano pelo Brasil) e eu pude expor a minha situa\u00e7\u00e3o para eles. Eu tinha uma proposta do Vasco e eles me ajudaram e eu fui. Todo mundo sabe que o Vasco passa por problemas financeiros e, ao chegar l\u00e1, o ex-jogador que hoje vive em Los Angeles [Estados Unidos], Sandro Varej\u00e3o, me disse que queria me representar. Entrei no projeto com ele fui encaminhado \u00e0 Lima [Peru]. Agora, tenho um itiner\u00e1rio para seguir: Mar Del Plata [Argentina],\u00a0 Vi\u00f1a Del Mar [Chile] e possivelmente Caracas [Venezuela]\u201d.<\/p>\n<p style=\"text-align: justify;\">Fora das quadras, Evandro tinha uma vida pol\u00eamica.<\/p>\n<p style=\"text-align: justify;\">Durante uma fase de sua vida em que esteve residindo na Europa, Evandro recebeu acusa\u00e7\u00e3o de pedofilia na Fran\u00e7a, retornando ao Brasil posteriormente.<\/p>\n<p style=\"text-align: justify;\">Em 2014, Evandro teve seu nome indiciado no artigo 171, sendo acusado de, no dias 16 e 23 de maio daquele ano, ter obtido vantagem il\u00edcita sobre uma mulher de quem Evandro havia pego para si\u00a0 a quantia de R$ 3.110,00 sob a promessa de levar o filho dela (na \u00e9poca, um adolescente de 17 anos), para disputar no basquete internacional, representando uma equipe peruana que participaria de um campeonato nos Estados Unidos.<\/p>\n<p style=\"text-align: justify;\">No come\u00e7o do ano, o nome de Evandro recebeu destaque nas not\u00edcias policiais do jornal peruano El Popular. Na reportagem, a ex-mulher de Evandro, Elislaine Pereira Cova, o acusa de t\u00ea-la abandonado no Peru. Leia a mat\u00e9ria completa aqui:\u00a0<a href=\"https:\/\/elpopular.pe\/mundo\/250182-brasil-brasilena-vive-lima-abandonada-esposo-trajo-enganosn-violencia-mujer-violacion-feminicidio\">https:\/\/elpopular.pe\/mundo\/250182-brasil-brasilena-vive-lima-abandonada-esposo-trajo-enganosn-violencia-mujer-violacion-feminicidio<\/a><\/p>\n<p style=\"text-align: justify;\">Fonte: https:\/\/www.jornalcidadeaberta.com.br\/ex-jogador-de-basquete-e-morto-a-facadas-por-ex-jogador-de-futsal\/<\/p>\n","protected":false},"excerpt":{"rendered":"<p>Um desentendimento no final da tarde de ontem, 13, terminou com a morte do ex-jogador de basquete, Evandro Jos\u00e9 Cova (41 anos). O autor do homic\u00eddio \u00e9 o ex-jogador de futsal Carlos C\u00e9sar Clapis. O fato aconteceu na avenida Brasil, defronte a Igreja Universal do Reino de Deus, em Osvaldo Cruz. Segundo consta no Boletim [&hellip;]<\/p>\n","protected":false},"author":1,"featured_media":28495,"comment_status":"closed","ping_status":"open","sticky":false,"template":"","format":"standard","meta":{"footnotes":""},"categories":[110,2],"tags":[],"class_list":["post-28493","post","type-post","status-publish","format-standard","has-post-thumbnail","hentry","category-noticiasdestaque","category-policial"],"_links":{"self":[{"href":"https:\/\/jorgezanoni.com.br\/2019\/wp-json\/wp\/v2\/posts\/28493","targetHints":{"allow":["GET"]}}],"collection":[{"href":"https:\/\/jorgezanoni.com.br\/2019\/wp-json\/wp\/v2\/posts"}],"about":[{"href":"https:\/\/jorgezanoni.com.br\/2019\/wp-json\/wp\/v2\/types\/post"}],"author":[{"embeddable":true,"href":"https:\/\/jorgezanoni.com.br\/2019\/wp-json\/wp\/v2\/users\/1"}],"replies":[{"embeddable":true,"href":"https:\/\/jorgezanoni.com.br\/2019\/wp-json\/wp\/v2\/comments?post=28493"}],"version-history":[{"count":0,"href":"https:\/\/jorgezanoni.com.br\/2019\/wp-json\/wp\/v2\/posts\/28493\/revisions"}],"wp:featuredmedia":[{"embeddable":true,"href":"https:\/\/jorgezanoni.com.br\/2019\/wp-json\/wp\/v2\/media\/28495"}],"wp:attachment":[{"href":"https:\/\/jorgezanoni.com.br\/2019\/wp-json\/wp\/v2\/media?parent=28493"}],"wp:term":[{"taxonomy":"category","embeddable":true,"href":"https:\/\/jorgezanoni.com.br\/2019\/wp-json\/wp\/v2\/categories?post=28493"},{"taxonomy":"post_tag","embeddable":true,"href":"https:\/\/jorgezanoni.com.br\/2019\/wp-json\/wp\/v2\/tags?post=28493"}],"curies":[{"name":"wp","href":"https:\/\/api.w.org\/{rel}","templated":true}]}}